{"id":708,"date":"2014-08-28T00:27:33","date_gmt":"2014-08-28T03:27:33","guid":{"rendered":"https:\/\/blogs.gazetaesportiva.com\/albertohelena\/?p=708"},"modified":"2014-08-28T00:43:48","modified_gmt":"2014-08-28T03:43:48","slug":"timao-e-verdao-diferentes-na-derrota","status":"publish","type":"post","link":"https:\/\/blogs.gazetaesportiva.com\/albertohelena\/2014\/08\/28\/timao-e-verdao-diferentes-na-derrota\/","title":{"rendered":"Tim\u00e3o e Verd\u00e3o, diferentes na derrota"},"content":{"rendered":"<figure id=\"attachment_711\" aria-describedby=\"caption-attachment-711\" style=\"width: 640px\" class=\"wp-caption aligncenter\"><a href=\"https:\/\/blogs.gazetaesportiva.com\/albertohelena\/files\/2014\/08\/helena10.jpg\"><img loading=\"lazy\" decoding=\"async\" data-attachment-id=\"711\" data-permalink=\"https:\/\/blogs.gazetaesportiva.com\/albertohelena\/2014\/08\/28\/timao-e-verdao-diferentes-na-derrota\/helena-22\/\" data-orig-file=\"https:\/\/blogs.gazetaesportiva.com\/albertohelena\/files\/2014\/08\/helena10.jpg\" data-orig-size=\"640,415\" data-comments-opened=\"1\" data-image-meta=\"{&quot;aperture&quot;:&quot;0&quot;,&quot;credit&quot;:&quot;&quot;,&quot;camera&quot;:&quot;&quot;,&quot;caption&quot;:&quot;&quot;,&quot;created_timestamp&quot;:&quot;0&quot;,&quot;copyright&quot;:&quot;&quot;,&quot;focal_length&quot;:&quot;0&quot;,&quot;iso&quot;:&quot;0&quot;,&quot;shutter_speed&quot;:&quot;0&quot;,&quot;title&quot;:&quot;&quot;}\" data-image-title=\"Djalma Vass\u00e3o\/Gazeta Press\" data-image-description=\"\" data-image-caption=\"&lt;p&gt;Djalma Vass\u00e3o\/Gazeta Press&lt;\/p&gt;\n\" data-medium-file=\"https:\/\/blogs.gazetaesportiva.com\/albertohelena\/files\/2014\/08\/helena10.jpg\" data-large-file=\"https:\/\/blogs.gazetaesportiva.com\/albertohelena\/files\/2014\/08\/helena10.jpg\" class=\"size-full wp-image-711\" alt=\"Djalma Vass\u00e3o\/Gazeta Press\" src=\"https:\/\/blogs.gazetaesportiva.com\/albertohelena\/files\/2014\/08\/helena10.jpg\" width=\"640\" height=\"415\" \/><\/a><figcaption id=\"caption-attachment-711\" class=\"wp-caption-text\">Djalma Vass\u00e3o\/Gazeta Press<\/figcaption><\/figure>\n<p>Corinthians e Palmeiras perderam pelo mesmo placar &#8211; 1 a 0 &#8211; nos jogos de ida das oitavas de final da Copa do Brasil.<\/p>\n<p>Mas, h\u00e1 algumas diferen\u00e7as. A principal \u00e9 que, enquanto o Tim\u00e3o enfrentava um time da Segunda Divis\u00e3o, o Bragantino, com quase trinta mil fi\u00e9is na Arena Pantanal, em Cuiab\u00e1, o Palmeiras pegava o forte Galo, num Pacaembu \u00e0 meia-boca.<\/p>\n<p>Ah, mas o Bragantino j\u00e1 havia eliminado o S\u00e3o Paulo, num dos maiores vexames da hist\u00f3ria tricolor, ainda outro dia. \u00c9 verdade. Por isso mesmo, o Corinthians entrou em campo pisando em ovos, olhando para todos os lados, com os os cuidados que o caso exigia.<\/p>\n<p>Talvez, demais, pois passou o primeiro tempo todo mais preocupado em impedir o advers\u00e1rio de jogar do que em arriscar-se um pouco mais em busca da vantagem no placar. Melhor para o Massa, que segurou as pontas at\u00e9 aquele disparo fatal de Sandro, o melhor em campo, l\u00e1 do meio da rua, que C\u00e1ssio n\u00e3o alcan\u00e7ou apesar de toda a sua altura, logo aos 11 minutos do segundo tempo.<\/p>\n<p>S\u00f3 a partir da\u00ed, e com as mudan\u00e7as efetuadas por Mano &#8211; as entradas de Romarinho, Jadson e Romero -, foi que o Tim\u00e3o avan\u00e7ou suas linhas e passou a dar um aperto na defesa do Braga, meteu bola na trave e tal e cousa e lousa e maripousa.<\/p>\n<p>J\u00e1 o Palmeiras, no seu primeiro dia de cem anos, entrou em campo sem alguns titulares, embora seja dif\u00edcil dizer quem o \u00e9 nesse time que j\u00e1 teve trinta e oito forma\u00e7\u00f5es diferentes em quarenta e um jogos. Ao contr\u00e1rio do Galo, que veio completo, dominou a bola e os espa\u00e7os a maior parte do tempo, mas esbarrou no goleiro F\u00e1bio, que praticou, por baixo, tr\u00eas milagres. E s\u00f3 foi alcan\u00e7ar a vit\u00f3ria num peixinho de Luan &#8211; sempre ele! -, em cruzamento de Maicosuel, aos 25 da etapa final.<\/p>\n<p>Ah, sim, h\u00e1 a hist\u00f3ria do p\u00eanalti perdido por Henrique. Pra come\u00e7o de conversa, confesso que n\u00e3o achei faltosa a jogada em que o juiz marcou p\u00eanalti, apenas uma disputa de bola, corpo a corpo. Al\u00e9m do mais, houve, sim, invas\u00e3o na primeira cobran\u00e7a, convertida por Henrique. Se a turma estivesse ligada, aquele gol poderia mudar o curso do jogo. Um pouco, diria, pois o Atl\u00e9tico, tecnicamente, \u00e9 superior ao Verd\u00e3o.<\/p>\n<p>Pior foi o Flamengo, que, no Couto Pereira, levou de 3 a 0 do Coritiba, o que pode quebrar o encanto lan\u00e7ado sobre o time com a chegada de Luxemburgo e a r\u00e1pida escapada da zona da morte do Brasileir\u00e3o.<\/p>\n<p>E assim caminha a Copa do Brasil &#8211; uma surpresa a cada rodada.<\/p>\n<p>Surpresa? Surpresa mesmo seria o Santa Rita aprontar pra cima do Cruzeiro. Mas, pode tirar o cavalinho da chuva que ali, na Toca da Raposa, o buraco \u00e9 mais embaixo. E, mesmo sem seus dois principais jogadores &#8211; o rei das assist\u00eancias, Everton Ribeiro, e o artilheiro do Brasileir\u00e3o, Ricardo Goulart -, o Cruzeiro meteu 5 a 0 no Santinha. Placar modesto, diga-se, diante do volume de chances criadas pela Raposa, que atirou tr\u00eas bolas nas traves, teve um gol mal anulado pelo juiz e fez a fama do at\u00e9 ent\u00e3o an\u00f4nimo goleiro Jefferson, autor de cinco defesas providenciais.<\/p>\n<p>Surpresa mesmo seria ver os demais times brasileiros imitando esse Cruzeiro de Marcelo Oliveira. Isso, sim, seria uma bela surpresa neste modorrento futebol brasileiro.<\/p>\n<p>&nbsp;<\/p>\n","protected":false},"excerpt":{"rendered":"<p>Corinthians e Palmeiras perderam pelo mesmo placar &#8211; 1 a 0 &#8211; nos jogos de ida das oitavas de final da Copa do Brasil. Mas, <a class=\"read-more\" href=\"https:\/\/blogs.gazetaesportiva.com\/albertohelena\/2014\/08\/28\/timao-e-verdao-diferentes-na-derrota\/\">leia mais<\/a><\/p>\n","protected":false},"author":46,"featured_media":711,"comment_status":"open","ping_status":"open","sticky":false,"template":"","format":"standard","meta":{"_jetpack_newsletter_access":"","_jetpack_dont_email_post_to_subs":false,"_jetpack_newsletter_tier_id":0,"_jetpack_memberships_contains_paywalled_content":false,"_jetpack_memberships_contains_paid_content":false,"footnotes":""},"categories":[1],"tags":[],"class_list":["post-708","post","type-post","status-publish","format-standard","has-post-thumbnail","hentry","category-sem-categoria"],"jetpack_featured_media_url":"https:\/\/blogs.gazetaesportiva.com\/albertohelena\/files\/2014\/08\/helena10.jpg","jetpack_sharing_enabled":true,"jetpack_shortlink":"https:\/\/wp.me\/pekB7q-bq","_links":{"self":[{"href":"https:\/\/blogs.gazetaesportiva.com\/albertohelena\/wp-json\/wp\/v2\/posts\/708","targetHints":{"allow":["GET"]}}],"collection":[{"href":"https:\/\/blogs.gazetaesportiva.com\/albertohelena\/wp-json\/wp\/v2\/posts"}],"about":[{"href":"https:\/\/blogs.gazetaesportiva.com\/albertohelena\/wp-json\/wp\/v2\/types\/post"}],"author":[{"embeddable":true,"href":"https:\/\/blogs.gazetaesportiva.com\/albertohelena\/wp-json\/wp\/v2\/users\/46"}],"replies":[{"embeddable":true,"href":"https:\/\/blogs.gazetaesportiva.com\/albertohelena\/wp-json\/wp\/v2\/comments?post=708"}],"version-history":[{"count":0,"href":"https:\/\/blogs.gazetaesportiva.com\/albertohelena\/wp-json\/wp\/v2\/posts\/708\/revisions"}],"wp:featuredmedia":[{"embeddable":true,"href":"https:\/\/blogs.gazetaesportiva.com\/albertohelena\/wp-json\/wp\/v2\/media\/711"}],"wp:attachment":[{"href":"https:\/\/blogs.gazetaesportiva.com\/albertohelena\/wp-json\/wp\/v2\/media?parent=708"}],"wp:term":[{"taxonomy":"category","embeddable":true,"href":"https:\/\/blogs.gazetaesportiva.com\/albertohelena\/wp-json\/wp\/v2\/categories?post=708"},{"taxonomy":"post_tag","embeddable":true,"href":"https:\/\/blogs.gazetaesportiva.com\/albertohelena\/wp-json\/wp\/v2\/tags?post=708"}],"curies":[{"name":"wp","href":"https:\/\/api.w.org\/{rel}","templated":true}]}}