{"id":7073,"date":"2015-12-14T20:36:37","date_gmt":"2015-12-14T22:36:37","guid":{"rendered":"https:\/\/blogs.gazetaesportiva.com\/albertohelena\/?p=7073"},"modified":"2015-12-14T21:31:19","modified_gmt":"2015-12-14T23:31:19","slug":"e-o-arsenal-perde-a-lideranca","status":"publish","type":"post","link":"https:\/\/blogs.gazetaesportiva.com\/albertohelena\/2015\/12\/14\/e-o-arsenal-perde-a-lideranca\/","title":{"rendered":"E o Arsenal perde a lideran\u00e7a"},"content":{"rendered":"<figure id=\"attachment_7085\" aria-describedby=\"caption-attachment-7085\" style=\"width: 800px\" class=\"wp-caption aligncenter\"><a href=\"https:\/\/blogs.gazetaesportiva.com\/albertohelena\/files\/2015\/12\/chelseahelena.jpg\"><img loading=\"lazy\" decoding=\"async\" data-attachment-id=\"7085\" data-permalink=\"https:\/\/blogs.gazetaesportiva.com\/albertohelena\/2015\/12\/14\/e-o-arsenal-perde-a-lideranca\/chelseahelena\/\" data-orig-file=\"https:\/\/blogs.gazetaesportiva.com\/albertohelena\/files\/2015\/12\/chelseahelena.jpg\" data-orig-size=\"800,543\" data-comments-opened=\"1\" data-image-meta=\"{&quot;aperture&quot;:&quot;0&quot;,&quot;credit&quot;:&quot;&quot;,&quot;camera&quot;:&quot;&quot;,&quot;caption&quot;:&quot;&quot;,&quot;created_timestamp&quot;:&quot;0&quot;,&quot;copyright&quot;:&quot;&quot;,&quot;focal_length&quot;:&quot;0&quot;,&quot;iso&quot;:&quot;0&quot;,&quot;shutter_speed&quot;:&quot;0&quot;,&quot;title&quot;:&quot;&quot;,&quot;orientation&quot;:&quot;0&quot;}\" data-image-title=\"chelseahelena\" data-image-description=\"\" data-image-caption=\"&lt;p&gt;Foto: AFP&lt;\/p&gt;\n\" data-medium-file=\"https:\/\/blogs.gazetaesportiva.com\/albertohelena\/files\/2015\/12\/chelseahelena-300x204.jpg\" data-large-file=\"https:\/\/blogs.gazetaesportiva.com\/albertohelena\/files\/2015\/12\/chelseahelena.jpg\" class=\"size-full wp-image-7085\" src=\"https:\/\/blogs.gazetaesportiva.com\/albertohelena\/files\/2015\/12\/chelseahelena.jpg\" alt=\"Foto: AFP\" width=\"800\" height=\"543\" srcset=\"https:\/\/blogs.gazetaesportiva.com\/albertohelena\/files\/2015\/12\/chelseahelena.jpg 800w, https:\/\/blogs.gazetaesportiva.com\/albertohelena\/files\/2015\/12\/chelseahelena-300x204.jpg 300w, https:\/\/blogs.gazetaesportiva.com\/albertohelena\/files\/2015\/12\/chelseahelena-120x80.jpg 120w\" sizes=\"auto, (max-width: 800px) 100vw, 800px\" \/><\/a><figcaption id=\"caption-attachment-7085\" class=\"wp-caption-text\">Foto: AFP<\/figcaption><\/figure>\n<p>O Arsenal \u00e9 o time que vem jogando o futebol mais prazeroso da Inglaterra, num estilo pr\u00f3ximo ao do Bar\u00e7a, na Espanha, e do Bayern, na Alemanha. Mas, acaba de perder a lideran\u00e7a do campeonato para o modesto Leicester que bateu o Chelsea nesta segunda, por 2 a 1.<\/p>\n<p>Justamente no dia em que ficou sabendo seu pr\u00f3ximo advers\u00e1rio nas oitavas de final da Liga dos Campe\u00f5es. Ningu\u00e9m menos do que o Bar\u00e7a.<\/p>\n<p>Vale roubar o d\u00edstico hist\u00f3rico do Botafogo: h\u00e1 coisas que s\u00f3 acontecem com o Arsenal. Ou, ent\u00e3o, cotej\u00e1-lo com aquela Lusa dos anos 50, um tima\u00e7o encantador que, por isso ou aquilo, n\u00e3o conseguia levantar um t\u00edtulo, a n\u00e3o ser este ou aquele Rio-S\u00e3o Paulo, numa \u00e9poca em que valia mesmo o estadual.<\/p>\n<p>Bem, voltando ao Leicester diante do Chelsea, vale dizer que o l\u00edder limitou-se a se defender a maior parte do tempo, apostando na sua dupla de ataque, ungida: Mahrez, um craque franco-argelino, canhoto, h\u00e1bil e veloz, e o artilheiro do campeonato Vardy, centroavante din\u00e2mico e oportunista.<\/p>\n<p>Ambos t\u00eam feito tudo pelo Leicester. Quando n\u00e3o marcam, d\u00e3o a assist\u00eancia fatal.<\/p>\n<p>Nesta tarde de segunda, Mahrez meteu aquela bola exata para Vardy se antecipar aos dois beques e ao goleiro e tocar \u00e0s redes. Em seguida, Mahrez matou com o p\u00e9 direito bola al\u00e7ada \u00e0 \u00e1rea, deu duas bandas em Aspilicueta, e completou com um tapa da face interna da canhota no \u00e2ngulo oposto do goleiro &#8211; um gola\u00e7o.<\/p>\n<p>O t\u00e9cnico Mourinho demorou para mexer no time. E, quando o fez, acertou na mosca. Sacou do banco F\u00e0bregas, tirando Terry e passando o volante Matic para a zaga. O time ganhou a organiza\u00e7\u00e3o que lhe faltava no meio de campo. E, com a entrada de Remy no lugar de Oscar, aumentou a for\u00e7a ofensiva. Resultado: em poucos minutos, o Chelsea perdeu dois gols feitos, com Diego Costa e Ivanovic, at\u00e9 que acerta as redes, com Remy, de cabe\u00e7a.<\/p>\n<p>&nbsp;<\/p>\n<p>&nbsp;<\/p>\n<p>&nbsp;<\/p>\n<p>&nbsp;<\/p>\n","protected":false},"excerpt":{"rendered":"<p>O Arsenal \u00e9 o time que vem jogando o futebol mais prazeroso da Inglaterra, num estilo pr\u00f3ximo ao do Bar\u00e7a, na Espanha, e do Bayern, <a class=\"read-more\" href=\"https:\/\/blogs.gazetaesportiva.com\/albertohelena\/2015\/12\/14\/e-o-arsenal-perde-a-lideranca\/\">leia mais<\/a><\/p>\n","protected":false},"author":46,"featured_media":7085,"comment_status":"open","ping_status":"open","sticky":false,"template":"","format":"standard","meta":{"_jetpack_newsletter_access":"","_jetpack_dont_email_post_to_subs":false,"_jetpack_newsletter_tier_id":0,"_jetpack_memberships_contains_paywalled_content":false,"_jetpack_memberships_contains_paid_content":false,"footnotes":""},"categories":[1],"tags":[],"class_list":["post-7073","post","type-post","status-publish","format-standard","has-post-thumbnail","hentry","category-sem-categoria"],"jetpack_featured_media_url":"https:\/\/blogs.gazetaesportiva.com\/albertohelena\/files\/2015\/12\/chelseahelena.jpg","jetpack_sharing_enabled":true,"jetpack_shortlink":"https:\/\/wp.me\/pekB7q-1Q5","_links":{"self":[{"href":"https:\/\/blogs.gazetaesportiva.com\/albertohelena\/wp-json\/wp\/v2\/posts\/7073","targetHints":{"allow":["GET"]}}],"collection":[{"href":"https:\/\/blogs.gazetaesportiva.com\/albertohelena\/wp-json\/wp\/v2\/posts"}],"about":[{"href":"https:\/\/blogs.gazetaesportiva.com\/albertohelena\/wp-json\/wp\/v2\/types\/post"}],"author":[{"embeddable":true,"href":"https:\/\/blogs.gazetaesportiva.com\/albertohelena\/wp-json\/wp\/v2\/users\/46"}],"replies":[{"embeddable":true,"href":"https:\/\/blogs.gazetaesportiva.com\/albertohelena\/wp-json\/wp\/v2\/comments?post=7073"}],"version-history":[{"count":0,"href":"https:\/\/blogs.gazetaesportiva.com\/albertohelena\/wp-json\/wp\/v2\/posts\/7073\/revisions"}],"wp:featuredmedia":[{"embeddable":true,"href":"https:\/\/blogs.gazetaesportiva.com\/albertohelena\/wp-json\/wp\/v2\/media\/7085"}],"wp:attachment":[{"href":"https:\/\/blogs.gazetaesportiva.com\/albertohelena\/wp-json\/wp\/v2\/media?parent=7073"}],"wp:term":[{"taxonomy":"category","embeddable":true,"href":"https:\/\/blogs.gazetaesportiva.com\/albertohelena\/wp-json\/wp\/v2\/categories?post=7073"},{"taxonomy":"post_tag","embeddable":true,"href":"https:\/\/blogs.gazetaesportiva.com\/albertohelena\/wp-json\/wp\/v2\/tags?post=7073"}],"curies":[{"name":"wp","href":"https:\/\/api.w.org\/{rel}","templated":true}]}}