{"id":698,"date":"2014-08-26T16:17:16","date_gmt":"2014-08-26T19:17:16","guid":{"rendered":"https:\/\/blogs.gazetaesportiva.com\/albertohelena\/?p=698"},"modified":"2014-08-26T19:12:28","modified_gmt":"2014-08-26T22:12:28","slug":"que-venha-ronaldinho","status":"publish","type":"post","link":"https:\/\/blogs.gazetaesportiva.com\/albertohelena\/2014\/08\/26\/que-venha-ronaldinho\/","title":{"rendered":"E Ronaldinho n\u00e3o vem mais"},"content":{"rendered":"<figure id=\"attachment_705\" aria-describedby=\"caption-attachment-705\" style=\"width: 620px\" class=\"wp-caption aligncenter\"><a href=\"https:\/\/blogs.gazetaesportiva.com\/albertohelena\/files\/2014\/08\/ronaldinho.jpg\"><img loading=\"lazy\" decoding=\"async\" data-attachment-id=\"705\" data-permalink=\"https:\/\/blogs.gazetaesportiva.com\/albertohelena\/2014\/08\/26\/que-venha-ronaldinho\/ronaldinho\/\" data-orig-file=\"https:\/\/blogs.gazetaesportiva.com\/albertohelena\/files\/2014\/08\/ronaldinho.jpg\" data-orig-size=\"620,409\" data-comments-opened=\"1\" data-image-meta=\"{&quot;aperture&quot;:&quot;0&quot;,&quot;credit&quot;:&quot;&quot;,&quot;camera&quot;:&quot;&quot;,&quot;caption&quot;:&quot;&quot;,&quot;created_timestamp&quot;:&quot;0&quot;,&quot;copyright&quot;:&quot;&quot;,&quot;focal_length&quot;:&quot;0&quot;,&quot;iso&quot;:&quot;0&quot;,&quot;shutter_speed&quot;:&quot;0&quot;,&quot;title&quot;:&quot;&quot;}\" data-image-title=\"Bruno Cantini\/CAM\" data-image-description=\"\" data-image-caption=\"&lt;p&gt;Bruno Cantini\/CAM&lt;\/p&gt;\n\" data-medium-file=\"https:\/\/blogs.gazetaesportiva.com\/albertohelena\/files\/2014\/08\/ronaldinho.jpg\" data-large-file=\"https:\/\/blogs.gazetaesportiva.com\/albertohelena\/files\/2014\/08\/ronaldinho.jpg\" class=\"size-full wp-image-705\" alt=\"Bruno Cantini\/CAM\" src=\"https:\/\/blogs.gazetaesportiva.com\/albertohelena\/files\/2014\/08\/ronaldinho.jpg\" width=\"620\" height=\"409\" \/><\/a><figcaption id=\"caption-attachment-705\" class=\"wp-caption-text\">Bruno Cantini\/CAM<\/figcaption><\/figure>\n<p>Com Ronaldinho, nunca se sabe. O Gr\u00eamio, que o revelou para o mundo e o amaldi\u00e7oou quando partiu para a Fran\u00e7a sem deixar um tost\u00e3o furado nos cofres do clube, armou principesca recep\u00e7\u00e3o para a sua volta e ele acabou desembarcando na G\u00e1vea, onde come\u00e7ou muito bem e acabou muito mal.<\/p>\n<p>De repente, ressurge, no improv\u00e1vel Atl\u00e9tico Mineiro, onde conduz a na\u00e7\u00e3o carij\u00f3 \u00e0 conquista do maior t\u00edtulo da hist\u00f3ria do clube &#8211; a Libertadores. Bastou para cair numa lassid\u00e3o irritante em campo, a ponto de ser substitu\u00eddo jogo ap\u00f3s jogo, at\u00e9 pedir o bon\u00e9, e sair por a\u00ed oferecendo-se a v\u00e1rios poss\u00edveis interessados.<\/p>\n<p>O Palmeiras, por exemplo, que j\u00e1 teve seu interesse recusado por duas vezes nestes tempos de volta do craque ao futebol brasileiro. Por fim, levou o terceiro n\u00e3o de Ronaldinho.<\/p>\n<p>Valeria a pena? Claro que Ronaldinho de hoje n\u00e3o \u00e9 nem sombra daquele irresist\u00edvel craque do Bar\u00e7a, eleito duas vez o melhor do mundo. Mas, ainda \u00e9 mestre nas bolas paradas, e d\u00e1 seus passes inventivos, vez por outra. E, cuja presen\u00e7a em campo \u00e9 sempre uma preocupa\u00e7\u00e3o extra para o advers\u00e1rio.<\/p>\n<p>Al\u00e9m do mais, vai que Ronaldinho repetisse o mesmo curso cumprido no Flamengo e no Galo, onde jogou bem nos seis primeiros meses de contrato, talvez movido pelo desafio da volta, essas coisas. Bem, para um time cuja \u00fanica refer\u00eancia t\u00e9cnica \u00e9 Vald\u00edvia, que nunca entra em campo, a presen\u00e7a de Ronaldinho sempre seria um acr\u00e9scimo nesse quesito.<\/p>\n<p>Ah, mas pode causar rupturas no elenco, provocadas por inveja ou algo desse tipo. Que elenco? A rapaziada que l\u00e1 est\u00e1 praticamente toda acabou de chegar \u00e0 Academia, mal se conhecem pelo nome. E todos eles, por certo, brasileiros e gringos, se extasiaram com Ronaldinho nos seus melhores momentos. Periga a turma ir em fila pedir-lhe aut\u00f3grafo, isso, sim.<\/p>\n<p>E mais: por tudo que se sabe, Ronaldinho n\u00e3o \u00e9 um tipo desagregador, ao contr\u00e1rio. Sim, \u00e9 chegado a uma balada, a um pagode, mas, quem n\u00e3o \u00e9 nesse universo de jovens exalando testosterona e com muito dinheiro no bolso? Contudo, no conv\u00edvio com os companheiros, costuma ser parceiro, segundo se sabe.<\/p>\n<p>Portanto&#8230; Portanto, mais uma vez, fica tudo no condicional, a cereja no bolo de anivers\u00e1rio do centen\u00e1rio do Palmeiras que murchou e azedou.<\/p>\n","protected":false},"excerpt":{"rendered":"<p>Com Ronaldinho, nunca se sabe. O Gr\u00eamio, que o revelou para o mundo e o amaldi\u00e7oou quando partiu para a Fran\u00e7a sem deixar um tost\u00e3o <a class=\"read-more\" href=\"https:\/\/blogs.gazetaesportiva.com\/albertohelena\/2014\/08\/26\/que-venha-ronaldinho\/\">leia mais<\/a><\/p>\n","protected":false},"author":46,"featured_media":705,"comment_status":"open","ping_status":"open","sticky":false,"template":"","format":"standard","meta":{"_jetpack_newsletter_access":"","_jetpack_dont_email_post_to_subs":false,"_jetpack_newsletter_tier_id":0,"_jetpack_memberships_contains_paywalled_content":false,"_jetpack_memberships_contains_paid_content":false,"footnotes":""},"categories":[1],"tags":[],"class_list":["post-698","post","type-post","status-publish","format-standard","has-post-thumbnail","hentry","category-sem-categoria"],"jetpack_featured_media_url":"https:\/\/blogs.gazetaesportiva.com\/albertohelena\/files\/2014\/08\/ronaldinho.jpg","jetpack_sharing_enabled":true,"jetpack_shortlink":"https:\/\/wp.me\/pekB7q-bg","_links":{"self":[{"href":"https:\/\/blogs.gazetaesportiva.com\/albertohelena\/wp-json\/wp\/v2\/posts\/698","targetHints":{"allow":["GET"]}}],"collection":[{"href":"https:\/\/blogs.gazetaesportiva.com\/albertohelena\/wp-json\/wp\/v2\/posts"}],"about":[{"href":"https:\/\/blogs.gazetaesportiva.com\/albertohelena\/wp-json\/wp\/v2\/types\/post"}],"author":[{"embeddable":true,"href":"https:\/\/blogs.gazetaesportiva.com\/albertohelena\/wp-json\/wp\/v2\/users\/46"}],"replies":[{"embeddable":true,"href":"https:\/\/blogs.gazetaesportiva.com\/albertohelena\/wp-json\/wp\/v2\/comments?post=698"}],"version-history":[{"count":0,"href":"https:\/\/blogs.gazetaesportiva.com\/albertohelena\/wp-json\/wp\/v2\/posts\/698\/revisions"}],"wp:featuredmedia":[{"embeddable":true,"href":"https:\/\/blogs.gazetaesportiva.com\/albertohelena\/wp-json\/wp\/v2\/media\/705"}],"wp:attachment":[{"href":"https:\/\/blogs.gazetaesportiva.com\/albertohelena\/wp-json\/wp\/v2\/media?parent=698"}],"wp:term":[{"taxonomy":"category","embeddable":true,"href":"https:\/\/blogs.gazetaesportiva.com\/albertohelena\/wp-json\/wp\/v2\/categories?post=698"},{"taxonomy":"post_tag","embeddable":true,"href":"https:\/\/blogs.gazetaesportiva.com\/albertohelena\/wp-json\/wp\/v2\/tags?post=698"}],"curies":[{"name":"wp","href":"https:\/\/api.w.org\/{rel}","templated":true}]}}