{"id":6423,"date":"2015-11-05T16:42:52","date_gmt":"2015-11-05T18:42:52","guid":{"rendered":"https:\/\/blogs.gazetaesportiva.com\/albertohelena\/?p=6423"},"modified":"2015-11-05T18:14:43","modified_gmt":"2015-11-05T20:14:43","slug":"longa-vida-a-neymar","status":"publish","type":"post","link":"https:\/\/blogs.gazetaesportiva.com\/albertohelena\/2015\/11\/05\/longa-vida-a-neymar\/","title":{"rendered":"Longa vida a Neymar"},"content":{"rendered":"<figure id=\"attachment_6433\" aria-describedby=\"caption-attachment-6433\" style=\"width: 900px\" class=\"wp-caption aligncenter\"><a href=\"https:\/\/blogs.gazetaesportiva.com\/albertohelena\/files\/2015\/11\/neymar.jpg\"><img loading=\"lazy\" decoding=\"async\" data-attachment-id=\"6433\" data-permalink=\"https:\/\/blogs.gazetaesportiva.com\/albertohelena\/2015\/11\/05\/longa-vida-a-neymar\/neymar-3\/\" data-orig-file=\"https:\/\/blogs.gazetaesportiva.com\/albertohelena\/files\/2015\/11\/neymar.jpg\" data-orig-size=\"900,600\" data-comments-opened=\"1\" data-image-meta=\"{&quot;aperture&quot;:&quot;0&quot;,&quot;credit&quot;:&quot;&quot;,&quot;camera&quot;:&quot;&quot;,&quot;caption&quot;:&quot;&quot;,&quot;created_timestamp&quot;:&quot;0&quot;,&quot;copyright&quot;:&quot;&quot;,&quot;focal_length&quot;:&quot;0&quot;,&quot;iso&quot;:&quot;0&quot;,&quot;shutter_speed&quot;:&quot;0&quot;,&quot;title&quot;:&quot;&quot;,&quot;orientation&quot;:&quot;0&quot;}\" data-image-title=\"neymar\" data-image-description=\"\" data-image-caption=\"&lt;p&gt;(Foto: Pau Barrena\/AFP)&lt;\/p&gt;\n\" data-medium-file=\"https:\/\/blogs.gazetaesportiva.com\/albertohelena\/files\/2015\/11\/neymar-300x200.jpg\" data-large-file=\"https:\/\/blogs.gazetaesportiva.com\/albertohelena\/files\/2015\/11\/neymar.jpg\" class=\"size-full wp-image-6433\" src=\"https:\/\/blogs.gazetaesportiva.com\/albertohelena\/files\/2015\/11\/neymar.jpg\" alt=\"(Foto: Pau Barrena\/AFP)\" width=\"900\" height=\"600\" srcset=\"https:\/\/blogs.gazetaesportiva.com\/albertohelena\/files\/2015\/11\/neymar.jpg 900w, https:\/\/blogs.gazetaesportiva.com\/albertohelena\/files\/2015\/11\/neymar-300x200.jpg 300w, https:\/\/blogs.gazetaesportiva.com\/albertohelena\/files\/2015\/11\/neymar-120x80.jpg 120w\" sizes=\"auto, (max-width: 900px) 100vw, 900px\" \/><\/a><figcaption id=\"caption-attachment-6433\" class=\"wp-caption-text\">(Foto: Pau Barrena\/AFP)<\/figcaption><\/figure>\n<p>Na aus\u00eancia de Messi, Neymar botou a bola embaixo do bra\u00e7o e passou a comandar o Bar\u00e7a como se l\u00e1 estivesse jogando desde o in\u00edcio dos tempos. Desgarrou-se da ponta-esquerda e passou a circular por todos os cantos da intermedi\u00e1ria advers\u00e1ria em diante, distribuindo passes m\u00e1gicos, assist\u00eancias decisivas, dribles diab\u00f3licos e gols, um atr\u00e1s do outro.<\/p>\n<p>Ontem, pela Liga dos Campe\u00f5es, por exemplo, fez dois &#8211; um, de p\u00eanalti, ao estilo S\u00f3crates; um passinho atr\u00e1s e pimba!<\/p>\n<p>Mas, o que anda me chamando a aten\u00e7\u00e3o no futebol de Neymar n\u00e3o \u00e9 sua velocidade, que isso, um dia acaba, ou seus dribles e a capacidade de finalizar a gol, virtudes pr\u00f3prias de um jogador de alta habilidade. \u00c9, sim, a vis\u00e3o de jogo que a cada dia mais se refina no jogo de Neymar. Aquela capacidade do craque que beira a genialidade de perceber o companheiro colocado numa zona insuspeita do campo e mandar-lhe a bola exata.<\/p>\n<p>Esse dom, que se aprimora com o tempo, \u00e9 que me d\u00e1 a certeza de longa vida ao craque, quando ele depender mais do c\u00e9rebro do que dos m\u00fasculos.<\/p>\n<p>Se nada de grave acontecer com Neymar (toc, toc, toc), o craque est\u00e1 predestinado a ser escolhido como o melhor do mundo por v\u00e1rias temporadas at\u00e9 pendurar suas chuteiras de ouro.<\/p>\n","protected":false},"excerpt":{"rendered":"<p>Na aus\u00eancia de Messi, Neymar botou a bola embaixo do bra\u00e7o e passou a comandar o Bar\u00e7a como se l\u00e1 estivesse jogando desde o in\u00edcio <a class=\"read-more\" href=\"https:\/\/blogs.gazetaesportiva.com\/albertohelena\/2015\/11\/05\/longa-vida-a-neymar\/\">leia mais<\/a><\/p>\n","protected":false},"author":46,"featured_media":6433,"comment_status":"open","ping_status":"open","sticky":false,"template":"","format":"standard","meta":{"_jetpack_newsletter_access":"","_jetpack_dont_email_post_to_subs":false,"_jetpack_newsletter_tier_id":0,"_jetpack_memberships_contains_paywalled_content":false,"_jetpack_memberships_contains_paid_content":false,"footnotes":""},"categories":[1],"tags":[],"class_list":["post-6423","post","type-post","status-publish","format-standard","has-post-thumbnail","hentry","category-sem-categoria"],"jetpack_featured_media_url":"https:\/\/blogs.gazetaesportiva.com\/albertohelena\/files\/2015\/11\/neymar.jpg","jetpack_sharing_enabled":true,"jetpack_shortlink":"https:\/\/wp.me\/pekB7q-1FB","_links":{"self":[{"href":"https:\/\/blogs.gazetaesportiva.com\/albertohelena\/wp-json\/wp\/v2\/posts\/6423","targetHints":{"allow":["GET"]}}],"collection":[{"href":"https:\/\/blogs.gazetaesportiva.com\/albertohelena\/wp-json\/wp\/v2\/posts"}],"about":[{"href":"https:\/\/blogs.gazetaesportiva.com\/albertohelena\/wp-json\/wp\/v2\/types\/post"}],"author":[{"embeddable":true,"href":"https:\/\/blogs.gazetaesportiva.com\/albertohelena\/wp-json\/wp\/v2\/users\/46"}],"replies":[{"embeddable":true,"href":"https:\/\/blogs.gazetaesportiva.com\/albertohelena\/wp-json\/wp\/v2\/comments?post=6423"}],"version-history":[{"count":0,"href":"https:\/\/blogs.gazetaesportiva.com\/albertohelena\/wp-json\/wp\/v2\/posts\/6423\/revisions"}],"wp:featuredmedia":[{"embeddable":true,"href":"https:\/\/blogs.gazetaesportiva.com\/albertohelena\/wp-json\/wp\/v2\/media\/6433"}],"wp:attachment":[{"href":"https:\/\/blogs.gazetaesportiva.com\/albertohelena\/wp-json\/wp\/v2\/media?parent=6423"}],"wp:term":[{"taxonomy":"category","embeddable":true,"href":"https:\/\/blogs.gazetaesportiva.com\/albertohelena\/wp-json\/wp\/v2\/categories?post=6423"},{"taxonomy":"post_tag","embeddable":true,"href":"https:\/\/blogs.gazetaesportiva.com\/albertohelena\/wp-json\/wp\/v2\/tags?post=6423"}],"curies":[{"name":"wp","href":"https:\/\/api.w.org\/{rel}","templated":true}]}}