{"id":3250,"date":"2015-03-28T14:42:35","date_gmt":"2015-03-28T17:42:35","guid":{"rendered":"https:\/\/blogs.gazetaesportiva.com\/albertohelena\/?p=3250"},"modified":"2015-03-28T18:22:31","modified_gmt":"2015-03-28T21:22:31","slug":"domingo-dos-grandes","status":"publish","type":"post","link":"https:\/\/blogs.gazetaesportiva.com\/albertohelena\/2015\/03\/28\/domingo-dos-grandes\/","title":{"rendered":"Domingo dos grandes"},"content":{"rendered":"<figure id=\"attachment_3255\" aria-describedby=\"caption-attachment-3255\" style=\"width: 300px\" class=\"wp-caption alignright\"><a href=\"https:\/\/blogs.gazetaesportiva.com\/albertohelena\/files\/2015\/03\/delnero_300x250_sb.jpg\"><img loading=\"lazy\" decoding=\"async\" data-attachment-id=\"3255\" data-permalink=\"https:\/\/blogs.gazetaesportiva.com\/albertohelena\/2015\/03\/28\/domingo-dos-grandes\/delnero_300x250_sb\/\" data-orig-file=\"https:\/\/blogs.gazetaesportiva.com\/albertohelena\/files\/2015\/03\/delnero_300x250_sb.jpg\" data-orig-size=\"300,250\" data-comments-opened=\"1\" data-image-meta=\"{&quot;aperture&quot;:&quot;0&quot;,&quot;credit&quot;:&quot;&quot;,&quot;camera&quot;:&quot;&quot;,&quot;caption&quot;:&quot;&quot;,&quot;created_timestamp&quot;:&quot;0&quot;,&quot;copyright&quot;:&quot;&quot;,&quot;focal_length&quot;:&quot;0&quot;,&quot;iso&quot;:&quot;0&quot;,&quot;shutter_speed&quot;:&quot;0&quot;,&quot;title&quot;:&quot;&quot;}\" data-image-title=\"Foto: Sergio Barzaghi\/Gazeta Press\" data-image-description=\"\" data-image-caption=\"&lt;p&gt;Foto: Sergio Barzaghi\/Gazeta Press&lt;\/p&gt;\n\" data-medium-file=\"https:\/\/blogs.gazetaesportiva.com\/albertohelena\/files\/2015\/03\/delnero_300x250_sb.jpg\" data-large-file=\"https:\/\/blogs.gazetaesportiva.com\/albertohelena\/files\/2015\/03\/delnero_300x250_sb.jpg\" class=\"size-full wp-image-3255\" alt=\"Foto: Sergio Barzaghi\/Gazeta Press\" src=\"https:\/\/blogs.gazetaesportiva.com\/albertohelena\/files\/2015\/03\/delnero_300x250_sb.jpg\" width=\"300\" height=\"250\" \/><\/a><figcaption id=\"caption-attachment-3255\" class=\"wp-caption-text\">Foto: Sergio Barzaghi\/Gazeta Press<\/figcaption><\/figure>\n<p>A Federa\u00e7\u00e3o Paulista merece mesmo o pr\u00eamio da estupidez universal. Conseguiu armar uma tabela do Paulistinha em que o s\u00e1bado \u00e9 reservado aos pequenos e os grandes todos sem amontoam no domingo no mesmo\u00a0dia em que a Sele\u00e7\u00e3o Brasileira faz o amistoso contra o Chile em Londres.<\/p>\n<p>Ah, mas ningu\u00e9m d\u00e1 bola para a Sele\u00e7\u00e3o mais. E quem d\u00e1 para esse Paulistinha mequetrefe que a\u00ed est\u00e1?<\/p>\n<p>Ent\u00e3o, fecha o botequim e vamos todos tocar bumbo na avenida.<\/p>\n<p>Bem, o fato \u00e9 que ainda h\u00e1 quem se interesse por seu time em a\u00e7\u00e3o. A Fiel, por exemplo, deslumbrada pelo novo est\u00e1dio e pela campanha irrepreens\u00edvel do Corinthians neste in\u00edcio de temporada, seja na Libertadores, seja no Paulistinha. E, para ela, n\u00e3o faz tanta diferen\u00e7a entre o time titular e o reserva, pois ambos fizeram belo papel no meio da semana de maratona do Alvinegro.<\/p>\n<p>Tite poupar\u00e1 os titulares mais uma vez, neste domingo, diante do Bragantino, que cai pelas tabelas. Se repetir o mesmo padr\u00e3o de ter\u00e7a, favas contadas e grandes chances de dar um espet\u00e1culo de gala.<\/p>\n<p>J\u00e1 o imprevis\u00edvel S\u00e3o Paulo sabe-se l\u00e1 como ir\u00e1 se comportar diante do Linense, no Morumbi. \u00c9 de se esperar, ao menos, uma exibi\u00e7\u00e3o de brios feridos, o que pode vir a ser a tal faca de dois legumes a que se referia o saudoso Mateus. Pois, entre o empenho e o desespero corre uma t\u00eanue linha, quase impercept\u00edvel.<\/p>\n<p>O Periquito, ao contr\u00e1rio, vem naquele passo gingado de malandro que tirou a sorte grande. E aqui me permitam os jovens verdejantes resgatar a simp\u00e1tica imagem do Palmeiras devorada pelo intrag\u00e1vel Porco, uma ofensa indigesta pra quem tem suas ra\u00edzes na velha Bota como eu.<\/p>\n<p>E n\u00e3o \u00e9 \u00e0 toa que o Verd\u00e3o vai de crista alta para pegar o Red Bull em Camp\u00ednas. Afinal, aquele massacre sobre o rival S\u00e3o Paulo do meio de semana entrou para a hist\u00f3ria da atual gera\u00e7\u00e3o verde. Muito provavelmente como um marco da virada palestrina nesta quadra de sua vida, feita de tantas decep\u00e7\u00f5es recentes.<\/p>\n<p>Se n\u00e3o tanto, pelo menos o suficiente para animar ainda mais o processo de reformula\u00e7\u00e3o da equipe.<\/p>\n<p>Por fim, o Peixe, que vinha ponteando o campeonato at\u00e9 o meio de semana, quando perdeu sua longa invencibilidade para a Macaca, pega o S\u00e3o Bento na Vila. Se desconsiderar o \u00faltimo resultado, sobretudo porque jogou o bastante para empatar ou at\u00e9 mesmo virar aquela partida, seguir\u00e1, por certo, brigando com o Tim\u00e3o pela lideran\u00e7a final do torneiozinho inventado por del Nero e cia.<\/p>\n","protected":false},"excerpt":{"rendered":"<p>A Federa\u00e7\u00e3o Paulista merece mesmo o pr\u00eamio da estupidez universal. Conseguiu armar uma tabela do Paulistinha em que o s\u00e1bado \u00e9 reservado aos pequenos e <a class=\"read-more\" href=\"https:\/\/blogs.gazetaesportiva.com\/albertohelena\/2015\/03\/28\/domingo-dos-grandes\/\">leia mais<\/a><\/p>\n","protected":false},"author":46,"featured_media":3255,"comment_status":"open","ping_status":"open","sticky":false,"template":"","format":"standard","meta":{"_jetpack_newsletter_access":"","_jetpack_dont_email_post_to_subs":false,"_jetpack_newsletter_tier_id":0,"_jetpack_memberships_contains_paywalled_content":false,"_jetpack_memberships_contains_paid_content":false,"footnotes":""},"categories":[1],"tags":[],"class_list":["post-3250","post","type-post","status-publish","format-standard","has-post-thumbnail","hentry","category-sem-categoria"],"jetpack_featured_media_url":"https:\/\/blogs.gazetaesportiva.com\/albertohelena\/files\/2015\/03\/delnero_300x250_sb.jpg","jetpack_sharing_enabled":true,"jetpack_shortlink":"https:\/\/wp.me\/pekB7q-Qq","_links":{"self":[{"href":"https:\/\/blogs.gazetaesportiva.com\/albertohelena\/wp-json\/wp\/v2\/posts\/3250","targetHints":{"allow":["GET"]}}],"collection":[{"href":"https:\/\/blogs.gazetaesportiva.com\/albertohelena\/wp-json\/wp\/v2\/posts"}],"about":[{"href":"https:\/\/blogs.gazetaesportiva.com\/albertohelena\/wp-json\/wp\/v2\/types\/post"}],"author":[{"embeddable":true,"href":"https:\/\/blogs.gazetaesportiva.com\/albertohelena\/wp-json\/wp\/v2\/users\/46"}],"replies":[{"embeddable":true,"href":"https:\/\/blogs.gazetaesportiva.com\/albertohelena\/wp-json\/wp\/v2\/comments?post=3250"}],"version-history":[{"count":0,"href":"https:\/\/blogs.gazetaesportiva.com\/albertohelena\/wp-json\/wp\/v2\/posts\/3250\/revisions"}],"wp:featuredmedia":[{"embeddable":true,"href":"https:\/\/blogs.gazetaesportiva.com\/albertohelena\/wp-json\/wp\/v2\/media\/3255"}],"wp:attachment":[{"href":"https:\/\/blogs.gazetaesportiva.com\/albertohelena\/wp-json\/wp\/v2\/media?parent=3250"}],"wp:term":[{"taxonomy":"category","embeddable":true,"href":"https:\/\/blogs.gazetaesportiva.com\/albertohelena\/wp-json\/wp\/v2\/categories?post=3250"},{"taxonomy":"post_tag","embeddable":true,"href":"https:\/\/blogs.gazetaesportiva.com\/albertohelena\/wp-json\/wp\/v2\/tags?post=3250"}],"curies":[{"name":"wp","href":"https:\/\/api.w.org\/{rel}","templated":true}]}}