{"id":3240,"date":"2015-03-27T14:23:55","date_gmt":"2015-03-27T17:23:55","guid":{"rendered":"https:\/\/blogs.gazetaesportiva.com\/albertohelena\/?p=3240"},"modified":"2015-03-27T15:33:20","modified_gmt":"2015-03-27T18:33:20","slug":"questao-de-consciencia","status":"publish","type":"post","link":"https:\/\/blogs.gazetaesportiva.com\/albertohelena\/2015\/03\/27\/questao-de-consciencia\/","title":{"rendered":"Quest\u00e3o de consci\u00eancia"},"content":{"rendered":"<figure id=\"attachment_3243\" aria-describedby=\"caption-attachment-3243\" style=\"width: 640px\" class=\"wp-caption aligncenter\"><a href=\"https:\/\/blogs.gazetaesportiva.com\/albertohelena\/files\/2015\/03\/muricy_helena1.jpg\"><img loading=\"lazy\" decoding=\"async\" data-attachment-id=\"3243\" data-permalink=\"https:\/\/blogs.gazetaesportiva.com\/albertohelena\/2015\/03\/27\/questao-de-consciencia\/treino-do-sao-paulo-fc-5\/\" data-orig-file=\"https:\/\/blogs.gazetaesportiva.com\/albertohelena\/files\/2015\/03\/muricy_helena1.jpg\" data-orig-size=\"640,426\" data-comments-opened=\"1\" data-image-meta=\"{&quot;aperture&quot;:&quot;4&quot;,&quot;credit&quot;:&quot;DJALMA VASS\\u00c3O&quot;,&quot;camera&quot;:&quot;NIKON D4S&quot;,&quot;caption&quot;:&quot;Muricy Ramalho, t\\u00e9cnico do S\\u00e3o Paulo durante o treino no CCT da Barra Funda em S\\u00e3o Paulo, 26\\\/03\\\/2015, Foto: Djalma Vass\\u00e3o\\\/Gazeta Press&quot;,&quot;created_timestamp&quot;:&quot;1427388702&quot;,&quot;copyright&quot;:&quot;&quot;,&quot;focal_length&quot;:&quot;400&quot;,&quot;iso&quot;:&quot;1600&quot;,&quot;shutter_speed&quot;:&quot;0.001&quot;,&quot;title&quot;:&quot;TREINO DO S\\u00c3O PAULO FC&quot;}\" data-image-title=\"Djalma Vass\u00e3o\/Gazeta Press\" data-image-description=\"&lt;p&gt;Muricy Ramalho, t\u00e9cnico do S\u00e3o Paulo durante o treino no CCT da Barra Funda em S\u00e3o Paulo, 26\/03\/2015, Foto: Djalma Vass\u00e3o\/Gazeta Press&lt;\/p&gt;\n\" data-image-caption=\"&lt;p&gt;Djalma Vass\u00e3o\/Gazeta Press&lt;\/p&gt;\n\" data-medium-file=\"https:\/\/blogs.gazetaesportiva.com\/albertohelena\/files\/2015\/03\/muricy_helena1.jpg\" data-large-file=\"https:\/\/blogs.gazetaesportiva.com\/albertohelena\/files\/2015\/03\/muricy_helena1.jpg\" class=\"size-full wp-image-3243\" alt=\"Djalma Vass\u00e3o\/Gazeta Press\" src=\"https:\/\/blogs.gazetaesportiva.com\/albertohelena\/files\/2015\/03\/muricy_helena1.jpg\" width=\"640\" height=\"426\" \/><\/a><figcaption id=\"caption-attachment-3243\" class=\"wp-caption-text\">Djalma Vass\u00e3o\/Gazeta Press<\/figcaption><\/figure>\n<p>Quanto mais Muricy e a diretoria falam a respeito da perman\u00eancia do t\u00e9cnico, mais aumentam as d\u00favidas se esse neg\u00f3cio vai dar certo.<\/p>\n<p>Sobretudo, por parte do treinador, por quem tenho o maior apre\u00e7o, como gente e como profissional, desde os tempos em que ele encantava com seu futebol m\u00e1gico nos dentes-de-leite dos meus amigos Roberto Petri, Eli Coimbra e S\u00e9rgio Baklanos, na falecida TV Tupi. E j\u00e1 disse \u00e0 exaust\u00e3o que nunca deveria ter sa\u00eddo do S\u00e3o Paulo, desde quando se tornou t\u00e9cnico de futebol, l\u00e1 mesmo.<\/p>\n<p>Muricy \u00e9 um tipo essencialmente emotivo. Por isso, tem sofrido muito com os males f\u00edsicos que o afligem e com essa boataria nos bastidores tricolores. E \u00e9 evidente que isso se reflete no seu trabalho. Basta comparar o Muricy diante das c\u00e2meras de um, dois anos atr\u00e1s, com esse Muricy de hoje. Ou seja: o Muricy Vila S\u00f4nia, misto de gozador e gladiador, sempre vibrante, em ebuli\u00e7\u00e3o constante, versus Muricy sereno, um tanto deprimido, quase ap\u00e1tico destes \u00faltimos dias. O mesmo contraste de imagem se verifica facilmente nas tomadas das c\u00e2meras \u00e0 beira do gramado.<\/p>\n<p>Pelo visto, isso tudo tirou a concentra\u00e7\u00e3o do t\u00e9cnico.Tanto, que, nas seguidas entrevistas, Muricy deixa claro n\u00e3o saber o que se passa com esse time que terminou t\u00e3o bem o Brasileir\u00e3o, recebeu refor\u00e7os pontuais e, em vez de evoluir, involuiu ao longo deste ano.<\/p>\n<p>Por decis\u00f5es t\u00e9cnicas ou por desfalques de toda ordem, o S\u00e3o Paulo n\u00e3o consegue dar uma sequ\u00eancia razo\u00e1vel com a mesma forma\u00e7\u00e3o. O time perdeu completamente o padr\u00e3o de jogo, ficando numa zona cinzenta entre trocar bolas, tentando envolver o advers\u00e1rio, ou jogar na base da liga\u00e7\u00e3o direta dos beques aos atacantes.<\/p>\n<p>Para a maioria da torcida e da cr\u00f4nica esportiva, o que falta \u00e9 ra\u00e7a dos jogadores. \u00c9 sempre o mesmo mote quando uma equipe vai mal.<\/p>\n<p>O que falta ao time tricolor n\u00e3o \u00e9 ra\u00e7a, n\u00e3o. Ra\u00e7a quem tem \u00e9 cavalo, cachorro. Gente tem consci\u00eancia. Palavrinha com v\u00e1rios significados paralelos, mas, que basicamente, significa conhecimento, percep\u00e7\u00e3o de si mesmo e do que est\u00e1 \u00e0 sua volta. Por isso, quando se diz que um indiv\u00edduo cometeu um ato impensado foi inconsciente. N\u00e3o teve consci\u00eancia, conhecimento.<\/p>\n<p>O S\u00e3o Paulo de hoje \u00e9 um time inconsciente. Assim como Muricy se revela inconsciente por n\u00e3o conhecer as causas dos insucessos.<\/p>\n<p>Futebol \u00e9 um jogo din\u00e2mico, um jogo de equipe, em que o jogador de posse da bola tem mil\u00e9simos de segundos para decidir o que fazer com ela. Se n\u00e3o souber de cor e salteado onde estar\u00e1 seu companheiro a quem servir\u00e1, perder\u00e1 tempo precioso para dar sequ\u00eancia \u00e0 jogada. Tempo suficiente para que o torcedor na arquibancada e o cr\u00edtico na cabine ou diante da tv passe a interpretar a sequ\u00eancia dessas indecis\u00f5es ou de decis\u00f5es erradas como moleza, falta de empenho, essas coisas todas que andam na boca do povo e nas discuss\u00f5es de padaria.<\/p>\n<p>Quando essa situa\u00e7\u00e3o perdura por muito tempo, a tend\u00eancia \u00e9 o jogador perder a autoconfian\u00e7a,, o que agrava o problema, a sensa\u00e7\u00e3o de falta de empenho, como uma bola de neve rolando em dire\u00e7\u00e3o ao abismo.<\/p>\n<p>Como romper esse c\u00edrculo de giz encantado?<\/p>\n<p>Com uma outra palavrinha: convic\u00e7\u00e3o. Antes de mais nada, Muricy tem de recuperar seu pr\u00f3prio slogan &#8211; Aqui \u00e9 trabalho, meu! E meter os peitos na forma\u00e7\u00e3o de uma equipe definitiva, dentro do melhor esquema que as caracter\u00edsticas desses jogadores sugerem, e ir com ela at\u00e9 o fim, seja ele qual for. A hora \u00e9 esta, quando o S\u00e3o Paulo j\u00e1 est\u00e1 classificado para a fase realmente decisiva do campeonato e antes da chegada do Brasileir\u00e3o.<\/p>\n<p>E a Libertadores? Se vier a classifica\u00e7\u00e3o para a pr\u00f3xima fase, j\u00e1 ser\u00e1 um lucro extra.<\/p>\n<p>&nbsp;<\/p>\n<p>&nbsp;<\/p>\n<p>&nbsp;<\/p>\n","protected":false},"excerpt":{"rendered":"<p>Quanto mais Muricy e a diretoria falam a respeito da perman\u00eancia do t\u00e9cnico, mais aumentam as d\u00favidas se esse neg\u00f3cio vai dar certo. Sobretudo, por <a class=\"read-more\" href=\"https:\/\/blogs.gazetaesportiva.com\/albertohelena\/2015\/03\/27\/questao-de-consciencia\/\">leia mais<\/a><\/p>\n","protected":false},"author":46,"featured_media":3243,"comment_status":"open","ping_status":"open","sticky":false,"template":"","format":"standard","meta":{"_jetpack_newsletter_access":"","_jetpack_dont_email_post_to_subs":false,"_jetpack_newsletter_tier_id":0,"_jetpack_memberships_contains_paywalled_content":false,"_jetpack_memberships_contains_paid_content":false,"footnotes":""},"categories":[1],"tags":[],"class_list":["post-3240","post","type-post","status-publish","format-standard","has-post-thumbnail","hentry","category-sem-categoria"],"jetpack_featured_media_url":"https:\/\/blogs.gazetaesportiva.com\/albertohelena\/files\/2015\/03\/muricy_helena1.jpg","jetpack_sharing_enabled":true,"jetpack_shortlink":"https:\/\/wp.me\/pekB7q-Qg","_links":{"self":[{"href":"https:\/\/blogs.gazetaesportiva.com\/albertohelena\/wp-json\/wp\/v2\/posts\/3240","targetHints":{"allow":["GET"]}}],"collection":[{"href":"https:\/\/blogs.gazetaesportiva.com\/albertohelena\/wp-json\/wp\/v2\/posts"}],"about":[{"href":"https:\/\/blogs.gazetaesportiva.com\/albertohelena\/wp-json\/wp\/v2\/types\/post"}],"author":[{"embeddable":true,"href":"https:\/\/blogs.gazetaesportiva.com\/albertohelena\/wp-json\/wp\/v2\/users\/46"}],"replies":[{"embeddable":true,"href":"https:\/\/blogs.gazetaesportiva.com\/albertohelena\/wp-json\/wp\/v2\/comments?post=3240"}],"version-history":[{"count":0,"href":"https:\/\/blogs.gazetaesportiva.com\/albertohelena\/wp-json\/wp\/v2\/posts\/3240\/revisions"}],"wp:featuredmedia":[{"embeddable":true,"href":"https:\/\/blogs.gazetaesportiva.com\/albertohelena\/wp-json\/wp\/v2\/media\/3243"}],"wp:attachment":[{"href":"https:\/\/blogs.gazetaesportiva.com\/albertohelena\/wp-json\/wp\/v2\/media?parent=3240"}],"wp:term":[{"taxonomy":"category","embeddable":true,"href":"https:\/\/blogs.gazetaesportiva.com\/albertohelena\/wp-json\/wp\/v2\/categories?post=3240"},{"taxonomy":"post_tag","embeddable":true,"href":"https:\/\/blogs.gazetaesportiva.com\/albertohelena\/wp-json\/wp\/v2\/tags?post=3240"}],"curies":[{"name":"wp","href":"https:\/\/api.w.org\/{rel}","templated":true}]}}