{"id":3233,"date":"2015-03-26T21:45:52","date_gmt":"2015-03-27T00:45:52","guid":{"rendered":"https:\/\/blogs.gazetaesportiva.com\/albertohelena\/?p=3233"},"modified":"2015-03-26T21:51:00","modified_gmt":"2015-03-27T00:51:00","slug":"massacre-alvinegro","status":"publish","type":"post","link":"https:\/\/blogs.gazetaesportiva.com\/albertohelena\/2015\/03\/26\/massacre-alvinegro\/","title":{"rendered":"Massacre alvinegro"},"content":{"rendered":"<figure id=\"attachment_3236\" aria-describedby=\"caption-attachment-3236\" style=\"width: 640px\" class=\"wp-caption aligncenter\"><a href=\"https:\/\/blogs.gazetaesportiva.com\/albertohelena\/files\/2015\/03\/helena8.jpg\"><img loading=\"lazy\" decoding=\"async\" data-attachment-id=\"3236\" data-permalink=\"https:\/\/blogs.gazetaesportiva.com\/albertohelena\/2015\/03\/26\/massacre-alvinegro\/helena-57\/\" data-orig-file=\"https:\/\/blogs.gazetaesportiva.com\/albertohelena\/files\/2015\/03\/helena8.jpg\" data-orig-size=\"640,405\" data-comments-opened=\"1\" data-image-meta=\"{&quot;aperture&quot;:&quot;0&quot;,&quot;credit&quot;:&quot;&quot;,&quot;camera&quot;:&quot;&quot;,&quot;caption&quot;:&quot;&quot;,&quot;created_timestamp&quot;:&quot;0&quot;,&quot;copyright&quot;:&quot;&quot;,&quot;focal_length&quot;:&quot;0&quot;,&quot;iso&quot;:&quot;0&quot;,&quot;shutter_speed&quot;:&quot;0&quot;,&quot;title&quot;:&quot;&quot;}\" data-image-title=\"Fernando Dantas\/Gazeta Press\" data-image-description=\"\" data-image-caption=\"&lt;p&gt;Fernando Dantas\/Gazeta Press&lt;\/p&gt;\n\" data-medium-file=\"https:\/\/blogs.gazetaesportiva.com\/albertohelena\/files\/2015\/03\/helena8.jpg\" data-large-file=\"https:\/\/blogs.gazetaesportiva.com\/albertohelena\/files\/2015\/03\/helena8.jpg\" class=\"size-full wp-image-3236\" alt=\"Fernando Dantas\/Gazeta Press\" src=\"https:\/\/blogs.gazetaesportiva.com\/albertohelena\/files\/2015\/03\/helena8.jpg\" width=\"640\" height=\"405\" \/><\/a><figcaption id=\"caption-attachment-3236\" class=\"wp-caption-text\">Fernando Dantas\/Gazeta Press<\/figcaption><\/figure>\n<p>O amigo espia assim o placar do est\u00e1dio em Itaquera &#8211; 5\u00a0 a 3 &#8211; e fica achando que foi uma dureza para o Corinthians, diante do Penapolense.<\/p>\n<p>Nada disso: foi um massacre alvinegro, t\u00e9cnico e t\u00e1tico, que virou o tempo com 4 a 0 e logo no in\u00edcio da segunda fase enfiou mais um, com Guerrero.<\/p>\n<p>Os tr\u00eas gols do Penapolense foram marcados nos minutos finais da partida, com direito a um gola\u00e7o de Crislan que encobriu C\u00e1ssio com estilo e precis\u00e3o.<\/p>\n<p>Isso, depois de o Corinthians ter reflu\u00eddo no seu \u00edmpeto ofensivo que lhe conferiu tantos gols quantas oportunidades claras desperdi\u00e7adas, a partir daquela bola de Emerson na trave.<\/p>\n<p>Ah, mas o Penapolense \u00e9 muito fraquinho, dir\u00e1 o pragm\u00e1tico de plant\u00e3o. \u00c9, sim, mas quantos times da mesma categoria do advers\u00e1rio desta noite o Corinthians enfrentou este ano e ficou ali naquela inhanha, l\u00e1 atr\u00e1s, liga\u00e7\u00f5es diretas e um golzinho chorado no fim, gra\u00e7as ao oportunismo de Guerrero?<\/p>\n<p>Ent\u00e3o, meu caro, esse jogo de imposi\u00e7\u00e3o apresentado pelo Corinthians esta noite, feito de passes medidos e velozes, avan\u00e7os pelas extremidades do campo e pelo meio num balan\u00e7o exato, vem se juntar ao de ter\u00e7a, com seu time reserva, para nos dar um sinal de que finalmente, o Tim\u00e3o est\u00e1 pegando no breu.<\/p>\n<p>Pelo menos, \u00e9 o que espero, nesse processo de evolu\u00e7\u00e3o do Corinthians. Que jogue a bola que lhe cabe pela excel\u00eancia do elenco, do treinador e o peso da camisa.<\/p>\n<p>Sempre haver\u00e1 quem veja, por outro lado, uma fragiliza\u00e7\u00e3o da defesa, t\u00e3o intranspon\u00edvel at\u00e9 outro dia, e agora exposta a tomar gols insuspeitados.<\/p>\n<p>Claro: se ficar todo mundo l\u00e1 atr\u00e1s, com a din\u00e2mica certa e a disposi\u00e7\u00e3o de marcar que timbrou aquele Corinthians intranspon\u00edvel, a possibilidade de tomar gols passa a ser m\u00ednima. Mas \u00e9 s\u00f3 isso que se quer e se exige desse que \u00e9 o melhor elenco do pa\u00eds?<\/p>\n<p>Mesmo porque futebol, como a vida, \u00e9 um cobertor curto cujo espet\u00e1culo se faz com riscos. Sem riscos, \u00e9 apenas uma tediosa chatice.<\/p>\n","protected":false},"excerpt":{"rendered":"<p>O amigo espia assim o placar do est\u00e1dio em Itaquera &#8211; 5\u00a0 a 3 &#8211; e fica achando que foi uma dureza para o Corinthians, <a class=\"read-more\" href=\"https:\/\/blogs.gazetaesportiva.com\/albertohelena\/2015\/03\/26\/massacre-alvinegro\/\">leia mais<\/a><\/p>\n","protected":false},"author":46,"featured_media":3236,"comment_status":"open","ping_status":"open","sticky":false,"template":"","format":"standard","meta":{"_jetpack_newsletter_access":"","_jetpack_dont_email_post_to_subs":false,"_jetpack_newsletter_tier_id":0,"_jetpack_memberships_contains_paywalled_content":false,"_jetpack_memberships_contains_paid_content":false,"footnotes":""},"categories":[1],"tags":[],"class_list":["post-3233","post","type-post","status-publish","format-standard","has-post-thumbnail","hentry","category-sem-categoria"],"jetpack_featured_media_url":"https:\/\/blogs.gazetaesportiva.com\/albertohelena\/files\/2015\/03\/helena8.jpg","jetpack_sharing_enabled":true,"jetpack_shortlink":"https:\/\/wp.me\/pekB7q-Q9","_links":{"self":[{"href":"https:\/\/blogs.gazetaesportiva.com\/albertohelena\/wp-json\/wp\/v2\/posts\/3233","targetHints":{"allow":["GET"]}}],"collection":[{"href":"https:\/\/blogs.gazetaesportiva.com\/albertohelena\/wp-json\/wp\/v2\/posts"}],"about":[{"href":"https:\/\/blogs.gazetaesportiva.com\/albertohelena\/wp-json\/wp\/v2\/types\/post"}],"author":[{"embeddable":true,"href":"https:\/\/blogs.gazetaesportiva.com\/albertohelena\/wp-json\/wp\/v2\/users\/46"}],"replies":[{"embeddable":true,"href":"https:\/\/blogs.gazetaesportiva.com\/albertohelena\/wp-json\/wp\/v2\/comments?post=3233"}],"version-history":[{"count":0,"href":"https:\/\/blogs.gazetaesportiva.com\/albertohelena\/wp-json\/wp\/v2\/posts\/3233\/revisions"}],"wp:featuredmedia":[{"embeddable":true,"href":"https:\/\/blogs.gazetaesportiva.com\/albertohelena\/wp-json\/wp\/v2\/media\/3236"}],"wp:attachment":[{"href":"https:\/\/blogs.gazetaesportiva.com\/albertohelena\/wp-json\/wp\/v2\/media?parent=3233"}],"wp:term":[{"taxonomy":"category","embeddable":true,"href":"https:\/\/blogs.gazetaesportiva.com\/albertohelena\/wp-json\/wp\/v2\/categories?post=3233"},{"taxonomy":"post_tag","embeddable":true,"href":"https:\/\/blogs.gazetaesportiva.com\/albertohelena\/wp-json\/wp\/v2\/tags?post=3233"}],"curies":[{"name":"wp","href":"https:\/\/api.w.org\/{rel}","templated":true}]}}