{"id":3227,"date":"2015-03-26T19:30:16","date_gmt":"2015-03-26T22:30:16","guid":{"rendered":"https:\/\/blogs.gazetaesportiva.com\/albertohelena\/?p=3227"},"modified":"2015-03-26T20:36:43","modified_gmt":"2015-03-26T23:36:43","slug":"gostei-de-ver-dunga","status":"publish","type":"post","link":"https:\/\/blogs.gazetaesportiva.com\/albertohelena\/2015\/03\/26\/gostei-de-ver-dunga\/","title":{"rendered":"Gostei de ver, Dunga!"},"content":{"rendered":"<figure id=\"attachment_3230\" aria-describedby=\"caption-attachment-3230\" style=\"width: 640px\" class=\"wp-caption aligncenter\"><a href=\"https:\/\/blogs.gazetaesportiva.com\/albertohelena\/files\/2015\/03\/oscar.jpg\"><img loading=\"lazy\" decoding=\"async\" data-attachment-id=\"3230\" data-permalink=\"https:\/\/blogs.gazetaesportiva.com\/albertohelena\/2015\/03\/26\/gostei-de-ver-dunga\/oscar\/\" data-orig-file=\"https:\/\/blogs.gazetaesportiva.com\/albertohelena\/files\/2015\/03\/oscar.jpg\" data-orig-size=\"640,429\" data-comments-opened=\"1\" data-image-meta=\"{&quot;aperture&quot;:&quot;0&quot;,&quot;credit&quot;:&quot;&quot;,&quot;camera&quot;:&quot;&quot;,&quot;caption&quot;:&quot;&quot;,&quot;created_timestamp&quot;:&quot;0&quot;,&quot;copyright&quot;:&quot;&quot;,&quot;focal_length&quot;:&quot;0&quot;,&quot;iso&quot;:&quot;0&quot;,&quot;shutter_speed&quot;:&quot;0&quot;,&quot;title&quot;:&quot;&quot;}\" data-image-title=\"AFP\" data-image-description=\"\" data-image-caption=\"&lt;p&gt;AFP&lt;\/p&gt;\n\" data-medium-file=\"https:\/\/blogs.gazetaesportiva.com\/albertohelena\/files\/2015\/03\/oscar.jpg\" data-large-file=\"https:\/\/blogs.gazetaesportiva.com\/albertohelena\/files\/2015\/03\/oscar.jpg\" class=\"size-full wp-image-3230\" alt=\"AFP\" src=\"https:\/\/blogs.gazetaesportiva.com\/albertohelena\/files\/2015\/03\/oscar.jpg\" width=\"640\" height=\"429\" \/><\/a><figcaption id=\"caption-attachment-3230\" class=\"wp-caption-text\">AFP<\/figcaption><\/figure>\n<p>Gostei do Brasil de Dunga, n\u00e3o apenas pela vit\u00f3ria por 3 a 1 sobre a Fran\u00e7a, em pleno Stade de France, mas, sobretudo, pelo desempenho da equipe. Ou melhor: pela varia\u00e7\u00e3o de estilos ao longo da partida.<\/p>\n<p>Na primeira fase, com a Fran\u00e7a fechadinha, o Brasil soube tentar contornar o bloqueio via troca de passes e envolvimento. E n\u00e3o se descontrolou, a n\u00e3o ser em breves minutos, mesmo depois de levar aquele gol de cabe\u00e7a de Varane, em cobran\u00e7a de corner, logo aos 7 minutos de partida.<\/p>\n<p>Botou a bola no ch\u00e3o, cuca fresca, e seguiu buscando o empate sem pressa at\u00e9 chegar l\u00e1, no finzinho dessa etapa, em troca de passes que culminou com o toque de Firmino para Oscar deslocar o goleiro.<\/p>\n<p>No segundo tempo, como a Fran\u00e7a partiu pra cima, atr\u00e1s da vit\u00f3ria, nossa Sele\u00e7\u00e3o resguardou-se sem, contudo, cair numa retranca e rapidamente respondia, de p\u00e9 em p\u00e9. E foi assim que virou o placar, com William arrancando pelo meio e servindo na hora exata a Neymar, que fuzilou Mandada: 2 a 1.<\/p>\n<p>Nem assim, o Brasil recuou. Apenas soube conter os avan\u00e7os franceses com sua linha de defesa tradicional. E, quando a bola chegava \u00e0 nossa meta, Jefferson l\u00e1 estava atento e providencial, com duas interven\u00e7\u00f5es precisas, uma com os p\u00e9s, outra com a m\u00e3o cruzada, em tiro longo de Greizmann.<\/p>\n<p>Como mantinha o controle dos nervos, da bola e dos espa\u00e7os, o terceiro gol veio naturalmente com aquela cabe\u00e7ada fatal de Luiz Gustavo em cobran\u00e7a de escanteio por William.<\/p>\n<p>Quer dizer, o Brasil tanto soube jogar debru\u00e7ando-se sobre o advers\u00e1rio, como no primeiro tempo, quanto contra-atacar com presteza e efici\u00eancia, como no segundo. \u00c9 isso que se chama de equil\u00edbrio numa equipe de futebol, a capacidade de ser protagonista em qualquer situa\u00e7\u00e3o de jogo, coisa que n\u00e3o se via acontecer com nossa Sele\u00e7\u00e3o h\u00e1 muitos anos.<\/p>\n<p>Quanto \u00e0s atua\u00e7\u00f5es individuais, n\u00e3o houve nenhum destaque excepcional, mas todos jogaram bem, cada um na sua fun\u00e7\u00e3o. Inclusive o novato Firmino, que demonstrou ser capaz de se movimentar com ju\u00edzo l\u00e1 na frente, participando das trocas de bola com seus companheiros.<\/p>\n<p>Pena que Dunga n\u00e3o tivesse dado um espa\u00e7o para P. Coutinho, que anda esmerilhando no Liverpool h\u00e1 tempos.<\/p>\n<p>Mas, a vez de Coutinho haver\u00e1 de chegar ao longo dessa firme caminhada do time de Dunga, que chegou \u00e0 s\u00e9tima vit\u00f3ria consecutiva, desta vez contra uma equipe categorizada, sem ser um desses tima\u00e7os de embasbacar, mas de futebol respeit\u00e1vel.<\/p>\n","protected":false},"excerpt":{"rendered":"<p>Gostei do Brasil de Dunga, n\u00e3o apenas pela vit\u00f3ria por 3 a 1 sobre a Fran\u00e7a, em pleno Stade de France, mas, sobretudo, pelo desempenho <a class=\"read-more\" href=\"https:\/\/blogs.gazetaesportiva.com\/albertohelena\/2015\/03\/26\/gostei-de-ver-dunga\/\">leia mais<\/a><\/p>\n","protected":false},"author":46,"featured_media":3230,"comment_status":"open","ping_status":"open","sticky":false,"template":"","format":"standard","meta":{"_jetpack_newsletter_access":"","_jetpack_dont_email_post_to_subs":false,"_jetpack_newsletter_tier_id":0,"_jetpack_memberships_contains_paywalled_content":false,"_jetpack_memberships_contains_paid_content":false,"footnotes":""},"categories":[1],"tags":[],"class_list":["post-3227","post","type-post","status-publish","format-standard","has-post-thumbnail","hentry","category-sem-categoria"],"jetpack_featured_media_url":"https:\/\/blogs.gazetaesportiva.com\/albertohelena\/files\/2015\/03\/oscar.jpg","jetpack_sharing_enabled":true,"jetpack_shortlink":"https:\/\/wp.me\/pekB7q-Q3","_links":{"self":[{"href":"https:\/\/blogs.gazetaesportiva.com\/albertohelena\/wp-json\/wp\/v2\/posts\/3227","targetHints":{"allow":["GET"]}}],"collection":[{"href":"https:\/\/blogs.gazetaesportiva.com\/albertohelena\/wp-json\/wp\/v2\/posts"}],"about":[{"href":"https:\/\/blogs.gazetaesportiva.com\/albertohelena\/wp-json\/wp\/v2\/types\/post"}],"author":[{"embeddable":true,"href":"https:\/\/blogs.gazetaesportiva.com\/albertohelena\/wp-json\/wp\/v2\/users\/46"}],"replies":[{"embeddable":true,"href":"https:\/\/blogs.gazetaesportiva.com\/albertohelena\/wp-json\/wp\/v2\/comments?post=3227"}],"version-history":[{"count":0,"href":"https:\/\/blogs.gazetaesportiva.com\/albertohelena\/wp-json\/wp\/v2\/posts\/3227\/revisions"}],"wp:featuredmedia":[{"embeddable":true,"href":"https:\/\/blogs.gazetaesportiva.com\/albertohelena\/wp-json\/wp\/v2\/media\/3230"}],"wp:attachment":[{"href":"https:\/\/blogs.gazetaesportiva.com\/albertohelena\/wp-json\/wp\/v2\/media?parent=3227"}],"wp:term":[{"taxonomy":"category","embeddable":true,"href":"https:\/\/blogs.gazetaesportiva.com\/albertohelena\/wp-json\/wp\/v2\/categories?post=3227"},{"taxonomy":"post_tag","embeddable":true,"href":"https:\/\/blogs.gazetaesportiva.com\/albertohelena\/wp-json\/wp\/v2\/tags?post=3227"}],"curies":[{"name":"wp","href":"https:\/\/api.w.org\/{rel}","templated":true}]}}