{"id":3220,"date":"2015-03-26T00:36:32","date_gmt":"2015-03-26T03:36:32","guid":{"rendered":"https:\/\/blogs.gazetaesportiva.com\/albertohelena\/?p=3220"},"modified":"2015-03-26T00:42:02","modified_gmt":"2015-03-26T03:42:02","slug":"a-tarantella-verde","status":"publish","type":"post","link":"https:\/\/blogs.gazetaesportiva.com\/albertohelena\/2015\/03\/26\/a-tarantella-verde\/","title":{"rendered":"Ao som da tarantella: 3 a 0"},"content":{"rendered":"<figure id=\"attachment_3224\" aria-describedby=\"caption-attachment-3224\" style=\"width: 640px\" class=\"wp-caption aligncenter\"><a href=\"https:\/\/blogs.gazetaesportiva.com\/albertohelena\/files\/2015\/03\/helena7.jpg\"><img loading=\"lazy\" decoding=\"async\" data-attachment-id=\"3224\" data-permalink=\"https:\/\/blogs.gazetaesportiva.com\/albertohelena\/2015\/03\/26\/a-tarantella-verde\/helena-56\/\" data-orig-file=\"https:\/\/blogs.gazetaesportiva.com\/albertohelena\/files\/2015\/03\/helena7.jpg\" data-orig-size=\"640,354\" data-comments-opened=\"1\" data-image-meta=\"{&quot;aperture&quot;:&quot;0&quot;,&quot;credit&quot;:&quot;&quot;,&quot;camera&quot;:&quot;&quot;,&quot;caption&quot;:&quot;&quot;,&quot;created_timestamp&quot;:&quot;0&quot;,&quot;copyright&quot;:&quot;&quot;,&quot;focal_length&quot;:&quot;0&quot;,&quot;iso&quot;:&quot;0&quot;,&quot;shutter_speed&quot;:&quot;0&quot;,&quot;title&quot;:&quot;&quot;}\" data-image-title=\"Fernando Dantas\/Gazeta Press\" data-image-description=\"\" data-image-caption=\"&lt;p&gt;Fernando Dantas\/Gazeta Press&lt;\/p&gt;\n\" data-medium-file=\"https:\/\/blogs.gazetaesportiva.com\/albertohelena\/files\/2015\/03\/helena7.jpg\" data-large-file=\"https:\/\/blogs.gazetaesportiva.com\/albertohelena\/files\/2015\/03\/helena7.jpg\" class=\"size-full wp-image-3224\" alt=\"Fernando Dantas\/Gazeta Press\" src=\"https:\/\/blogs.gazetaesportiva.com\/albertohelena\/files\/2015\/03\/helena7.jpg\" width=\"640\" height=\"354\" \/><\/a><figcaption id=\"caption-attachment-3224\" class=\"wp-caption-text\">Fernando Dantas\/Gazeta Press<\/figcaption><\/figure>\n<p>Foi um baile do Palestra, que come\u00e7ou com tarantella napolitana e terminou em ritmo de valsa florentina: 3 a 0 no Tricolor, placar que ficou pela metade diante das chances claras criadas e desperdi\u00e7adas pelo Verd\u00e3o.<\/p>\n<p>Ah, mas o Palmeiras foi beneficiado pela expuls\u00e3o precoce de Tol\u00f3i, logo aos 7 minutos de bola rolando.<\/p>\n<p>Sim, mas a essas alturas, o Verd\u00e3o j\u00e1 vencia por 1 a 0, gola\u00e7o de Robinho do meio da rua, em dupla falha de Rog\u00e9rio Ceni, que devolveu mal a bola a jogo e n\u00e3o mediu bem a dist\u00e2ncia entre a bola e sua meta depois do disparo, justamente na celebra\u00e7\u00e3o dos mil e duzentos jogos do mito com a camisa tricolor.<\/p>\n<p>E pressionava, quando Tol\u00f3i deu duas estocadas na perna direita de Dudu, antes de levar a cotovelada que o tirou do s\u00e9rio, a ponto de voltar e dar uma pernada no advers\u00e1rio sem bola &#8211; vermelho, sem discuss\u00e3o.<\/p>\n<p>Na sequ\u00eancia, o Verd\u00e3o perde duas \u00f3timas oportunidades para ampliar. E aqui Muricy comete seu primeiro engano: trocou Pato pelo zagueiro Edson Silva.<\/p>\n<p>Ora, se voc\u00ea est\u00e1 com um a menos e perdendo o jogo, n\u00e3o pode abrir m\u00e3o do \u00fanico atacante veloz do time, capaz de puxar um contragolpe, especialmente se esse cara \u00e9 o artilheiro do time, mesmo jogando esporadicamente.<\/p>\n<p>Foi realizar a troca e Rafael Marques finalizar contragolpe bem executado por Dudu: 2 a 0.<\/p>\n<p>No intervalo, novo vacilo do meu querido Muricy: a sa\u00edda de Ganso, que bem ou mal, \u00e9 o principal assistente da equipe, para a entrada de Centuri\u00f3n, atacante de uma no cravo outra na ferradura. Assim, o S\u00e3o Paulo ficou sem arco nem flecha.<\/p>\n<p>J\u00e1 o Palmeiras sobrava em campo, com esse magn\u00edfico Z\u00e9 Roberto deslizando pelo gramado, como nessa bola que recebe de Arouca para cruzar na medida em dire\u00e7\u00e3o a Rafael Marques, que pega de prima. Bel\u00edssimo terceiro gol, ao som de uma staccato de Paganini.<\/p>\n<p>Z\u00e9 Roberto, Robinho, Arouca, Gabriel, Rafael Marques, Dudu, mais as arrancadas pela direita, isso tudo esculpia no gramado da Allianz Parque uma pequena obra-prima de dom\u00ednio da bola e dos espa\u00e7os, ainda que o ritmo reflu\u00edsse ao correr da partida, embora as chances de mais gols se repetissem at\u00e9 o fim, sobretudo por aquela finaliza\u00e7\u00e3o clara de Gabriel, nos \u00faltimos movimentos do baile, que terminou em pizza e chianti nas cantinas da Pomp\u00e9ia ao Bexiga.<\/p>\n<p>Uma verdadeira celebra\u00e7\u00e3o.<\/p>\n","protected":false},"excerpt":{"rendered":"<p>Foi um baile do Palestra, que come\u00e7ou com tarantella napolitana e terminou em ritmo de valsa florentina: 3 a 0 no Tricolor, placar que ficou <a class=\"read-more\" href=\"https:\/\/blogs.gazetaesportiva.com\/albertohelena\/2015\/03\/26\/a-tarantella-verde\/\">leia mais<\/a><\/p>\n","protected":false},"author":46,"featured_media":3224,"comment_status":"open","ping_status":"open","sticky":false,"template":"","format":"standard","meta":{"_jetpack_newsletter_access":"","_jetpack_dont_email_post_to_subs":false,"_jetpack_newsletter_tier_id":0,"_jetpack_memberships_contains_paywalled_content":false,"_jetpack_memberships_contains_paid_content":false,"footnotes":""},"categories":[1],"tags":[],"class_list":["post-3220","post","type-post","status-publish","format-standard","has-post-thumbnail","hentry","category-sem-categoria"],"jetpack_featured_media_url":"https:\/\/blogs.gazetaesportiva.com\/albertohelena\/files\/2015\/03\/helena7.jpg","jetpack_sharing_enabled":true,"jetpack_shortlink":"https:\/\/wp.me\/pekB7q-PW","_links":{"self":[{"href":"https:\/\/blogs.gazetaesportiva.com\/albertohelena\/wp-json\/wp\/v2\/posts\/3220","targetHints":{"allow":["GET"]}}],"collection":[{"href":"https:\/\/blogs.gazetaesportiva.com\/albertohelena\/wp-json\/wp\/v2\/posts"}],"about":[{"href":"https:\/\/blogs.gazetaesportiva.com\/albertohelena\/wp-json\/wp\/v2\/types\/post"}],"author":[{"embeddable":true,"href":"https:\/\/blogs.gazetaesportiva.com\/albertohelena\/wp-json\/wp\/v2\/users\/46"}],"replies":[{"embeddable":true,"href":"https:\/\/blogs.gazetaesportiva.com\/albertohelena\/wp-json\/wp\/v2\/comments?post=3220"}],"version-history":[{"count":0,"href":"https:\/\/blogs.gazetaesportiva.com\/albertohelena\/wp-json\/wp\/v2\/posts\/3220\/revisions"}],"wp:featuredmedia":[{"embeddable":true,"href":"https:\/\/blogs.gazetaesportiva.com\/albertohelena\/wp-json\/wp\/v2\/media\/3224"}],"wp:attachment":[{"href":"https:\/\/blogs.gazetaesportiva.com\/albertohelena\/wp-json\/wp\/v2\/media?parent=3220"}],"wp:term":[{"taxonomy":"category","embeddable":true,"href":"https:\/\/blogs.gazetaesportiva.com\/albertohelena\/wp-json\/wp\/v2\/categories?post=3220"},{"taxonomy":"post_tag","embeddable":true,"href":"https:\/\/blogs.gazetaesportiva.com\/albertohelena\/wp-json\/wp\/v2\/tags?post=3220"}],"curies":[{"name":"wp","href":"https:\/\/api.w.org\/{rel}","templated":true}]}}