{"id":3215,"date":"2015-03-25T21:08:59","date_gmt":"2015-03-26T00:08:59","guid":{"rendered":"https:\/\/blogs.gazetaesportiva.com\/albertohelena\/?p=3215"},"modified":"2015-03-25T21:15:25","modified_gmt":"2015-03-26T00:15:25","slug":"luxa-e-o-beco-sem-saida","status":"publish","type":"post","link":"https:\/\/blogs.gazetaesportiva.com\/albertohelena\/2015\/03\/25\/luxa-e-o-beco-sem-saida\/","title":{"rendered":"Luxa e o beco sem sa\u00edda"},"content":{"rendered":"<figure id=\"attachment_3218\" aria-describedby=\"caption-attachment-3218\" style=\"width: 270px\" class=\"wp-caption alignright\"><a href=\"https:\/\/blogs.gazetaesportiva.com\/albertohelena\/files\/2015\/03\/luxa_helena.jpg\"><img loading=\"lazy\" decoding=\"async\" data-attachment-id=\"3218\" data-permalink=\"https:\/\/blogs.gazetaesportiva.com\/albertohelena\/2015\/03\/25\/luxa-e-o-beco-sem-saida\/luxa_helena\/\" data-orig-file=\"https:\/\/blogs.gazetaesportiva.com\/albertohelena\/files\/2015\/03\/luxa_helena.jpg\" data-orig-size=\"270,296\" data-comments-opened=\"1\" data-image-meta=\"{&quot;aperture&quot;:&quot;0&quot;,&quot;credit&quot;:&quot;&quot;,&quot;camera&quot;:&quot;&quot;,&quot;caption&quot;:&quot;&quot;,&quot;created_timestamp&quot;:&quot;0&quot;,&quot;copyright&quot;:&quot;&quot;,&quot;focal_length&quot;:&quot;0&quot;,&quot;iso&quot;:&quot;0&quot;,&quot;shutter_speed&quot;:&quot;0&quot;,&quot;title&quot;:&quot;&quot;}\" data-image-title=\"Gilvan de Souza \/ Flamengo\" data-image-description=\"\" data-image-caption=\"&lt;p&gt;Gilvan de Souza \/ Flamengo&lt;\/p&gt;\n\" data-medium-file=\"https:\/\/blogs.gazetaesportiva.com\/albertohelena\/files\/2015\/03\/luxa_helena.jpg\" data-large-file=\"https:\/\/blogs.gazetaesportiva.com\/albertohelena\/files\/2015\/03\/luxa_helena.jpg\" class=\"size-full wp-image-3218\" alt=\"Gilvan de Souza \/ Flamengo\" src=\"https:\/\/blogs.gazetaesportiva.com\/albertohelena\/files\/2015\/03\/luxa_helena.jpg\" width=\"270\" height=\"296\" \/><\/a><figcaption id=\"caption-attachment-3218\" class=\"wp-caption-text\">Gilvan de Souza \/ Flamengo<\/figcaption><\/figure>\n<p>Vi e ouvi o desabafo de Luxemburgo a respeito das restri\u00e7\u00f5es impostas pela federa\u00e7\u00e3o carioca na utiliza\u00e7\u00e3o de jogadores de base, algo parecido ao que acontece em S\u00e3o Paulo. Seu discurso foi claro, firme e nem um pouco ofensivo: apenas detalhava o n\u00edvel de estupidez que rege as a\u00e7\u00f5es dessas federa\u00e7\u00f5es anacr\u00f4nicas que, em vez de promover o futebol, seu \u00fanico produto, o rebaixam a cada ano.<\/p>\n<p>Como resultado disso, em vez de a federa\u00e7\u00e3o carioca refletir a respeito, resolveu punir o t\u00e9cnico do Flamengo com suspens\u00e3o autom\u00e1tica, que j\u00e1 foi revertida por a\u00e7\u00e3o cautelar, e lev\u00e1-lo a julgamento no tribunal esportivo do Estado do Rio.<\/p>\n<p>O amigo perguntar\u00e1, cheio de raz\u00e3o, por que o Flamengo, na hora de decidir o regulamento do campeonato, n\u00e3o se insurgiu contra as medidas da entidade que o prejudicariam l\u00e1 na frente. Respondo. Em primeiro lugar, porque vence a maioria, e os clubes grandes nessas federa\u00e7\u00f5es de araque s\u00e3o minoria absoluta. E a maioria \u00e9 composta de clubes pequenos que querem que Flamengo, Fluminense e seus cong\u00eaneres se estrepem, embora subsistam \u00e0 custa dos grandes. Essa equa\u00e7\u00e3o vale para o Rio como para os demais centros avan\u00e7ados do pa\u00eds.<\/p>\n<p>Essas federa\u00e7\u00f5es j\u00e1 eram h\u00e1 muito tempo. Lembro que em 1974, portanto h\u00e1 mais de quarenta anos, conversando com o presidente da Federa\u00e7\u00e3o Paulista, na \u00e9poca, o empres\u00e1rio Jos\u00e9 Erm\u00edrio de Moraes, sugeri a ele que comandasse um movimento no sentido de extinguir as federa\u00e7\u00f5es estaduais, substituindo-as por meras comiss\u00f5es, uma esp\u00e9cie de consulados da CBD, hoje CBF, em cada unidade federativa, para efeitos burocr\u00e1ticos, somente. Coisa reduzida, um escrit\u00f3rio com meia d\u00fazia de funcion\u00e1rios, um respons\u00e1vel e um auxiliar. Ponto.<\/p>\n<p>Z\u00e9 Erm\u00edrio, surpreso, me respondeu:<\/p>\n<p>&#8211; E, eu, o que vou fazer?<\/p>\n<p>&#8211; O senhor pode ser presidente da CBD ou viajar pelo mundo em seu iate, aproveitando as del\u00edcias desse mundo. &#8211; respondi.<\/p>\n<p>Z\u00e9 Erm\u00edrio n\u00e3o era exatamente um iluminado, mas, sem sombra de d\u00favidas, era honesto e bem intencionado. E teria sido um presidente da CBF muito melhor do que toda a legi\u00e3o dos que vieram desde Jo\u00e3o Havelange at\u00e9 o futuro Del Nero, pois conheci bem todos eles.<\/p>\n<p>Mas, qual a sa\u00edda, agora? Agora, meu amigo, estamos num beco sem sa\u00edda: como Di\u00f3genes, de lanterna em punho, na busca do homem \u00edntegro, em todos os sentidos, n\u00e3o h\u00e1 no horizonte uma alternativa segura.<\/p>\n<p>A cria\u00e7\u00e3o da Liga de Clubes seria a mais l\u00f3gica op\u00e7\u00e3o. Mas, j\u00e1 tivemos essa experi\u00eancia no passado e foi um desastre, pois os cartolas dos clubes a transformaram num balc\u00e3o de neg\u00f3cios com a Globo e s\u00f3.<\/p>\n<p>Outra, seria a Globo, em nome de elevar o n\u00edvel do espet\u00e1culo futebol, j\u00e1 que ela \u00e9 craque em espet\u00e1culos, assumir o controle dessa jo\u00e7a. Mas, pelo visto, ela prefere ficar apenas com o \u00f4nus das lamban\u00e7as, pois tudo recai sobre suas costas, da sustenta\u00e7\u00e3o dos clubes com a grana que lhes paga at\u00e9 as porradas que leva da m\u00eddia e do p\u00fablico em geral. Ali\u00e1s, nem sei se l\u00e1 h\u00e1 algu\u00e9m com estofo e bestunto pra assumir essa empreitada.<\/p>\n<p>E o pior \u00e9 que, gira pra c\u00e1, gira pra l\u00e1, todo esquema cai na procura do homem providencial. E isso \u00e9 a fal\u00eancia definitiva. Porque qualquer esquema, por mais racional e aberto que seja, depende de quem o fa\u00e7a funcionar. E basta uma espiada geral, uma panor\u00e2mica no cen\u00e1rio onde atuam nossos cartolas, e, de imediato, sobrev\u00e9m uma profunda melancolia.<\/p>\n<p>&nbsp;<\/p>\n<p>&nbsp;<\/p>\n","protected":false},"excerpt":{"rendered":"<p>Vi e ouvi o desabafo de Luxemburgo a respeito das restri\u00e7\u00f5es impostas pela federa\u00e7\u00e3o carioca na utiliza\u00e7\u00e3o de jogadores de base, algo parecido ao que <a class=\"read-more\" href=\"https:\/\/blogs.gazetaesportiva.com\/albertohelena\/2015\/03\/25\/luxa-e-o-beco-sem-saida\/\">leia mais<\/a><\/p>\n","protected":false},"author":46,"featured_media":3218,"comment_status":"open","ping_status":"open","sticky":false,"template":"","format":"standard","meta":{"_jetpack_newsletter_access":"","_jetpack_dont_email_post_to_subs":false,"_jetpack_newsletter_tier_id":0,"_jetpack_memberships_contains_paywalled_content":false,"_jetpack_memberships_contains_paid_content":false,"footnotes":""},"categories":[1],"tags":[],"class_list":["post-3215","post","type-post","status-publish","format-standard","has-post-thumbnail","hentry","category-sem-categoria"],"jetpack_featured_media_url":"https:\/\/blogs.gazetaesportiva.com\/albertohelena\/files\/2015\/03\/luxa_helena.jpg","jetpack_sharing_enabled":true,"jetpack_shortlink":"https:\/\/wp.me\/pekB7q-PR","_links":{"self":[{"href":"https:\/\/blogs.gazetaesportiva.com\/albertohelena\/wp-json\/wp\/v2\/posts\/3215","targetHints":{"allow":["GET"]}}],"collection":[{"href":"https:\/\/blogs.gazetaesportiva.com\/albertohelena\/wp-json\/wp\/v2\/posts"}],"about":[{"href":"https:\/\/blogs.gazetaesportiva.com\/albertohelena\/wp-json\/wp\/v2\/types\/post"}],"author":[{"embeddable":true,"href":"https:\/\/blogs.gazetaesportiva.com\/albertohelena\/wp-json\/wp\/v2\/users\/46"}],"replies":[{"embeddable":true,"href":"https:\/\/blogs.gazetaesportiva.com\/albertohelena\/wp-json\/wp\/v2\/comments?post=3215"}],"version-history":[{"count":0,"href":"https:\/\/blogs.gazetaesportiva.com\/albertohelena\/wp-json\/wp\/v2\/posts\/3215\/revisions"}],"wp:featuredmedia":[{"embeddable":true,"href":"https:\/\/blogs.gazetaesportiva.com\/albertohelena\/wp-json\/wp\/v2\/media\/3218"}],"wp:attachment":[{"href":"https:\/\/blogs.gazetaesportiva.com\/albertohelena\/wp-json\/wp\/v2\/media?parent=3215"}],"wp:term":[{"taxonomy":"category","embeddable":true,"href":"https:\/\/blogs.gazetaesportiva.com\/albertohelena\/wp-json\/wp\/v2\/categories?post=3215"},{"taxonomy":"post_tag","embeddable":true,"href":"https:\/\/blogs.gazetaesportiva.com\/albertohelena\/wp-json\/wp\/v2\/tags?post=3215"}],"curies":[{"name":"wp","href":"https:\/\/api.w.org\/{rel}","templated":true}]}}