{"id":3208,"date":"2015-03-25T13:38:27","date_gmt":"2015-03-25T16:38:27","guid":{"rendered":"https:\/\/blogs.gazetaesportiva.com\/albertohelena\/?p=3208"},"modified":"2015-03-25T14:10:15","modified_gmt":"2015-03-25T17:10:15","slug":"em-busca-do-tempo-perdido","status":"publish","type":"post","link":"https:\/\/blogs.gazetaesportiva.com\/albertohelena\/2015\/03\/25\/em-busca-do-tempo-perdido\/","title":{"rendered":"Em busca do tempo perdido"},"content":{"rendered":"<figure id=\"attachment_3212\" aria-describedby=\"caption-attachment-3212\" style=\"width: 640px\" class=\"wp-caption aligncenter\"><a href=\"https:\/\/blogs.gazetaesportiva.com\/albertohelena\/files\/2015\/03\/helena_selecao.jpg\"><img loading=\"lazy\" decoding=\"async\" data-attachment-id=\"3212\" data-permalink=\"https:\/\/blogs.gazetaesportiva.com\/albertohelena\/2015\/03\/25\/em-busca-do-tempo-perdido\/attachment\/3212\/\" data-orig-file=\"https:\/\/blogs.gazetaesportiva.com\/albertohelena\/files\/2015\/03\/helena_selecao.jpg\" data-orig-size=\"640,333\" data-comments-opened=\"1\" data-image-meta=\"{&quot;aperture&quot;:&quot;0&quot;,&quot;credit&quot;:&quot;AFP&quot;,&quot;camera&quot;:&quot;&quot;,&quot;caption&quot;:&quot;Brazil&#039;s players listen to Brazilian head coach of the Brazilian national football team, Carlos Dunga (2nd R) during a training session of Brazil&#039;s national football team on March 24, 2015 at the Charlety Stadium in Paris, two days ahead of a friendly football match against France to be held at the Stade de France stadium in Saint-Denis, outside Paris. AFP PHOTO \\\/ MARTIN BUREAU&quot;,&quot;created_timestamp&quot;:&quot;1427211517&quot;,&quot;copyright&quot;:&quot;&quot;,&quot;focal_length&quot;:&quot;0&quot;,&quot;iso&quot;:&quot;0&quot;,&quot;shutter_speed&quot;:&quot;0&quot;,&quot;title&quot;:&quot;-&quot;}\" data-image-title=\" MARTIN BUREAU \/ AFP\" data-image-description=\"&lt;p&gt;Brazil&amp;#8217;s players listen to Brazilian head coach of the Brazilian national football team, Carlos Dunga (2nd R) during a training session of Brazil&amp;#8217;s national football team on March 24, 2015 at the Charlety Stadium in Paris, two days ahead of a friendly football match against France to be held at the Stade de France stadium in Saint-Denis, outside Paris. AFP PHOTO \/ MARTIN BUREAU&lt;\/p&gt;\n\" data-image-caption=\"&lt;p&gt; MARTIN BUREAU \/ AFP&lt;\/p&gt;\n\" data-medium-file=\"https:\/\/blogs.gazetaesportiva.com\/albertohelena\/files\/2015\/03\/helena_selecao.jpg\" data-large-file=\"https:\/\/blogs.gazetaesportiva.com\/albertohelena\/files\/2015\/03\/helena_selecao.jpg\" class=\"size-full wp-image-3212\" alt=\" MARTIN BUREAU \/ AFP\" src=\"https:\/\/blogs.gazetaesportiva.com\/albertohelena\/files\/2015\/03\/helena_selecao.jpg\" width=\"640\" height=\"333\" \/><\/a><figcaption id=\"caption-attachment-3212\" class=\"wp-caption-text\">MARTIN BUREAU \/ AFP<\/figcaption><\/figure>\n<p>Amanh\u00e3, o Brasil volta a campo l\u00e1 nas estranjas para enfrentar a Fran\u00e7a, essa pedra nas nossas chuteiras, em amistoso preparat\u00f3rio para a Copa Am\u00e9rica.<\/p>\n<p>Curioso isso, o fato de a Fran\u00e7a, h\u00e1 anos, ter se transformado num advers\u00e1rio fatal para a nossa Sele\u00e7\u00e3o. Pois os franceses, que tradicionalmente cultivam o bom gosto, foram os primeiros no mundo a se render \u00e0 arte brasileira de jogar bola, coroando-nos com o t\u00edtulo de <em>Les Rois du Foot-Ball (Os Reis do Futebol) <\/em>quando da visita espantosa do m\u00edtico Paulistano de Fried, Arak\u00e9n e cia. bela, em 1925.<\/p>\n<p>Naquele tempo, come\u00e7\u00e1vamos a criar nossa escola risonha e franca, que, com as devidas adapta\u00e7\u00f5es, funcionou at\u00e9 in\u00edcio dos anos 90, talvez &#8211; um jogo predominantemente ofensivo, gingado, inventivo e cheio de mal\u00edcias, com sonoros ecos da M\u00e3e \u00c1frica.<\/p>\n<p>E, talvez por isso mesmo essa imagem tenha se fixado no inconsciente coletivo dos franceses, fazendo-os trilhar o inverso caminho de Swan, em busca do tempo futuro que lhes desse a nossa face passada.<\/p>\n<p>Durante essa longa caminhada, surgiram talentos inexced\u00edveis entre os seus, como Kopa, Eric Cantona e Platini, por exemplo. Mas, para desespero do racista e reacion\u00e1rio Le Pen, a busca chegou ao in\u00edcio de tudo &#8211; a \u00c1frica Negra -, de onde trouxeram a semente de seu novo futebol. E foi com aquele enxame de negros franceses que eles chegaram \u00e0 conquista m\u00e1xima de um Mundial e uma Eurocopa, sob a reg\u00eancia de um filho de argelinos, craque excepcional, Zinedine Zidane.<\/p>\n<p>O Brasil, ao contr\u00e1rio, caminhou no sentido oposto ao de sua hist\u00f3ria, e agora se encontra numa encruzilhada: ou retoma seu verdadeiro destino ou segue cambaleando , de vexame em vexame, caindo a cada ano pelas tabelas da Fifa, onde hoje se encontra abaixo da Col\u00f4mbia, creiam.<\/p>\n<p>O time de Dunga, de quem, confesso, n\u00e3o esperava mudan\u00e7as significativas, d\u00e1 sinais fortes de retomada do nosso estilo de jogar, com uma defesa s\u00f3lida e bola rolando solta a partir do meio de campo.<\/p>\n<p>Ainda insiste no dogma dos dois volantes de of\u00edcio, embora estes saibam jogar mais do que os brucutus recentes. Por sua pr\u00f3pria forma\u00e7\u00e3o como jogador, acho muito dif\u00edcil que rompa com esse dogma. Mas, quem sabe, n\u00e9, possamos ter, durante esses dois jogos amistosos &#8211; contra Fran\u00e7a e Chile -, nem que seja por alguns momentos, uma forma\u00e7\u00e3o de meio de campo, por exemplo, com Luiz Gustavo, Oscar, William e P. Coutinho, abastecendo Neymar e Firmino, Luiz Adriano ou Robinho?<\/p>\n<p>Para esse Brasil, tor\u00e7o com alma e devo\u00e7\u00e3o.<\/p>\n","protected":false},"excerpt":{"rendered":"<p>Amanh\u00e3, o Brasil volta a campo l\u00e1 nas estranjas para enfrentar a Fran\u00e7a, essa pedra nas nossas chuteiras, em amistoso preparat\u00f3rio para a Copa Am\u00e9rica. <a class=\"read-more\" href=\"https:\/\/blogs.gazetaesportiva.com\/albertohelena\/2015\/03\/25\/em-busca-do-tempo-perdido\/\">leia mais<\/a><\/p>\n","protected":false},"author":46,"featured_media":3212,"comment_status":"open","ping_status":"open","sticky":false,"template":"","format":"standard","meta":{"_jetpack_newsletter_access":"","_jetpack_dont_email_post_to_subs":false,"_jetpack_newsletter_tier_id":0,"_jetpack_memberships_contains_paywalled_content":false,"_jetpack_memberships_contains_paid_content":false,"footnotes":""},"categories":[1],"tags":[],"class_list":["post-3208","post","type-post","status-publish","format-standard","has-post-thumbnail","hentry","category-sem-categoria"],"jetpack_featured_media_url":"https:\/\/blogs.gazetaesportiva.com\/albertohelena\/files\/2015\/03\/helena_selecao.jpg","jetpack_sharing_enabled":true,"jetpack_shortlink":"https:\/\/wp.me\/pekB7q-PK","_links":{"self":[{"href":"https:\/\/blogs.gazetaesportiva.com\/albertohelena\/wp-json\/wp\/v2\/posts\/3208","targetHints":{"allow":["GET"]}}],"collection":[{"href":"https:\/\/blogs.gazetaesportiva.com\/albertohelena\/wp-json\/wp\/v2\/posts"}],"about":[{"href":"https:\/\/blogs.gazetaesportiva.com\/albertohelena\/wp-json\/wp\/v2\/types\/post"}],"author":[{"embeddable":true,"href":"https:\/\/blogs.gazetaesportiva.com\/albertohelena\/wp-json\/wp\/v2\/users\/46"}],"replies":[{"embeddable":true,"href":"https:\/\/blogs.gazetaesportiva.com\/albertohelena\/wp-json\/wp\/v2\/comments?post=3208"}],"version-history":[{"count":0,"href":"https:\/\/blogs.gazetaesportiva.com\/albertohelena\/wp-json\/wp\/v2\/posts\/3208\/revisions"}],"wp:featuredmedia":[{"embeddable":true,"href":"https:\/\/blogs.gazetaesportiva.com\/albertohelena\/wp-json\/wp\/v2\/media\/3212"}],"wp:attachment":[{"href":"https:\/\/blogs.gazetaesportiva.com\/albertohelena\/wp-json\/wp\/v2\/media?parent=3208"}],"wp:term":[{"taxonomy":"category","embeddable":true,"href":"https:\/\/blogs.gazetaesportiva.com\/albertohelena\/wp-json\/wp\/v2\/categories?post=3208"},{"taxonomy":"post_tag","embeddable":true,"href":"https:\/\/blogs.gazetaesportiva.com\/albertohelena\/wp-json\/wp\/v2\/tags?post=3208"}],"curies":[{"name":"wp","href":"https:\/\/api.w.org\/{rel}","templated":true}]}}