{"id":3202,"date":"2015-03-24T21:36:56","date_gmt":"2015-03-25T00:36:56","guid":{"rendered":"https:\/\/blogs.gazetaesportiva.com\/albertohelena\/?p=3202"},"modified":"2015-03-24T21:50:40","modified_gmt":"2015-03-25T00:50:40","slug":"deu-gosto-timao","status":"publish","type":"post","link":"https:\/\/blogs.gazetaesportiva.com\/albertohelena\/2015\/03\/24\/deu-gosto-timao\/","title":{"rendered":"Deu gosto, Tim\u00e3o!"},"content":{"rendered":"<figure id=\"attachment_3205\" aria-describedby=\"caption-attachment-3205\" style=\"width: 640px\" class=\"wp-caption aligncenter\"><a href=\"https:\/\/blogs.gazetaesportiva.com\/albertohelena\/files\/2015\/03\/blog02.jpg\"><img loading=\"lazy\" decoding=\"async\" data-attachment-id=\"3205\" data-permalink=\"https:\/\/blogs.gazetaesportiva.com\/albertohelena\/2015\/03\/24\/deu-gosto-timao\/blog02-3\/\" data-orig-file=\"https:\/\/blogs.gazetaesportiva.com\/albertohelena\/files\/2015\/03\/blog02.jpg\" data-orig-size=\"640,418\" data-comments-opened=\"1\" data-image-meta=\"{&quot;aperture&quot;:&quot;0&quot;,&quot;credit&quot;:&quot;&quot;,&quot;camera&quot;:&quot;&quot;,&quot;caption&quot;:&quot;&quot;,&quot;created_timestamp&quot;:&quot;0&quot;,&quot;copyright&quot;:&quot;&quot;,&quot;focal_length&quot;:&quot;0&quot;,&quot;iso&quot;:&quot;0&quot;,&quot;shutter_speed&quot;:&quot;0&quot;,&quot;title&quot;:&quot;&quot;}\" data-image-title=\"blog02\" data-image-description=\"\" data-image-caption=\"&lt;p&gt;Foto: Fernando Dantas\/Gazeta Press&lt;\/p&gt;\n\" data-medium-file=\"https:\/\/blogs.gazetaesportiva.com\/albertohelena\/files\/2015\/03\/blog02.jpg\" data-large-file=\"https:\/\/blogs.gazetaesportiva.com\/albertohelena\/files\/2015\/03\/blog02.jpg\" class=\"size-full wp-image-3205\" alt=\"Foto: Fernando Dantas\/Gazeta Press\" src=\"https:\/\/blogs.gazetaesportiva.com\/albertohelena\/files\/2015\/03\/blog02.jpg\" width=\"640\" height=\"418\" \/><\/a><figcaption id=\"caption-attachment-3205\" class=\"wp-caption-text\">Foto: Fernando Dantas\/Gazeta Press<\/figcaption><\/figure>\n<p>Desta vez, sim, foi um Corinthians a la europeia, como querem muitos por a\u00ed. Do apito inicial ao final, o Tim\u00e3o debru\u00e7ou-se sobre a Lusa, trocou bolas com ci\u00eancia e presteza no campo advers\u00e1rio, e, por consequ\u00eancia, criou uma infinidade de chances para marcar.<\/p>\n<p>Por isso mesmo, o placar de 2 a 0 nem de longe reflete o dom\u00ednio e os acertos do Tim\u00e3o. Mas, valeu para levantar a fronte do menino Malcom, autor dos dois gols, que tem muito jeito pra coisa, por\u00e9m, enfrenta rejei\u00e7\u00f5es por parte da cr\u00edtica em geral.<\/p>\n<p>No primeiro, aproveitou de cabe\u00e7a cruzamento exato de Danilo na direita. No segundo, pegou de sem-pulo na \u00e1rea cavadinha de Danilo que ricocheteou entre dois beques antes de cair no p\u00e9 direito do artilheiro da noite.<\/p>\n<p>Outro que saiu de sorriso aberto escondendo uma ponta de decep\u00e7\u00e3o foi Love, que jogou muito bem, diga-se, mas n\u00e3o conseguiu marcar seu primeiro gol com a camisa alvinegra por um triz, duas vezes. Na segunda, limpou o beque no giro e bateu de canhota para a bola tocar no p\u00e9 do poste direito do goleiro antes de sair.<\/p>\n<p>Ali\u00e1s, n\u00e3o foi s\u00f3 Love que esteve a pique de marcar. Danilo e Bruno Henrique tamb\u00e9m. E que dizer daquele disparo de Luciano no travess\u00e3o?<\/p>\n<p>Isso tudo sem falar em, por baixo, quatro defesas providenciais do goleiro Rafael Santos, o her\u00f3i de uma Lusa repleta de vil\u00f5es.<\/p>\n<p>Ah, sim, n\u00e3o nos esque\u00e7amos do singelo fato de que o Corinthians jogou com seu time reserva e sem um lateral-esquerdo de of\u00edcio, posi\u00e7\u00e3o que foi ocupada de improviso pelo meio campista Petros.<\/p>\n<p>Deu gosto de ver.<\/p>\n","protected":false},"excerpt":{"rendered":"<p>Desta vez, sim, foi um Corinthians a la europeia, como querem muitos por a\u00ed. Do apito inicial ao final, o Tim\u00e3o debru\u00e7ou-se sobre a Lusa, <a class=\"read-more\" href=\"https:\/\/blogs.gazetaesportiva.com\/albertohelena\/2015\/03\/24\/deu-gosto-timao\/\">leia mais<\/a><\/p>\n","protected":false},"author":46,"featured_media":3205,"comment_status":"open","ping_status":"open","sticky":false,"template":"","format":"standard","meta":{"_jetpack_newsletter_access":"","_jetpack_dont_email_post_to_subs":false,"_jetpack_newsletter_tier_id":0,"_jetpack_memberships_contains_paywalled_content":false,"_jetpack_memberships_contains_paid_content":false,"footnotes":""},"categories":[1],"tags":[],"class_list":["post-3202","post","type-post","status-publish","format-standard","has-post-thumbnail","hentry","category-sem-categoria"],"jetpack_featured_media_url":"https:\/\/blogs.gazetaesportiva.com\/albertohelena\/files\/2015\/03\/blog02.jpg","jetpack_sharing_enabled":true,"jetpack_shortlink":"https:\/\/wp.me\/pekB7q-PE","_links":{"self":[{"href":"https:\/\/blogs.gazetaesportiva.com\/albertohelena\/wp-json\/wp\/v2\/posts\/3202","targetHints":{"allow":["GET"]}}],"collection":[{"href":"https:\/\/blogs.gazetaesportiva.com\/albertohelena\/wp-json\/wp\/v2\/posts"}],"about":[{"href":"https:\/\/blogs.gazetaesportiva.com\/albertohelena\/wp-json\/wp\/v2\/types\/post"}],"author":[{"embeddable":true,"href":"https:\/\/blogs.gazetaesportiva.com\/albertohelena\/wp-json\/wp\/v2\/users\/46"}],"replies":[{"embeddable":true,"href":"https:\/\/blogs.gazetaesportiva.com\/albertohelena\/wp-json\/wp\/v2\/comments?post=3202"}],"version-history":[{"count":0,"href":"https:\/\/blogs.gazetaesportiva.com\/albertohelena\/wp-json\/wp\/v2\/posts\/3202\/revisions"}],"wp:featuredmedia":[{"embeddable":true,"href":"https:\/\/blogs.gazetaesportiva.com\/albertohelena\/wp-json\/wp\/v2\/media\/3205"}],"wp:attachment":[{"href":"https:\/\/blogs.gazetaesportiva.com\/albertohelena\/wp-json\/wp\/v2\/media?parent=3202"}],"wp:term":[{"taxonomy":"category","embeddable":true,"href":"https:\/\/blogs.gazetaesportiva.com\/albertohelena\/wp-json\/wp\/v2\/categories?post=3202"},{"taxonomy":"post_tag","embeddable":true,"href":"https:\/\/blogs.gazetaesportiva.com\/albertohelena\/wp-json\/wp\/v2\/tags?post=3202"}],"curies":[{"name":"wp","href":"https:\/\/api.w.org\/{rel}","templated":true}]}}