{"id":3188,"date":"2015-03-24T15:46:43","date_gmt":"2015-03-24T18:46:43","guid":{"rendered":"https:\/\/blogs.gazetaesportiva.com\/albertohelena\/?p=3188"},"modified":"2015-03-24T20:37:58","modified_gmt":"2015-03-24T23:37:58","slug":"a-hora-de-firmino","status":"publish","type":"post","link":"https:\/\/blogs.gazetaesportiva.com\/albertohelena\/2015\/03\/24\/a-hora-de-firmino\/","title":{"rendered":"A hora de Firmino"},"content":{"rendered":"<figure id=\"attachment_3196\" aria-describedby=\"caption-attachment-3196\" style=\"width: 640px\" class=\"wp-caption aligncenter\"><a href=\"https:\/\/blogs.gazetaesportiva.com\/albertohelena\/files\/2015\/03\/firmino_helena.jpg\"><img loading=\"lazy\" decoding=\"async\" data-attachment-id=\"3196\" data-permalink=\"https:\/\/blogs.gazetaesportiva.com\/albertohelena\/2015\/03\/24\/a-hora-de-firmino\/firmino_helena\/\" data-orig-file=\"https:\/\/blogs.gazetaesportiva.com\/albertohelena\/files\/2015\/03\/firmino_helena.jpg\" data-orig-size=\"640,332\" data-comments-opened=\"1\" data-image-meta=\"{&quot;aperture&quot;:&quot;0&quot;,&quot;credit&quot;:&quot;&quot;,&quot;camera&quot;:&quot;&quot;,&quot;caption&quot;:&quot;&quot;,&quot;created_timestamp&quot;:&quot;0&quot;,&quot;copyright&quot;:&quot;&quot;,&quot;focal_length&quot;:&quot;0&quot;,&quot;iso&quot;:&quot;0&quot;,&quot;shutter_speed&quot;:&quot;0&quot;,&quot;title&quot;:&quot;&quot;}\" data-image-title=\"Mowa Press\" data-image-description=\"\" data-image-caption=\"&lt;p&gt;Mowa Press&lt;\/p&gt;\n\" data-medium-file=\"https:\/\/blogs.gazetaesportiva.com\/albertohelena\/files\/2015\/03\/firmino_helena.jpg\" data-large-file=\"https:\/\/blogs.gazetaesportiva.com\/albertohelena\/files\/2015\/03\/firmino_helena.jpg\" class=\"size-full wp-image-3196\" alt=\"Mowa Press\" src=\"https:\/\/blogs.gazetaesportiva.com\/albertohelena\/files\/2015\/03\/firmino_helena.jpg\" width=\"640\" height=\"332\" \/><\/a><figcaption id=\"caption-attachment-3196\" class=\"wp-caption-text\">Mowa Press<\/figcaption><\/figure>\n<p>Dunga j\u00e1 decidiu que o substituto de Tardelli para o amistoso de quinta contra aFran\u00e7a ser\u00e1 Firmino, o artilheiro do Hoffenhein no campeonato alem\u00e3o. A exemplo de Tardelli &#8211; o titular dispensado por les\u00e3o -, n\u00e3o se trata de um centroavante t\u00edpico. \u00c9 mais um atacante que chega bem na \u00e1rea para finalizar.<\/p>\n<p>Confesso que n\u00e3o vi esse rapaz em a\u00e7\u00e3o o suficiente para ter uma clara e definitiva opini\u00e3o sobre seu futebol. Mas, o pouco que vi deixou-me boa impress\u00e3o. N\u00e3o tem, claro, nem de longe a habilidade, a t\u00e9cnica e a versatilidade de Tardelli, que tanto pode vir armar aqui atr\u00e1s quanto cair pelos lados ou atacar pelo meio. \u00c9, por\u00e9m, um fazedor de gols que sabe contribuir com os companheiros no jogo de passes que antecede ao lance final.<\/p>\n<p>E, pelo visto, n\u00e3o \u00e9 s\u00f3 um quebra-galho moment\u00e2neo, fruto da escassez de grandes centroavantes no nosso futebol, que ainda se resume apenas num Fred imprevis\u00edvel quanto \u00e0s suas condi\u00e7\u00f5es f\u00edsicas. \u00c9, sobretudo, uma tend\u00eancia de Dunga de se adequar aos novos tempos, em que, a partir do meio de campo, pelo menos, todos devam saber jogar bola, sem fun\u00e7\u00f5es exageradamente especificas. Mesmo porque l\u00e1 est\u00e1 ao lado de Dunga um centroavante genu\u00edno, embora n\u00e3o exatamente um trombador, o Lu\u00eds Adriano.<\/p>\n<p>Se assim for, que os ventos soprem a favor nessa caminhada surpreendente do t\u00e9cnico Dunga \u00e0 frente da nossa Sele\u00e7\u00e3o.<\/p>\n","protected":false},"excerpt":{"rendered":"<p>Dunga j\u00e1 decidiu que o substituto de Tardelli para o amistoso de quinta contra aFran\u00e7a ser\u00e1 Firmino, o artilheiro do Hoffenhein no campeonato alem\u00e3o. A <a class=\"read-more\" href=\"https:\/\/blogs.gazetaesportiva.com\/albertohelena\/2015\/03\/24\/a-hora-de-firmino\/\">leia mais<\/a><\/p>\n","protected":false},"author":46,"featured_media":3196,"comment_status":"open","ping_status":"open","sticky":false,"template":"","format":"standard","meta":{"_jetpack_newsletter_access":"","_jetpack_dont_email_post_to_subs":false,"_jetpack_newsletter_tier_id":0,"_jetpack_memberships_contains_paywalled_content":false,"_jetpack_memberships_contains_paid_content":false,"footnotes":""},"categories":[1],"tags":[],"class_list":["post-3188","post","type-post","status-publish","format-standard","has-post-thumbnail","hentry","category-sem-categoria"],"jetpack_featured_media_url":"https:\/\/blogs.gazetaesportiva.com\/albertohelena\/files\/2015\/03\/firmino_helena.jpg","jetpack_sharing_enabled":true,"jetpack_shortlink":"https:\/\/wp.me\/pekB7q-Pq","_links":{"self":[{"href":"https:\/\/blogs.gazetaesportiva.com\/albertohelena\/wp-json\/wp\/v2\/posts\/3188","targetHints":{"allow":["GET"]}}],"collection":[{"href":"https:\/\/blogs.gazetaesportiva.com\/albertohelena\/wp-json\/wp\/v2\/posts"}],"about":[{"href":"https:\/\/blogs.gazetaesportiva.com\/albertohelena\/wp-json\/wp\/v2\/types\/post"}],"author":[{"embeddable":true,"href":"https:\/\/blogs.gazetaesportiva.com\/albertohelena\/wp-json\/wp\/v2\/users\/46"}],"replies":[{"embeddable":true,"href":"https:\/\/blogs.gazetaesportiva.com\/albertohelena\/wp-json\/wp\/v2\/comments?post=3188"}],"version-history":[{"count":0,"href":"https:\/\/blogs.gazetaesportiva.com\/albertohelena\/wp-json\/wp\/v2\/posts\/3188\/revisions"}],"wp:featuredmedia":[{"embeddable":true,"href":"https:\/\/blogs.gazetaesportiva.com\/albertohelena\/wp-json\/wp\/v2\/media\/3196"}],"wp:attachment":[{"href":"https:\/\/blogs.gazetaesportiva.com\/albertohelena\/wp-json\/wp\/v2\/media?parent=3188"}],"wp:term":[{"taxonomy":"category","embeddable":true,"href":"https:\/\/blogs.gazetaesportiva.com\/albertohelena\/wp-json\/wp\/v2\/categories?post=3188"},{"taxonomy":"post_tag","embeddable":true,"href":"https:\/\/blogs.gazetaesportiva.com\/albertohelena\/wp-json\/wp\/v2\/tags?post=3188"}],"curies":[{"name":"wp","href":"https:\/\/api.w.org\/{rel}","templated":true}]}}