{"id":3186,"date":"2015-03-24T15:31:54","date_gmt":"2015-03-24T18:31:54","guid":{"rendered":"https:\/\/blogs.gazetaesportiva.com\/albertohelena\/?p=3186"},"modified":"2015-03-24T16:43:32","modified_gmt":"2015-03-24T19:43:32","slug":"estupidez-sem-limite","status":"publish","type":"post","link":"https:\/\/blogs.gazetaesportiva.com\/albertohelena\/2015\/03\/24\/estupidez-sem-limite\/","title":{"rendered":"Estupidez sem limite"},"content":{"rendered":"<figure id=\"attachment_3193\" aria-describedby=\"caption-attachment-3193\" style=\"width: 220px\" class=\"wp-caption alignright\"><a href=\"https:\/\/blogs.gazetaesportiva.com\/albertohelena\/files\/2015\/03\/tite_helena.jpg\"><img loading=\"lazy\" decoding=\"async\" data-attachment-id=\"3193\" data-permalink=\"https:\/\/blogs.gazetaesportiva.com\/albertohelena\/2015\/03\/24\/estupidez-sem-limite\/spo-10\/\" data-orig-file=\"https:\/\/blogs.gazetaesportiva.com\/albertohelena\/files\/2015\/03\/tite_helena.jpg\" data-orig-size=\"220,330\" data-comments-opened=\"1\" data-image-meta=\"{&quot;aperture&quot;:&quot;4&quot;,&quot;credit&quot;:&quot;() Daniel Augusto Jr.&quot;,&quot;camera&quot;:&quot;Canon EOS-1D X&quot;,&quot;caption&quot;:&quot;durante o treino desta tarde no CT Joaquim Grava, zona leste da cidade. O proximo jogo  do time ser\\u00e1 amanha dia 24\\\/03 contra a Portuguesa, na Arena Corinthians, jogo adiado valido pela 4a. rodada do Campeonato Paulista de 2015. Juiz: Luiz Flavio de Oliveira - Sao Paulo \\\/ SP - Brasil - 23\\\/03\\\/2015. Foto: \\u00a9 Daniel Augusto Jr. \\\/ Ag. Corinthians&quot;,&quot;created_timestamp&quot;:&quot;1427128837&quot;,&quot;copyright&quot;:&quot;Esta imagem e protegida pela Lei do Direito Autoral. Sua publicacao sem autorizacao constitui contrafacao grave a Lei 9610\\\/98 e sera passivel de sansoes.&quot;,&quot;focal_length&quot;:&quot;400&quot;,&quot;iso&quot;:&quot;500&quot;,&quot;shutter_speed&quot;:&quot;0.00125&quot;,&quot;title&quot;:&quot;() SPO&quot;}\" data-image-title=\"Daniel Augusto Jr\/Ag Corinthians\" data-image-description=\"&lt;p&gt;durante o treino desta tarde no CT Joaquim Grava, zona leste da cidade. O proximo jogo  do time ser\u00e1 amanha dia 24\/03 contra a Portuguesa, na Arena Corinthians, jogo adiado valido pela 4a. rodada do Campeonato Paulista de 2015. Juiz: Luiz Flavio de Oliveira &amp;#8211; Sao Paulo \/ SP &amp;#8211; Brasil &amp;#8211; 23\/03\/2015. Foto: \u00a9 Daniel Augusto Jr. \/ Ag. Corinthians&lt;\/p&gt;\n\" data-image-caption=\"&lt;p&gt;Daniel Augusto Jr\/Ag Corinthians&lt;\/p&gt;\n\" data-medium-file=\"https:\/\/blogs.gazetaesportiva.com\/albertohelena\/files\/2015\/03\/tite_helena.jpg\" data-large-file=\"https:\/\/blogs.gazetaesportiva.com\/albertohelena\/files\/2015\/03\/tite_helena.jpg\" class=\"size-full wp-image-3193\" alt=\"Daniel Augusto Jr\/Ag Corinthians\" src=\"https:\/\/blogs.gazetaesportiva.com\/albertohelena\/files\/2015\/03\/tite_helena.jpg\" width=\"220\" height=\"330\" \/><\/a><figcaption id=\"caption-attachment-3193\" class=\"wp-caption-text\">Daniel Augusto Jr\/Ag Corinthians<\/figcaption><\/figure>\n<p>No pa\u00eds dos Del Nero, \u00e9 isso a\u00ed: o Corinthians joga hoje, depois de amanh\u00e3 e no fim de semana por um campeonato esvaziado de antem\u00e3o, por conta da f\u00f3rmula esdr\u00faxula e reconhecidamente superada de disputa, justamente quando h\u00e1 uma Libertadores no caminho.<\/p>\n<p>Prova disso, os est\u00e1dios \u00e0s moscas, no que tamb\u00e9m os clubes contribuem cobrando pre\u00e7os absurdos de ingresso. Basta dizer que o cl\u00e1ssico do Rio, que tamb\u00e9m \u00e9 um torneiozinho desprovido de maiores interesses, como de resto os estaduais nos nossos principais centros futebol\u00edsticos, chamou mais gente ao Maracan\u00e3 do que a soma de todos os presentes na rodada inteira do Paulistinha.<\/p>\n<p>Toda aposta fica na conta dos mata-matas decisivos, entre Corinthians, Santos, S\u00e3o Paulo e Palmeiras, pedra cantada desde antes do in\u00edcio da humanidade.<\/p>\n<p>A\u00ed, certamente, teremos um bom p\u00fablico, que ser\u00e1 exibido com g\u00e1udio pelos Del Nero da vida.<\/p>\n<p>N\u00e3o h\u00e1 limite para a estupidez dessa gente. Para evitar que os grandes, de olho, claro, na Libertadores e no Brasileir\u00e3o que a\u00ed vem, entrassem em campo com seus times reservas, recheados dos meninos da base, a FPF limitou o n\u00famero de inscritos ao m\u00ednimo exequ\u00edvel. Resultado: como a necessidade fala mais alto do que os interesses da Federa\u00e7\u00e3o, o Corinthians vai com seu time reserva esta noite, sem ao menos poder atrair um p\u00fablico extra eventualmente interessado em ver seus futuros craques em campo.<\/p>\n<p>E, mais: a entidade cujo escopo \u00e9 preservar as regras da competi\u00e7\u00e3o, obriga o Tim\u00e3o a quebrar uma regra maior, aquela que determina o prazo m\u00ednimo de 72 horas entre uma partida e outra a ser disputada por um time, regra de ouro, baixada pela Organiza\u00e7\u00e3o Mundial da Sa\u00fade e v\u00e1lida em todo o planeta.<\/p>\n<p>At\u00e9 quando teremos de aturar esse estado de coisas? Pelo visto, pra sempre, at\u00e9 que o futebol brasileiro escoe de vez pelo bueiro.<\/p>\n","protected":false},"excerpt":{"rendered":"<p>No pa\u00eds dos Del Nero, \u00e9 isso a\u00ed: o Corinthians joga hoje, depois de amanh\u00e3 e no fim de semana por um campeonato esvaziado de <a class=\"read-more\" href=\"https:\/\/blogs.gazetaesportiva.com\/albertohelena\/2015\/03\/24\/estupidez-sem-limite\/\">leia mais<\/a><\/p>\n","protected":false},"author":46,"featured_media":3193,"comment_status":"open","ping_status":"open","sticky":false,"template":"","format":"standard","meta":{"_jetpack_newsletter_access":"","_jetpack_dont_email_post_to_subs":false,"_jetpack_newsletter_tier_id":0,"_jetpack_memberships_contains_paywalled_content":false,"_jetpack_memberships_contains_paid_content":false,"footnotes":""},"categories":[1],"tags":[],"class_list":["post-3186","post","type-post","status-publish","format-standard","has-post-thumbnail","hentry","category-sem-categoria"],"jetpack_featured_media_url":"https:\/\/blogs.gazetaesportiva.com\/albertohelena\/files\/2015\/03\/tite_helena.jpg","jetpack_sharing_enabled":true,"jetpack_shortlink":"https:\/\/wp.me\/pekB7q-Po","_links":{"self":[{"href":"https:\/\/blogs.gazetaesportiva.com\/albertohelena\/wp-json\/wp\/v2\/posts\/3186","targetHints":{"allow":["GET"]}}],"collection":[{"href":"https:\/\/blogs.gazetaesportiva.com\/albertohelena\/wp-json\/wp\/v2\/posts"}],"about":[{"href":"https:\/\/blogs.gazetaesportiva.com\/albertohelena\/wp-json\/wp\/v2\/types\/post"}],"author":[{"embeddable":true,"href":"https:\/\/blogs.gazetaesportiva.com\/albertohelena\/wp-json\/wp\/v2\/users\/46"}],"replies":[{"embeddable":true,"href":"https:\/\/blogs.gazetaesportiva.com\/albertohelena\/wp-json\/wp\/v2\/comments?post=3186"}],"version-history":[{"count":0,"href":"https:\/\/blogs.gazetaesportiva.com\/albertohelena\/wp-json\/wp\/v2\/posts\/3186\/revisions"}],"wp:featuredmedia":[{"embeddable":true,"href":"https:\/\/blogs.gazetaesportiva.com\/albertohelena\/wp-json\/wp\/v2\/media\/3193"}],"wp:attachment":[{"href":"https:\/\/blogs.gazetaesportiva.com\/albertohelena\/wp-json\/wp\/v2\/media?parent=3186"}],"wp:term":[{"taxonomy":"category","embeddable":true,"href":"https:\/\/blogs.gazetaesportiva.com\/albertohelena\/wp-json\/wp\/v2\/categories?post=3186"},{"taxonomy":"post_tag","embeddable":true,"href":"https:\/\/blogs.gazetaesportiva.com\/albertohelena\/wp-json\/wp\/v2\/tags?post=3186"}],"curies":[{"name":"wp","href":"https:\/\/api.w.org\/{rel}","templated":true}]}}