{"id":3015,"date":"2015-03-07T15:38:01","date_gmt":"2015-03-07T18:38:01","guid":{"rendered":"https:\/\/blogs.gazetaesportiva.com\/albertohelena\/?p=3015"},"modified":"2015-03-07T16:34:56","modified_gmt":"2015-03-07T19:34:56","slug":"majestoso-ansiedade-x-cabeca-fria","status":"publish","type":"post","link":"https:\/\/blogs.gazetaesportiva.com\/albertohelena\/2015\/03\/07\/majestoso-ansiedade-x-cabeca-fria\/","title":{"rendered":"Majestoso: ansiedade x cabe\u00e7a fria"},"content":{"rendered":"<figure id=\"attachment_3018\" aria-describedby=\"caption-attachment-3018\" style=\"width: 640px\" class=\"wp-caption aligncenter\"><a href=\"https:\/\/blogs.gazetaesportiva.com\/albertohelena\/files\/2015\/03\/michel_ganso_070315_dv.jpg\"><img loading=\"lazy\" decoding=\"async\" data-attachment-id=\"3018\" data-permalink=\"https:\/\/blogs.gazetaesportiva.com\/albertohelena\/2015\/03\/07\/majestoso-ansiedade-x-cabeca-fria\/michel_ganso_070315_dv\/\" data-orig-file=\"https:\/\/blogs.gazetaesportiva.com\/albertohelena\/files\/2015\/03\/michel_ganso_070315_dv.jpg\" data-orig-size=\"640,701\" data-comments-opened=\"1\" data-image-meta=\"{&quot;aperture&quot;:&quot;0&quot;,&quot;credit&quot;:&quot;&quot;,&quot;camera&quot;:&quot;&quot;,&quot;caption&quot;:&quot;&quot;,&quot;created_timestamp&quot;:&quot;0&quot;,&quot;copyright&quot;:&quot;&quot;,&quot;focal_length&quot;:&quot;0&quot;,&quot;iso&quot;:&quot;0&quot;,&quot;shutter_speed&quot;:&quot;0&quot;,&quot;title&quot;:&quot;&quot;}\" data-image-title=\"michel_ganso_070315_dv\" data-image-description=\"\" data-image-caption=\"&lt;p&gt;Djalma Vass\u00e3o\/Gazeta Press&lt;\/p&gt;\n\" data-medium-file=\"https:\/\/blogs.gazetaesportiva.com\/albertohelena\/files\/2015\/03\/michel_ganso_070315_dv.jpg\" data-large-file=\"https:\/\/blogs.gazetaesportiva.com\/albertohelena\/files\/2015\/03\/michel_ganso_070315_dv.jpg\" class=\"size-full wp-image-3018\" alt=\"Djalma Vass\u00e3o\/Gazeta Press\" src=\"https:\/\/blogs.gazetaesportiva.com\/albertohelena\/files\/2015\/03\/michel_ganso_070315_dv.jpg\" width=\"640\" height=\"701\" \/><\/a><figcaption id=\"caption-attachment-3018\" class=\"wp-caption-text\">Djalma Vass\u00e3o\/Gazeta Press<\/figcaption><\/figure>\n<p>Se o Corinthians est\u00e1 mais entrosado, o S\u00e3o Paulo tem dois jogadores que podem desequilibrar um jogo como esse Majestoso do domingo: Ganso e Michel Bastos.<\/p>\n<p>Os dois times est\u00e3o mais preocupados com a Libertadores, onde o Tim\u00e3o segue \u00e0 frente do Tricolor justamente pela vit\u00f3ria categ\u00f3rica do \u00faltimo confronto entre ambos, no est\u00e1dio de Itaquera. Mas, sacum\u00e9&#8230;, quando eles se encontram, querem vencer at\u00e9 na moedinha de escolha do lado do campo.<\/p>\n<p>Mais ainda o Tricolor, que joga em casa, e que est\u00e1 com aquela derrota, moralmente acachapante, entalada no gog\u00f3. Isso, tanto pode estimular o S\u00e3o Paulo a ponto de dominar o esp\u00edrito do jogo e dar o troco devido, ou simplesmente naufragar na ansiedade, diante de um Corinthians que sabe se defender e manter a cabe\u00e7a no lugar como poucos.<\/p>\n<p>No plano t\u00e1tico, tudo indica, teremos um replay do jogo anterior: o S\u00e3o Paulo com a bola nos p\u00e9s e o Corinthians fechadinho l\u00e1 atr\u00e1s. Talvez, como forma de surpreender, o Tim\u00e3o arrisque uma blitz inicial, algo que tem feito com certa frequ\u00eancia nesta temporada. Quem sabe, assim, arranque aquele golzinho providencial. Mesmo porque a defesa tricolor tem sido pouco confi\u00e1vel, sobretudo se D\u00f3ria n\u00e3o estiver inteiramente recuperado da tor\u00e7\u00e3o no tornozelo, sofrida no \u00faltimo treinamento.<\/p>\n<p>L\u00e1 na frente, outro ponto de interroga\u00e7\u00e3o precede e sucede ao nome de Centuri\u00f3n, em respeito \u00e0 pontua\u00e7\u00e3o do idioma natal do gringo. Sim, porque \u00e9 justamente esse o problema de adapta\u00e7\u00e3o do argentino ao futebol brasileiro: n\u00e3o entender direito o que os companheiros dizem, tampouco fazer-se compreender por eles.<\/p>\n<p>Pode parecer besteira, mas a falta de comunica\u00e7\u00e3o imediata e clara entre os jogadores, num esporte coletivo, \u00e9 uma pedra na chuteira de qualquer um. A n\u00e3o ser que o cara seja um daqueles g\u00eanios cujo entendimento com a bola \u00e9 t\u00e3o \u00edntima que dispense outros coment\u00e1rios. N\u00e3o me parece ser ainda o caso de Centuri\u00f3n.<\/p>\n<p>&nbsp;<\/p>\n","protected":false},"excerpt":{"rendered":"<p>Se o Corinthians est\u00e1 mais entrosado, o S\u00e3o Paulo tem dois jogadores que podem desequilibrar um jogo como esse Majestoso do domingo: Ganso e Michel <a class=\"read-more\" href=\"https:\/\/blogs.gazetaesportiva.com\/albertohelena\/2015\/03\/07\/majestoso-ansiedade-x-cabeca-fria\/\">leia mais<\/a><\/p>\n","protected":false},"author":46,"featured_media":3018,"comment_status":"open","ping_status":"open","sticky":false,"template":"","format":"standard","meta":{"_jetpack_newsletter_access":"","_jetpack_dont_email_post_to_subs":false,"_jetpack_newsletter_tier_id":0,"_jetpack_memberships_contains_paywalled_content":false,"_jetpack_memberships_contains_paid_content":false,"footnotes":""},"categories":[1],"tags":[],"class_list":["post-3015","post","type-post","status-publish","format-standard","has-post-thumbnail","hentry","category-sem-categoria"],"jetpack_featured_media_url":"https:\/\/blogs.gazetaesportiva.com\/albertohelena\/files\/2015\/03\/michel_ganso_070315_dv.jpg","jetpack_sharing_enabled":true,"jetpack_shortlink":"https:\/\/wp.me\/pekB7q-MD","_links":{"self":[{"href":"https:\/\/blogs.gazetaesportiva.com\/albertohelena\/wp-json\/wp\/v2\/posts\/3015","targetHints":{"allow":["GET"]}}],"collection":[{"href":"https:\/\/blogs.gazetaesportiva.com\/albertohelena\/wp-json\/wp\/v2\/posts"}],"about":[{"href":"https:\/\/blogs.gazetaesportiva.com\/albertohelena\/wp-json\/wp\/v2\/types\/post"}],"author":[{"embeddable":true,"href":"https:\/\/blogs.gazetaesportiva.com\/albertohelena\/wp-json\/wp\/v2\/users\/46"}],"replies":[{"embeddable":true,"href":"https:\/\/blogs.gazetaesportiva.com\/albertohelena\/wp-json\/wp\/v2\/comments?post=3015"}],"version-history":[{"count":0,"href":"https:\/\/blogs.gazetaesportiva.com\/albertohelena\/wp-json\/wp\/v2\/posts\/3015\/revisions"}],"wp:featuredmedia":[{"embeddable":true,"href":"https:\/\/blogs.gazetaesportiva.com\/albertohelena\/wp-json\/wp\/v2\/media\/3018"}],"wp:attachment":[{"href":"https:\/\/blogs.gazetaesportiva.com\/albertohelena\/wp-json\/wp\/v2\/media?parent=3015"}],"wp:term":[{"taxonomy":"category","embeddable":true,"href":"https:\/\/blogs.gazetaesportiva.com\/albertohelena\/wp-json\/wp\/v2\/categories?post=3015"},{"taxonomy":"post_tag","embeddable":true,"href":"https:\/\/blogs.gazetaesportiva.com\/albertohelena\/wp-json\/wp\/v2\/tags?post=3015"}],"curies":[{"name":"wp","href":"https:\/\/api.w.org\/{rel}","templated":true}]}}