{"id":3012,"date":"2015-03-07T15:13:12","date_gmt":"2015-03-07T18:13:12","guid":{"rendered":"https:\/\/blogs.gazetaesportiva.com\/albertohelena\/?p=3012"},"modified":"2015-03-07T15:13:12","modified_gmt":"2015-03-07T18:13:12","slug":"ate-tu-guardiola","status":"publish","type":"post","link":"https:\/\/blogs.gazetaesportiva.com\/albertohelena\/2015\/03\/07\/ate-tu-guardiola\/","title":{"rendered":"At\u00e9 tu, Guardiola?"},"content":{"rendered":"<p><em>Tu quoque, Guardiola? <\/em><\/p>\n<p>A c\u00e9lebre \u00faltima frase de J\u00falio C\u00e9sar diante da trai\u00e7\u00e3o de seu protegido, Brutus, envio para Pep Guardiola, o mais s\u00e1bio dos treinadores de futebol atual, que neste s\u00e1bado cometeu uma lamban\u00e7a digna dos nossos conterr\u00e2neos. Jogando contra o Hannover, na casa do inimigo, entrou em campo com tr\u00eas zagueiros-zagueiros, como diria Luxa: Badstuber, Dante e e Boateng, mais o volante-volante Xabi Alonso, com Alaba por dentro e Rib\u00e9ry no banco.<\/p>\n<p>Resultado: embora tivesse a bola a seus p\u00e9s o tempo todo, o Bayern n\u00e3o conseguia vencer a retranca do advers\u00e1rio e ainda tomou um gol de contragolpe. \u00c9 verdade que resp0ndeu no ato, com Xabi Alonso, em cobran\u00e7a de falta. Claro, pois, n\u00e3o dispunha das jogadas pelos lados, j\u00e1 que Robben estava encaixotado entre quatro marcadores na direita, e Bernati era esquecido na esquerda.<\/p>\n<p>Mas, s\u00f3 no segundo tempo, quando desfez o malfeito, trocando Dante por Rib\u00e9ry e Xabi Alonso por Schweinsteiger e G\u00f6tz\u00a0 por Lewandovski, foi que o Bayern conseguiu varar o ferrolho vermelho e chegar aos 3 a 1 finais, com dois de Muller, al\u00e9m de criar mais duas \u00f3timas chances para ampliar.<\/p>\n<p>Guardiola, Guardiola, meu filho&#8230;<\/p>\n","protected":false},"excerpt":{"rendered":"<p>Tu quoque, Guardiola? A c\u00e9lebre \u00faltima frase de J\u00falio C\u00e9sar diante da trai\u00e7\u00e3o de seu protegido, Brutus, envio para Pep Guardiola, o mais s\u00e1bio dos <a class=\"read-more\" href=\"https:\/\/blogs.gazetaesportiva.com\/albertohelena\/2015\/03\/07\/ate-tu-guardiola\/\">leia mais<\/a><\/p>\n","protected":false},"author":46,"featured_media":0,"comment_status":"open","ping_status":"open","sticky":false,"template":"","format":"standard","meta":{"_jetpack_newsletter_access":"","_jetpack_dont_email_post_to_subs":false,"_jetpack_newsletter_tier_id":0,"_jetpack_memberships_contains_paywalled_content":false,"_jetpack_memberships_contains_paid_content":false,"footnotes":""},"categories":[1],"tags":[],"class_list":["post-3012","post","type-post","status-publish","format-standard","hentry","category-sem-categoria"],"jetpack_featured_media_url":"","jetpack_sharing_enabled":true,"jetpack_shortlink":"https:\/\/wp.me\/pekB7q-MA","_links":{"self":[{"href":"https:\/\/blogs.gazetaesportiva.com\/albertohelena\/wp-json\/wp\/v2\/posts\/3012","targetHints":{"allow":["GET"]}}],"collection":[{"href":"https:\/\/blogs.gazetaesportiva.com\/albertohelena\/wp-json\/wp\/v2\/posts"}],"about":[{"href":"https:\/\/blogs.gazetaesportiva.com\/albertohelena\/wp-json\/wp\/v2\/types\/post"}],"author":[{"embeddable":true,"href":"https:\/\/blogs.gazetaesportiva.com\/albertohelena\/wp-json\/wp\/v2\/users\/46"}],"replies":[{"embeddable":true,"href":"https:\/\/blogs.gazetaesportiva.com\/albertohelena\/wp-json\/wp\/v2\/comments?post=3012"}],"version-history":[{"count":0,"href":"https:\/\/blogs.gazetaesportiva.com\/albertohelena\/wp-json\/wp\/v2\/posts\/3012\/revisions"}],"wp:attachment":[{"href":"https:\/\/blogs.gazetaesportiva.com\/albertohelena\/wp-json\/wp\/v2\/media?parent=3012"}],"wp:term":[{"taxonomy":"category","embeddable":true,"href":"https:\/\/blogs.gazetaesportiva.com\/albertohelena\/wp-json\/wp\/v2\/categories?post=3012"},{"taxonomy":"post_tag","embeddable":true,"href":"https:\/\/blogs.gazetaesportiva.com\/albertohelena\/wp-json\/wp\/v2\/tags?post=3012"}],"curies":[{"name":"wp","href":"https:\/\/api.w.org\/{rel}","templated":true}]}}