{"id":3007,"date":"2015-03-05T19:45:19","date_gmt":"2015-03-05T22:45:19","guid":{"rendered":"https:\/\/blogs.gazetaesportiva.com\/albertohelena\/?p=3007"},"modified":"2015-03-05T19:51:37","modified_gmt":"2015-03-05T22:51:37","slug":"a-queda-de-emerson","status":"publish","type":"post","link":"https:\/\/blogs.gazetaesportiva.com\/albertohelena\/2015\/03\/05\/a-queda-de-emerson\/","title":{"rendered":"A queda de Enderson"},"content":{"rendered":"<figure id=\"attachment_3010\" aria-describedby=\"caption-attachment-3010\" style=\"width: 300px\" class=\"wp-caption alignright\"><a href=\"https:\/\/blogs.gazetaesportiva.com\/albertohelena\/files\/2015\/03\/helenaenderson.jpg\"><img loading=\"lazy\" decoding=\"async\" data-attachment-id=\"3010\" data-permalink=\"https:\/\/blogs.gazetaesportiva.com\/albertohelena\/2015\/03\/05\/a-queda-de-emerson\/helenaenderson\/\" data-orig-file=\"https:\/\/blogs.gazetaesportiva.com\/albertohelena\/files\/2015\/03\/helenaenderson.jpg\" data-orig-size=\"300,409\" data-comments-opened=\"1\" data-image-meta=\"{&quot;aperture&quot;:&quot;0&quot;,&quot;credit&quot;:&quot;&quot;,&quot;camera&quot;:&quot;&quot;,&quot;caption&quot;:&quot;&quot;,&quot;created_timestamp&quot;:&quot;0&quot;,&quot;copyright&quot;:&quot;&quot;,&quot;focal_length&quot;:&quot;0&quot;,&quot;iso&quot;:&quot;0&quot;,&quot;shutter_speed&quot;:&quot;0&quot;,&quot;title&quot;:&quot;&quot;}\" data-image-title=\"Divulga\u00e7\u00e3o\" data-image-description=\"\" data-image-caption=\"&lt;p&gt;Divulga\u00e7\u00e3o&lt;\/p&gt;\n\" data-medium-file=\"https:\/\/blogs.gazetaesportiva.com\/albertohelena\/files\/2015\/03\/helenaenderson.jpg\" data-large-file=\"https:\/\/blogs.gazetaesportiva.com\/albertohelena\/files\/2015\/03\/helenaenderson.jpg\" class=\"size-full wp-image-3010\" alt=\"Divulga\u00e7\u00e3o\" src=\"https:\/\/blogs.gazetaesportiva.com\/albertohelena\/files\/2015\/03\/helenaenderson.jpg\" width=\"300\" height=\"409\" \/><\/a><figcaption id=\"caption-attachment-3010\" class=\"wp-caption-text\">Divulga\u00e7\u00e3o<\/figcaption><\/figure>\n<p>At\u00e9 hoje n\u00e3o entendi por que cargas d&#8217;\u00e1gua o Santos demitiu Oswaldo de Oliveira para contratar Enderson Moreira.<\/p>\n<p>Oswaldo, um cara equilibrado, inteligente, de muito bom gosto, diga-se, t\u00e9cnico vitorioso, experiente, vinha desempenhando muito bem seu papel na Vila. Que \u00e9 qual? Basicamente, seguir \u00e0 risca a hist\u00f3ria de um clube pr\u00f3digo em revelar novos valores e obter em campo resultados compat\u00edveis com esse processo de transforma\u00e7\u00e3o.<\/p>\n<p>Em um ano, Oswaldo promoveu a ascens\u00e3o \u00e0 equipe titular cerca de 13 jogadores da base, algo absolutamente in\u00e9dito no nosso futebol. E o fez conscientemente, n\u00e3o por acaso ou por pura falta de alternativa, como ocorreu com Le\u00e3o e o time de Robinho ou Dorival Jr. e a turma de Ganso e Neymar.<\/p>\n<p>No campo dos resultados, n\u00e3o foi nem mais, nem menos do que era poss\u00edvel naquelas circunst\u00e2ncias. Ah, mas perdeu o t\u00edtulo paulista para o Ituano, dir\u00e1 o fanatizado peixeiro. Sim, perdeu,uma derrota t\u00edpica do sistema mata-mata, onde as vari\u00e1veis se sobrep\u00f5e aos aspectos meramente t\u00e9cnico e t\u00e1ticos. Ainda mais natural pela juventude do time peixeiro. Mas, de fato, o Santos cumpriu o melhor desempenho de todos os demais concorrentes, ao longo de todo o campeonato.<\/p>\n<p>N\u00e3o houve crise nenhuma, o t\u00e9cnico n\u00e3o bateu de frente com este cartola ou aquele jogador mais carism\u00e1tico, nada disso. A n\u00e3o ser a barragem de Leandro Dami\u00e3o, depois de muitas tentativas infrut\u00edferas, o maior mico da hist\u00f3ria do Santos, se equilibrados custo e benef\u00edcio, para dar lugar a Gabigol, a maior esperan\u00e7a. Dami\u00e3o acabou saindo, mas depois da demiss\u00e3o de Oswaldo.<\/p>\n<p>De s\u00fabito, rua. Chega Enderson, um t\u00e9cnico em forma\u00e7\u00e3o, que, segundo os discursos contradit\u00f3rios da diretoria, desembarcava na Vila para aproveitar melhor a base. Melhor? Como? Assim: aos poucos, os Meninos da Vila foram cedendo espa\u00e7o para os veteranos rec\u00e9m-contratados. E os resultados? Mais ou menos os mesmos dos tempos de Oswaldo, j\u00e1 que o Santos de Enderson n\u00e3o abdicou de vez da gen\u00e9tica voca\u00e7\u00e3o ofensiva do clube.<\/p>\n<p>N\u00e3o satisfeito, Enderson veio a p\u00fablico e, para se justificar, criticou os meninos e levou o troco de Gustavo Henrique. Foi o suficiente para perder as estribeiras, o que resultou na sua demiss\u00e3o.<\/p>\n<p>E agora? Agora \u00e9 esperar pra ver qual ser\u00e1 pr\u00f3xima v\u00edtima.<\/p>\n<p>&nbsp;<\/p>\n","protected":false},"excerpt":{"rendered":"<p>At\u00e9 hoje n\u00e3o entendi por que cargas d&#8217;\u00e1gua o Santos demitiu Oswaldo de Oliveira para contratar Enderson Moreira. Oswaldo, um cara equilibrado, inteligente, de muito <a class=\"read-more\" href=\"https:\/\/blogs.gazetaesportiva.com\/albertohelena\/2015\/03\/05\/a-queda-de-emerson\/\">leia mais<\/a><\/p>\n","protected":false},"author":46,"featured_media":3010,"comment_status":"open","ping_status":"open","sticky":false,"template":"","format":"standard","meta":{"_jetpack_newsletter_access":"","_jetpack_dont_email_post_to_subs":false,"_jetpack_newsletter_tier_id":0,"_jetpack_memberships_contains_paywalled_content":false,"_jetpack_memberships_contains_paid_content":false,"footnotes":""},"categories":[1],"tags":[],"class_list":["post-3007","post","type-post","status-publish","format-standard","has-post-thumbnail","hentry","category-sem-categoria"],"jetpack_featured_media_url":"https:\/\/blogs.gazetaesportiva.com\/albertohelena\/files\/2015\/03\/helenaenderson.jpg","jetpack_sharing_enabled":true,"jetpack_shortlink":"https:\/\/wp.me\/pekB7q-Mv","_links":{"self":[{"href":"https:\/\/blogs.gazetaesportiva.com\/albertohelena\/wp-json\/wp\/v2\/posts\/3007","targetHints":{"allow":["GET"]}}],"collection":[{"href":"https:\/\/blogs.gazetaesportiva.com\/albertohelena\/wp-json\/wp\/v2\/posts"}],"about":[{"href":"https:\/\/blogs.gazetaesportiva.com\/albertohelena\/wp-json\/wp\/v2\/types\/post"}],"author":[{"embeddable":true,"href":"https:\/\/blogs.gazetaesportiva.com\/albertohelena\/wp-json\/wp\/v2\/users\/46"}],"replies":[{"embeddable":true,"href":"https:\/\/blogs.gazetaesportiva.com\/albertohelena\/wp-json\/wp\/v2\/comments?post=3007"}],"version-history":[{"count":0,"href":"https:\/\/blogs.gazetaesportiva.com\/albertohelena\/wp-json\/wp\/v2\/posts\/3007\/revisions"}],"wp:featuredmedia":[{"embeddable":true,"href":"https:\/\/blogs.gazetaesportiva.com\/albertohelena\/wp-json\/wp\/v2\/media\/3010"}],"wp:attachment":[{"href":"https:\/\/blogs.gazetaesportiva.com\/albertohelena\/wp-json\/wp\/v2\/media?parent=3007"}],"wp:term":[{"taxonomy":"category","embeddable":true,"href":"https:\/\/blogs.gazetaesportiva.com\/albertohelena\/wp-json\/wp\/v2\/categories?post=3007"},{"taxonomy":"post_tag","embeddable":true,"href":"https:\/\/blogs.gazetaesportiva.com\/albertohelena\/wp-json\/wp\/v2\/tags?post=3007"}],"curies":[{"name":"wp","href":"https:\/\/api.w.org\/{rel}","templated":true}]}}