{"id":3000,"date":"2015-03-05T18:01:35","date_gmt":"2015-03-05T21:01:35","guid":{"rendered":"https:\/\/blogs.gazetaesportiva.com\/albertohelena\/?p=3000"},"modified":"2015-03-05T18:13:11","modified_gmt":"2015-03-05T21:13:11","slug":"to-gostando-do-dunga","status":"publish","type":"post","link":"https:\/\/blogs.gazetaesportiva.com\/albertohelena\/2015\/03\/05\/to-gostando-do-dunga\/","title":{"rendered":"Robinho, Tardelli e Neymar, huummm&#8230;"},"content":{"rendered":"<figure id=\"attachment_3005\" aria-describedby=\"caption-attachment-3005\" style=\"width: 640px\" class=\"wp-caption aligncenter\"><a href=\"https:\/\/blogs.gazetaesportiva.com\/albertohelena\/files\/2015\/03\/helenadunga.jpg\"><img loading=\"lazy\" decoding=\"async\" data-attachment-id=\"3005\" data-permalink=\"https:\/\/blogs.gazetaesportiva.com\/albertohelena\/2015\/03\/05\/to-gostando-do-dunga\/helenadunga\/\" data-orig-file=\"https:\/\/blogs.gazetaesportiva.com\/albertohelena\/files\/2015\/03\/helenadunga.jpg\" data-orig-size=\"640,427\" data-comments-opened=\"1\" data-image-meta=\"{&quot;aperture&quot;:&quot;0&quot;,&quot;credit&quot;:&quot;&quot;,&quot;camera&quot;:&quot;&quot;,&quot;caption&quot;:&quot;&quot;,&quot;created_timestamp&quot;:&quot;0&quot;,&quot;copyright&quot;:&quot;&quot;,&quot;focal_length&quot;:&quot;0&quot;,&quot;iso&quot;:&quot;0&quot;,&quot;shutter_speed&quot;:&quot;0&quot;,&quot;title&quot;:&quot;&quot;}\" data-image-title=\"AFP\" data-image-description=\"\" data-image-caption=\"&lt;p&gt;AFP&lt;\/p&gt;\n\" data-medium-file=\"https:\/\/blogs.gazetaesportiva.com\/albertohelena\/files\/2015\/03\/helenadunga.jpg\" data-large-file=\"https:\/\/blogs.gazetaesportiva.com\/albertohelena\/files\/2015\/03\/helenadunga.jpg\" class=\"size-full wp-image-3005\" alt=\"AFP\" src=\"https:\/\/blogs.gazetaesportiva.com\/albertohelena\/files\/2015\/03\/helenadunga.jpg\" width=\"640\" height=\"427\" \/><\/a><figcaption id=\"caption-attachment-3005\" class=\"wp-caption-text\">AFP<\/figcaption><\/figure>\n<p>Gostei da convoca\u00e7\u00e3o de Dunga para os amistosos contra Fran\u00e7a e Chile, com exce\u00e7\u00e3o das aus\u00eancias de Everton Ribeiro e Ricardo Goulart. Dunga explicou que os dois n\u00e3o est\u00e3o em plena forma f\u00edsica l\u00e1 na China. Mas, o fato \u00e9 que Goulart, ainda no domingo, meteu tr\u00eas gols pela sua equipe.<\/p>\n<p>Por outro lado, acho altamente interessante a perspectiva de se ver um ataque brasileiro com Robinho, Tardelli e Neymar, tr\u00eas azougues, h\u00e1beis e incisivos, sem posi\u00e7\u00e3o fixa, infernizando as defesas advers\u00e1rias. E, se Dunga ampar\u00e1-los com Luiz Gustavo, Elias e Oscar ou William, mais os apoios de Danilo, pela direita, e Marcelo, pela esquerda, teremos um time jogando verdadeiramente o tal futebol moderno, muito pr\u00f3ximo daquele que pratic\u00e1vamos por aqui antes de sucumbirmos \u00e0 s\u00edndrome do contra-ataque e de tantas retra\u00e7\u00f5es resultantes.<\/p>\n<p>Isso pode estabelecer um padr\u00e3o no time brasileiro que nos livre da presen\u00e7a obrigat\u00f3ria de um centroavant\u00e3o t\u00edpico, que tanto entrava a din\u00e2mica de uma equipe de futebol.<\/p>\n<p>Ah, mas Robinho, embora esteja jogando bem pelo Santos, tem 31 anos, n\u00e3o chegar\u00e1 \u00e0 pr\u00f3xima Copa.<\/p>\n<p>\u00c9 verdade. Mas, querer montar uma Sele\u00e7\u00e3o Brasileira pra daqui tr\u00eas anos \u00e9 uma utopia, pois o futebol \u00e9 como um caleidosc\u00f3pio que, ao girar, vai formando novas composi\u00e7\u00f5es de imagens. Quem est\u00e1 bem hoje pode chegar \u00e0 Copa caindo pelas tabelas e vice-versa.<\/p>\n<p>J\u00e1 cometemos tr\u00e1gicos equ\u00edvocos por conta dessa mania de fechar o grupo e outras bobagens do tipo.<\/p>\n<p>Se n\u00e3o for Robinho, poder\u00e1 ser Lucas, atacante de perfil semelhante, ou outro qualquer que surgir at\u00e9 l\u00e1.<\/p>\n<p>O que importa, nesse caso, \u00e9 o conceito.<\/p>\n<p>Ali\u00e1s, vale lembrar que a coisa come\u00e7ou a dar certo para Mano quando adotou esse princ\u00edpio, pouco antes de ser demitido.<\/p>\n<p>Novidade mesmo foi a convoca\u00e7\u00e3o do lateral-direito Fabinho, atualmente no Monaco, jogador revelado pelo Flu, que passou pelo Rio Ave de Portugal, pelo Real Madrid B, e est\u00e1 jogando muito bem no Campeonato Franc\u00eas. Alto, veloz, habilidoso, tem apenas 21 anos. Vale a pena v\u00ea-lo em a\u00e7\u00e3o com a camisa canarinho. Vai que d\u00e1&#8230;<\/p>\n<p>Na zaga, temos os tr\u00eas que se revezam no PSG: Thiago Silva, David Lu\u00eds e Marquinhos, mais o Miranda, que segue sendo fundamental no Atl\u00e9tico de Madri.<\/p>\n<p>Convoca\u00e7\u00e3o equilibrada, sem nenhum outro craque excepcional a n\u00e3o ser Neymar, mas que pode dar samba, sim, Sinh\u00f4*.<\/p>\n<p>* Para os mais jovens, Sinh\u00f4 era o apelido de JB da Silva, pianista e compositor, um dos pioneiros na cria\u00e7\u00e3o do samba brasileiro, na primeira metade do s\u00e9culo passado, justamente quando o nosso futebol come\u00e7ou a moldar seu ritmo e estilo, hoje aprisionado em esquemas defensivos.<\/p>\n","protected":false},"excerpt":{"rendered":"<p>Gostei da convoca\u00e7\u00e3o de Dunga para os amistosos contra Fran\u00e7a e Chile, com exce\u00e7\u00e3o das aus\u00eancias de Everton Ribeiro e Ricardo Goulart. Dunga explicou que <a class=\"read-more\" href=\"https:\/\/blogs.gazetaesportiva.com\/albertohelena\/2015\/03\/05\/to-gostando-do-dunga\/\">leia mais<\/a><\/p>\n","protected":false},"author":46,"featured_media":3005,"comment_status":"open","ping_status":"open","sticky":false,"template":"","format":"standard","meta":{"_jetpack_newsletter_access":"","_jetpack_dont_email_post_to_subs":false,"_jetpack_newsletter_tier_id":0,"_jetpack_memberships_contains_paywalled_content":false,"_jetpack_memberships_contains_paid_content":false,"footnotes":""},"categories":[1],"tags":[],"class_list":["post-3000","post","type-post","status-publish","format-standard","has-post-thumbnail","hentry","category-sem-categoria"],"jetpack_featured_media_url":"https:\/\/blogs.gazetaesportiva.com\/albertohelena\/files\/2015\/03\/helenadunga.jpg","jetpack_sharing_enabled":true,"jetpack_shortlink":"https:\/\/wp.me\/pekB7q-Mo","_links":{"self":[{"href":"https:\/\/blogs.gazetaesportiva.com\/albertohelena\/wp-json\/wp\/v2\/posts\/3000","targetHints":{"allow":["GET"]}}],"collection":[{"href":"https:\/\/blogs.gazetaesportiva.com\/albertohelena\/wp-json\/wp\/v2\/posts"}],"about":[{"href":"https:\/\/blogs.gazetaesportiva.com\/albertohelena\/wp-json\/wp\/v2\/types\/post"}],"author":[{"embeddable":true,"href":"https:\/\/blogs.gazetaesportiva.com\/albertohelena\/wp-json\/wp\/v2\/users\/46"}],"replies":[{"embeddable":true,"href":"https:\/\/blogs.gazetaesportiva.com\/albertohelena\/wp-json\/wp\/v2\/comments?post=3000"}],"version-history":[{"count":0,"href":"https:\/\/blogs.gazetaesportiva.com\/albertohelena\/wp-json\/wp\/v2\/posts\/3000\/revisions"}],"wp:featuredmedia":[{"embeddable":true,"href":"https:\/\/blogs.gazetaesportiva.com\/albertohelena\/wp-json\/wp\/v2\/media\/3005"}],"wp:attachment":[{"href":"https:\/\/blogs.gazetaesportiva.com\/albertohelena\/wp-json\/wp\/v2\/media?parent=3000"}],"wp:term":[{"taxonomy":"category","embeddable":true,"href":"https:\/\/blogs.gazetaesportiva.com\/albertohelena\/wp-json\/wp\/v2\/categories?post=3000"},{"taxonomy":"post_tag","embeddable":true,"href":"https:\/\/blogs.gazetaesportiva.com\/albertohelena\/wp-json\/wp\/v2\/tags?post=3000"}],"curies":[{"name":"wp","href":"https:\/\/api.w.org\/{rel}","templated":true}]}}