{"id":2994,"date":"2015-03-05T00:32:21","date_gmt":"2015-03-05T03:32:21","guid":{"rendered":"https:\/\/blogs.gazetaesportiva.com\/albertohelena\/?p=2994"},"modified":"2015-03-05T00:37:03","modified_gmt":"2015-03-05T03:37:03","slug":"sao-jorge-1-san-lorenzo-0","status":"publish","type":"post","link":"https:\/\/blogs.gazetaesportiva.com\/albertohelena\/2015\/03\/05\/sao-jorge-1-san-lorenzo-0\/","title":{"rendered":"S\u00e3o Jorge 1, San Lorenzo 0"},"content":{"rendered":"<figure id=\"attachment_2997\" aria-describedby=\"caption-attachment-2997\" style=\"width: 640px\" class=\"wp-caption aligncenter\"><a href=\"https:\/\/blogs.gazetaesportiva.com\/albertohelena\/files\/2015\/03\/blogelias2.jpg\"><img loading=\"lazy\" decoding=\"async\" data-attachment-id=\"2997\" data-permalink=\"https:\/\/blogs.gazetaesportiva.com\/albertohelena\/2015\/03\/05\/sao-jorge-1-san-lorenzo-0\/blogelias2\/\" data-orig-file=\"https:\/\/blogs.gazetaesportiva.com\/albertohelena\/files\/2015\/03\/blogelias2.jpg\" data-orig-size=\"640,407\" data-comments-opened=\"1\" data-image-meta=\"{&quot;aperture&quot;:&quot;0&quot;,&quot;credit&quot;:&quot;&quot;,&quot;camera&quot;:&quot;&quot;,&quot;caption&quot;:&quot;&quot;,&quot;created_timestamp&quot;:&quot;0&quot;,&quot;copyright&quot;:&quot;&quot;,&quot;focal_length&quot;:&quot;0&quot;,&quot;iso&quot;:&quot;0&quot;,&quot;shutter_speed&quot;:&quot;0&quot;,&quot;title&quot;:&quot;&quot;}\" data-image-title=\"AFP\" data-image-description=\"\" data-image-caption=\"&lt;p&gt;AFP&lt;\/p&gt;\n\" data-medium-file=\"https:\/\/blogs.gazetaesportiva.com\/albertohelena\/files\/2015\/03\/blogelias2.jpg\" data-large-file=\"https:\/\/blogs.gazetaesportiva.com\/albertohelena\/files\/2015\/03\/blogelias2.jpg\" class=\"size-full wp-image-2997\" alt=\"AFP\" src=\"https:\/\/blogs.gazetaesportiva.com\/albertohelena\/files\/2015\/03\/blogelias2.jpg\" width=\"640\" height=\"407\" \/><\/a><figcaption id=\"caption-attachment-2997\" class=\"wp-caption-text\">AFP<\/figcaption><\/figure>\n<p>Ufa, n\u00e3o foi mole, mano. Foi o que suspirou o fiel ao louco do lado quando o juiz apitou o fim do jogo l\u00e1 em Buenos Aires, e o placar estampava o glorioso 1 a 0 para o Tim\u00e3o.<\/p>\n<p>Mas, era mesmo de se esperar esse cen\u00e1rio, num est\u00e1dio vazio de torcedores mas prenhe de expectativa. Afinal, o San Lorenzo sabia muito bem que precisava ganhar em casa de um advers\u00e1rio direto pela classifica\u00e7\u00e3o \u00e0 pr\u00f3xima fase da Libertadores. E partiu pra cima do Tim\u00e3o logo de cara. E quase abre a contagem, naquele cabeceio de Blanco, penetrando entre dois zagueiros alvinegros, em bola al\u00e7ada por Romagnoli, o craque do time.<\/p>\n<p>O Corinthians, por sua vez, plantou-se l\u00e1 atr\u00e1s, naquela proverbial forma\u00e7\u00e3o de duas linhas de quatro intercalada por um cabe\u00e7a de \u00e1rea &#8211; no caso, Ralf -, que muitos consideram um achado moderno, embora mais antiga do que andar a p\u00e9, e ali ficou \u00e0 espera de uma brecha para contra golpear.<\/p>\n<p>A \u00fanica chance veio naquele cruzamento de Danilo da direita para Elias, sempre ele, chegar de surpresa para cabecear e o goleiro defender.<\/p>\n<p>Bem, da\u00ed em diante, repete-se a cena de costume como na Quarta-Feira de Cinzas do trovador antigo: os argentinos pressionando, e os brasileiros se defendendo com fervor e muita f\u00e9. Aquela que empurrou para o p\u00e9 do poste de Cassio a finaliza\u00e7\u00e3o de Matos, ele e as redes. Idem, quando, na cobran\u00e7a de corner, o mesmo Matos desviou de cabe\u00e7a bola que passa raspando a trave.<\/p>\n<p>Ainda mais precavido, Tite, ent\u00e3o, aproveita a contus\u00e3o de Mendoza e refor\u00e7a sua marca\u00e7\u00e3o de meio de campo com Petros. E n\u00e3o \u00e9 que, logo em seguida, l\u00e1 pelos 20 minutos do segundo tempo, Elias dispara, bola que bate e rebate, e finaliza de direita para estabelecer o placar de 1 a 0?<\/p>\n<p>Era tudo o que o Tim\u00e3o desejava, embora nem esperasse, pelo andamento do jogo. Isso, sem falar nas duas \u00faltimas chances de ouro dos argentinos, que, pelo jeito, n\u00e3o contaram com as b\u00ean\u00e7\u00e3os papais <em>en esta noche triste de Buenos Aires.<\/em><\/p>\n<p>Consta que foi vingan\u00e7a de S\u00e3o Jorge, que perdeu a aur\u00e9ola de santo tempos atr\u00e1s, mas segue fazendo milagres at\u00e9 hoje.<\/p>\n<p>&nbsp;<\/p>\n","protected":false},"excerpt":{"rendered":"<p>Ufa, n\u00e3o foi mole, mano. Foi o que suspirou o fiel ao louco do lado quando o juiz apitou o fim do jogo l\u00e1 em <a class=\"read-more\" href=\"https:\/\/blogs.gazetaesportiva.com\/albertohelena\/2015\/03\/05\/sao-jorge-1-san-lorenzo-0\/\">leia mais<\/a><\/p>\n","protected":false},"author":46,"featured_media":2997,"comment_status":"open","ping_status":"open","sticky":false,"template":"","format":"standard","meta":{"_jetpack_newsletter_access":"","_jetpack_dont_email_post_to_subs":false,"_jetpack_newsletter_tier_id":0,"_jetpack_memberships_contains_paywalled_content":false,"_jetpack_memberships_contains_paid_content":false,"footnotes":""},"categories":[1],"tags":[],"class_list":["post-2994","post","type-post","status-publish","format-standard","has-post-thumbnail","hentry","category-sem-categoria"],"jetpack_featured_media_url":"https:\/\/blogs.gazetaesportiva.com\/albertohelena\/files\/2015\/03\/blogelias2.jpg","jetpack_sharing_enabled":true,"jetpack_shortlink":"https:\/\/wp.me\/pekB7q-Mi","_links":{"self":[{"href":"https:\/\/blogs.gazetaesportiva.com\/albertohelena\/wp-json\/wp\/v2\/posts\/2994","targetHints":{"allow":["GET"]}}],"collection":[{"href":"https:\/\/blogs.gazetaesportiva.com\/albertohelena\/wp-json\/wp\/v2\/posts"}],"about":[{"href":"https:\/\/blogs.gazetaesportiva.com\/albertohelena\/wp-json\/wp\/v2\/types\/post"}],"author":[{"embeddable":true,"href":"https:\/\/blogs.gazetaesportiva.com\/albertohelena\/wp-json\/wp\/v2\/users\/46"}],"replies":[{"embeddable":true,"href":"https:\/\/blogs.gazetaesportiva.com\/albertohelena\/wp-json\/wp\/v2\/comments?post=2994"}],"version-history":[{"count":0,"href":"https:\/\/blogs.gazetaesportiva.com\/albertohelena\/wp-json\/wp\/v2\/posts\/2994\/revisions"}],"wp:featuredmedia":[{"embeddable":true,"href":"https:\/\/blogs.gazetaesportiva.com\/albertohelena\/wp-json\/wp\/v2\/media\/2997"}],"wp:attachment":[{"href":"https:\/\/blogs.gazetaesportiva.com\/albertohelena\/wp-json\/wp\/v2\/media?parent=2994"}],"wp:term":[{"taxonomy":"category","embeddable":true,"href":"https:\/\/blogs.gazetaesportiva.com\/albertohelena\/wp-json\/wp\/v2\/categories?post=2994"},{"taxonomy":"post_tag","embeddable":true,"href":"https:\/\/blogs.gazetaesportiva.com\/albertohelena\/wp-json\/wp\/v2\/tags?post=2994"}],"curies":[{"name":"wp","href":"https:\/\/api.w.org\/{rel}","templated":true}]}}