{"id":2989,"date":"2015-03-04T00:15:46","date_gmt":"2015-03-04T03:15:46","guid":{"rendered":"https:\/\/blogs.gazetaesportiva.com\/albertohelena\/?p=2989"},"modified":"2015-03-04T00:19:16","modified_gmt":"2015-03-04T03:19:16","slug":"raposa-diante-do-abrigo-anti-furacao","status":"publish","type":"post","link":"https:\/\/blogs.gazetaesportiva.com\/albertohelena\/2015\/03\/04\/raposa-diante-do-abrigo-anti-furacao\/","title":{"rendered":"Raposa diante do abrigo anti furac\u00e3o"},"content":{"rendered":"<figure id=\"attachment_2992\" aria-describedby=\"caption-attachment-2992\" style=\"width: 640px\" class=\"wp-caption aligncenter\"><a href=\"https:\/\/blogs.gazetaesportiva.com\/albertohelena\/files\/2015\/03\/helena1.jpg\"><img loading=\"lazy\" decoding=\"async\" data-attachment-id=\"2992\" data-permalink=\"https:\/\/blogs.gazetaesportiva.com\/albertohelena\/2015\/03\/04\/raposa-diante-do-abrigo-anti-furacao\/helena-53\/\" data-orig-file=\"https:\/\/blogs.gazetaesportiva.com\/albertohelena\/files\/2015\/03\/helena1.jpg\" data-orig-size=\"640,427\" data-comments-opened=\"1\" data-image-meta=\"{&quot;aperture&quot;:&quot;0&quot;,&quot;credit&quot;:&quot;&quot;,&quot;camera&quot;:&quot;&quot;,&quot;caption&quot;:&quot;&quot;,&quot;created_timestamp&quot;:&quot;0&quot;,&quot;copyright&quot;:&quot;&quot;,&quot;focal_length&quot;:&quot;0&quot;,&quot;iso&quot;:&quot;0&quot;,&quot;shutter_speed&quot;:&quot;0&quot;,&quot;title&quot;:&quot;&quot;}\" data-image-title=\"AFP\" data-image-description=\"\" data-image-caption=\"&lt;p&gt;AFP&lt;\/p&gt;\n\" data-medium-file=\"https:\/\/blogs.gazetaesportiva.com\/albertohelena\/files\/2015\/03\/helena1.jpg\" data-large-file=\"https:\/\/blogs.gazetaesportiva.com\/albertohelena\/files\/2015\/03\/helena1.jpg\" class=\"size-full wp-image-2992\" alt=\"AFP\" src=\"https:\/\/blogs.gazetaesportiva.com\/albertohelena\/files\/2015\/03\/helena1.jpg\" width=\"640\" height=\"427\" \/><\/a><figcaption id=\"caption-attachment-2992\" class=\"wp-caption-text\">AFP<\/figcaption><\/figure>\n<p>O Hurac\u00e1n, em vez de soprar forte sobre o Mineir\u00e3o para justificar seu nome, preferiu se entocar num abrigo anti furac\u00e3o e s\u00f3 tirar a cabe\u00e7a pra fora vez por outra, j\u00e1 no finzinho da partida, quando o Cruzeiro perdia o senso de dire\u00e7\u00e3o.<\/p>\n<p>Mesmo assim, a Raposa conseguiu varar a s\u00f3lida retranca uma ou outra vez. Como aquela, no in\u00edcio da partida, quando triangula\u00e7\u00e3o entre Mayke, que jogou muito, diga-se, Marquinhos e Leandro Dami\u00e3o resultou em gol. Mas, o bandeirinha deu impedimento de Marquinhos, que o computador da Fox mostrou ser decis\u00e3o inexata.<\/p>\n<p>Ah, sim, houve tamb\u00e9m o disparo de Leandro Dami\u00e3o na quina da trave e um gol feito de Judivan, cuja bola raspou o o poste, em passe medido de Alisson, o menino que, depois de seis meses parado, voltou a campo nesta noite. E pagou caro por isso.<\/p>\n<p>Assim como o garoto uruguaio De Arrascaeta (\u00e9 isso mesmo?), bom de bola, mas ainda em fase de adapta\u00e7\u00e3o, o que prejudicou demais o processo de cria\u00e7\u00e3o do time de Marcelo de Oliveira.<\/p>\n<p>No fim das contas, um empate por 0 a 0, que n\u00e3o estava na receita do Cruzeiro, pois o Hurac\u00e1n, embora representante do ilustre futebol argentino, \u00e9, tecnicamente, modest\u00edssimo.<\/p>\n<p>Nesta quadra da vida da Raposa em recomposi\u00e7\u00e3o, por\u00e9m, l\u00e1, a coisa pode ficar preta.<\/p>\n","protected":false},"excerpt":{"rendered":"<p>O Hurac\u00e1n, em vez de soprar forte sobre o Mineir\u00e3o para justificar seu nome, preferiu se entocar num abrigo anti furac\u00e3o e s\u00f3 tirar a <a class=\"read-more\" href=\"https:\/\/blogs.gazetaesportiva.com\/albertohelena\/2015\/03\/04\/raposa-diante-do-abrigo-anti-furacao\/\">leia mais<\/a><\/p>\n","protected":false},"author":46,"featured_media":2992,"comment_status":"open","ping_status":"open","sticky":false,"template":"","format":"standard","meta":{"_jetpack_newsletter_access":"","_jetpack_dont_email_post_to_subs":false,"_jetpack_newsletter_tier_id":0,"_jetpack_memberships_contains_paywalled_content":false,"_jetpack_memberships_contains_paid_content":false,"footnotes":""},"categories":[1],"tags":[],"class_list":["post-2989","post","type-post","status-publish","format-standard","has-post-thumbnail","hentry","category-sem-categoria"],"jetpack_featured_media_url":"https:\/\/blogs.gazetaesportiva.com\/albertohelena\/files\/2015\/03\/helena1.jpg","jetpack_sharing_enabled":true,"jetpack_shortlink":"https:\/\/wp.me\/pekB7q-Md","_links":{"self":[{"href":"https:\/\/blogs.gazetaesportiva.com\/albertohelena\/wp-json\/wp\/v2\/posts\/2989","targetHints":{"allow":["GET"]}}],"collection":[{"href":"https:\/\/blogs.gazetaesportiva.com\/albertohelena\/wp-json\/wp\/v2\/posts"}],"about":[{"href":"https:\/\/blogs.gazetaesportiva.com\/albertohelena\/wp-json\/wp\/v2\/types\/post"}],"author":[{"embeddable":true,"href":"https:\/\/blogs.gazetaesportiva.com\/albertohelena\/wp-json\/wp\/v2\/users\/46"}],"replies":[{"embeddable":true,"href":"https:\/\/blogs.gazetaesportiva.com\/albertohelena\/wp-json\/wp\/v2\/comments?post=2989"}],"version-history":[{"count":0,"href":"https:\/\/blogs.gazetaesportiva.com\/albertohelena\/wp-json\/wp\/v2\/posts\/2989\/revisions"}],"wp:featuredmedia":[{"embeddable":true,"href":"https:\/\/blogs.gazetaesportiva.com\/albertohelena\/wp-json\/wp\/v2\/media\/2992"}],"wp:attachment":[{"href":"https:\/\/blogs.gazetaesportiva.com\/albertohelena\/wp-json\/wp\/v2\/media?parent=2989"}],"wp:term":[{"taxonomy":"category","embeddable":true,"href":"https:\/\/blogs.gazetaesportiva.com\/albertohelena\/wp-json\/wp\/v2\/categories?post=2989"},{"taxonomy":"post_tag","embeddable":true,"href":"https:\/\/blogs.gazetaesportiva.com\/albertohelena\/wp-json\/wp\/v2\/tags?post=2989"}],"curies":[{"name":"wp","href":"https:\/\/api.w.org\/{rel}","templated":true}]}}