{"id":2979,"date":"2015-03-03T15:55:19","date_gmt":"2015-03-03T18:55:19","guid":{"rendered":"https:\/\/blogs.gazetaesportiva.com\/albertohelena\/?p=2979"},"modified":"2015-03-03T16:52:27","modified_gmt":"2015-03-03T19:52:27","slug":"os-arabescos-do-scheick","status":"publish","type":"post","link":"https:\/\/blogs.gazetaesportiva.com\/albertohelena\/2015\/03\/03\/os-arabescos-do-scheick\/","title":{"rendered":"Os arabescos do Scheick"},"content":{"rendered":"<figure id=\"attachment_2982\" aria-describedby=\"caption-attachment-2982\" style=\"width: 700px\" class=\"wp-caption aligncenter\"><a href=\"https:\/\/blogs.gazetaesportiva.com\/albertohelena\/files\/2015\/03\/sheik_700_fd.jpg\"><img loading=\"lazy\" decoding=\"async\" data-attachment-id=\"2982\" data-permalink=\"https:\/\/blogs.gazetaesportiva.com\/albertohelena\/2015\/03\/03\/os-arabescos-do-scheick\/sheik_700_fd\/\" data-orig-file=\"https:\/\/blogs.gazetaesportiva.com\/albertohelena\/files\/2015\/03\/sheik_700_fd.jpg\" data-orig-size=\"700,300\" data-comments-opened=\"1\" data-image-meta=\"{&quot;aperture&quot;:&quot;0&quot;,&quot;credit&quot;:&quot;&quot;,&quot;camera&quot;:&quot;&quot;,&quot;caption&quot;:&quot;&quot;,&quot;created_timestamp&quot;:&quot;0&quot;,&quot;copyright&quot;:&quot;&quot;,&quot;focal_length&quot;:&quot;0&quot;,&quot;iso&quot;:&quot;0&quot;,&quot;shutter_speed&quot;:&quot;0&quot;,&quot;title&quot;:&quot;&quot;}\" data-image-title=\"Foto: Fernando Dantas\/Gazeta Press\" data-image-description=\"\" data-image-caption=\"&lt;p&gt;Foto: Fernando Dantas\/Gazeta Press&lt;\/p&gt;\n\" data-medium-file=\"https:\/\/blogs.gazetaesportiva.com\/albertohelena\/files\/2015\/03\/sheik_700_fd.jpg\" data-large-file=\"https:\/\/blogs.gazetaesportiva.com\/albertohelena\/files\/2015\/03\/sheik_700_fd.jpg\" class=\"size-full wp-image-2982\" alt=\"Foto: Fernando Dantas\/Gazeta Press\" src=\"https:\/\/blogs.gazetaesportiva.com\/albertohelena\/files\/2015\/03\/sheik_700_fd.jpg\" width=\"700\" height=\"300\" \/><\/a><figcaption id=\"caption-attachment-2982\" class=\"wp-caption-text\">Foto: Fernando Dantas\/Gazeta Press<\/figcaption><\/figure>\n<p>Pode ser, mas n\u00e3o creio que Tite tenha deixado Emerson por aqui porque o jogador teria se atrasado num treino, enquanto o seu time se mete numa refrega braba com o aben\u00e7oado San Lorenzo, em Almagro, mais precisamente<em> en Los Jardines del Hipodromo<\/em>, que n\u00e3o se perca pelo nome. Menos mal que os jardins estejam fechados para o p\u00fablico em geral, como puni\u00e7\u00e3o ao clube argentino, o que poupar\u00e1 o Tim\u00e3o daquela avalanche de vozes habituais nos est\u00e1dios <em>hermanos.<\/em><\/p>\n<p>Tite sabe muito bem da import\u00e2ncia do Scheick nesse tipo de confronto, ainda mais com a aus\u00eancia for\u00e7ada de Guerrero, que cumpre pena por expuls\u00e3o. Justamente pelo temperamento furioso e err\u00e1tico do atacante em campo, o que acaba sendo o sal de seu futebol: corre feito doido pelo campo todo, d\u00e1 trombada, morde, xinga, provoca, leva porrada, e joga uma bola redonda quando a tem nos p\u00e9s, formando verdadeiros arabescos no gramado e fora dele.<\/p>\n<p>Se atrasou no treino de domingo, n\u00e3o foi certamente a primeira vez, e Tite j\u00e1 carrega essa cruz tempo demais para dar a isso tamanha import\u00e2ncia a ponto de retirar Emerson de um jogo decisivo da Libertadores, no campo do advers\u00e1rio.<\/p>\n<p>Clube e jogador negam de p\u00e9s juntos essa vers\u00e3o, garantindo que o atacante est\u00e1 fora desse jogo por sentir dores no joelho.<\/p>\n<p>Sei l\u00e1, e agora pouco importa, porque o que est\u00e1 feito, feito est\u00e1.<\/p>\n<p>A quest\u00e3o \u00e9 saber que solu\u00e7\u00e3o Tite dar\u00e1 para o caso no jogo de amanh\u00e3.<\/p>\n<p>A primeira ideia \u00e9 a de que simplesmente escalar\u00e1 o veloc\u00edssimo Mendoza pela esquerda, na fun\u00e7\u00e3o habitual de Emerson. Mesmo porque, sem Guerrero e com Danilo como falso centroavante, mais do que nunca o Tim\u00e3o precisar\u00e1 de um atacante veloz para compensar a natural lentid\u00e3o de Danilo. Sobretudo, para explorar os contragolpes, j\u00e1 que os argentinos, jogando em casa, mesmo sem torcida, dever\u00e3o se atirar \u00e0 frente para fazer o resultado o mais cedo poss\u00edvel.<\/p>\n<p>Mas, sempre haver\u00e1 a possibilidade de, exatamente pensando na blitz argentina, Tite escalar, digamos, Petros por ali, a fim de fechar ainda mais todas as passagens que levam \u00e0 sua pr\u00f3pria meta. Nesse caso, Mendoza ficaria como op\u00e7\u00e3o para mais tarde, de acordo com o andamento da carruagem.<\/p>\n<p>\u00c9 uma alternativa, se o empate fora for encarado como um bom resultado.<\/p>\n<p>Vejamos, vejamos.<\/p>\n<p>&nbsp;<\/p>\n","protected":false},"excerpt":{"rendered":"<p>Pode ser, mas n\u00e3o creio que Tite tenha deixado Emerson por aqui porque o jogador teria se atrasado num treino, enquanto o seu time se <a class=\"read-more\" href=\"https:\/\/blogs.gazetaesportiva.com\/albertohelena\/2015\/03\/03\/os-arabescos-do-scheick\/\">leia mais<\/a><\/p>\n","protected":false},"author":46,"featured_media":2982,"comment_status":"open","ping_status":"open","sticky":false,"template":"","format":"standard","meta":{"_jetpack_newsletter_access":"","_jetpack_dont_email_post_to_subs":false,"_jetpack_newsletter_tier_id":0,"_jetpack_memberships_contains_paywalled_content":false,"_jetpack_memberships_contains_paid_content":false,"footnotes":""},"categories":[1],"tags":[],"class_list":["post-2979","post","type-post","status-publish","format-standard","has-post-thumbnail","hentry","category-sem-categoria"],"jetpack_featured_media_url":"https:\/\/blogs.gazetaesportiva.com\/albertohelena\/files\/2015\/03\/sheik_700_fd.jpg","jetpack_sharing_enabled":true,"jetpack_shortlink":"https:\/\/wp.me\/pekB7q-M3","_links":{"self":[{"href":"https:\/\/blogs.gazetaesportiva.com\/albertohelena\/wp-json\/wp\/v2\/posts\/2979","targetHints":{"allow":["GET"]}}],"collection":[{"href":"https:\/\/blogs.gazetaesportiva.com\/albertohelena\/wp-json\/wp\/v2\/posts"}],"about":[{"href":"https:\/\/blogs.gazetaesportiva.com\/albertohelena\/wp-json\/wp\/v2\/types\/post"}],"author":[{"embeddable":true,"href":"https:\/\/blogs.gazetaesportiva.com\/albertohelena\/wp-json\/wp\/v2\/users\/46"}],"replies":[{"embeddable":true,"href":"https:\/\/blogs.gazetaesportiva.com\/albertohelena\/wp-json\/wp\/v2\/comments?post=2979"}],"version-history":[{"count":0,"href":"https:\/\/blogs.gazetaesportiva.com\/albertohelena\/wp-json\/wp\/v2\/posts\/2979\/revisions"}],"wp:featuredmedia":[{"embeddable":true,"href":"https:\/\/blogs.gazetaesportiva.com\/albertohelena\/wp-json\/wp\/v2\/media\/2982"}],"wp:attachment":[{"href":"https:\/\/blogs.gazetaesportiva.com\/albertohelena\/wp-json\/wp\/v2\/media?parent=2979"}],"wp:term":[{"taxonomy":"category","embeddable":true,"href":"https:\/\/blogs.gazetaesportiva.com\/albertohelena\/wp-json\/wp\/v2\/categories?post=2979"},{"taxonomy":"post_tag","embeddable":true,"href":"https:\/\/blogs.gazetaesportiva.com\/albertohelena\/wp-json\/wp\/v2\/tags?post=2979"}],"curies":[{"name":"wp","href":"https:\/\/api.w.org\/{rel}","templated":true}]}}