{"id":2976,"date":"2015-03-03T15:26:03","date_gmt":"2015-03-03T18:26:03","guid":{"rendered":"https:\/\/blogs.gazetaesportiva.com\/albertohelena\/?p=2976"},"modified":"2015-03-03T17:18:29","modified_gmt":"2015-03-03T20:18:29","slug":"wesley-onde-mesmo","status":"publish","type":"post","link":"https:\/\/blogs.gazetaesportiva.com\/albertohelena\/2015\/03\/03\/wesley-onde-mesmo\/","title":{"rendered":"Wesley, onde mesmo?"},"content":{"rendered":"<figure id=\"attachment_2985\" aria-describedby=\"caption-attachment-2985\" style=\"width: 700px\" class=\"wp-caption aligncenter\"><a href=\"https:\/\/blogs.gazetaesportiva.com\/albertohelena\/files\/2015\/03\/wesley_700_div.jpg\"><img loading=\"lazy\" decoding=\"async\" data-attachment-id=\"2985\" data-permalink=\"https:\/\/blogs.gazetaesportiva.com\/albertohelena\/2015\/03\/03\/wesley-onde-mesmo\/wesley_700_div\/\" data-orig-file=\"https:\/\/blogs.gazetaesportiva.com\/albertohelena\/files\/2015\/03\/wesley_700_div.jpg\" data-orig-size=\"700,350\" data-comments-opened=\"1\" data-image-meta=\"{&quot;aperture&quot;:&quot;0&quot;,&quot;credit&quot;:&quot;&quot;,&quot;camera&quot;:&quot;&quot;,&quot;caption&quot;:&quot;&quot;,&quot;created_timestamp&quot;:&quot;0&quot;,&quot;copyright&quot;:&quot;&quot;,&quot;focal_length&quot;:&quot;0&quot;,&quot;iso&quot;:&quot;0&quot;,&quot;shutter_speed&quot;:&quot;0&quot;,&quot;title&quot;:&quot;&quot;}\" data-image-title=\"Foto: Divulga\u00e7\u00e3o\" data-image-description=\"\" data-image-caption=\"&lt;p&gt;Wesley teve seu melhor ano com Neymar, Ganso&lt;\/p&gt;\n\" data-medium-file=\"https:\/\/blogs.gazetaesportiva.com\/albertohelena\/files\/2015\/03\/wesley_700_div.jpg\" data-large-file=\"https:\/\/blogs.gazetaesportiva.com\/albertohelena\/files\/2015\/03\/wesley_700_div.jpg\" class=\"size-full wp-image-2985\" alt=\"Foto: Divulga\u00e7\u00e3o\" src=\"https:\/\/blogs.gazetaesportiva.com\/albertohelena\/files\/2015\/03\/wesley_700_div.jpg\" width=\"700\" height=\"350\" \/><\/a><figcaption id=\"caption-attachment-2985\" class=\"wp-caption-text\">Wesley teve seu melhor ano com Neymar (foto), Ganso, Robinho e Andr\u00e9<\/figcaption><\/figure>\n<p>Wesley, meia revelado na Vila, encontrou sua verdadeira voca\u00e7\u00e3o quando Antonio Lopes o transformou em volante no Atl\u00e9tico PR, posi\u00e7\u00e3o que ocupou ao lado de Arouca e Ganso, atr\u00e1s de Neymar, Robinho e Andr\u00e9, naquele Peixe deslumbrante do primeiro semestre de 2010. Esse foi o momento de maior brilho e efici\u00eancia de Wesley, que se multiplicava em campo com velocidade e talento.<\/p>\n<p>Deu um bate e volta na Alemanha para sucumbir com a camisa do Palmeiras. Primeiro, por conta de uma s\u00e9ria les\u00e3o que o afastou por longo tempo dos gramados. Depois, pela persegui\u00e7\u00e3o da torcida que n\u00e3o o engolia nem com um trago da mais fina cacha\u00e7a de Minas.<\/p>\n<p>Apresenta-se, agora, ao S\u00e3o Paulo, que j\u00e1 tem l\u00e1 no Morumbi Souza, Den\u00edlson, Hudson e Thiago Mendes para compor a tal dupla de volantes, esse dogma no futebol brasileiro.<\/p>\n<p>Thiago chegou outro dia e ainda n\u00e3o teve tempo de mostrar todo o seu valor. Hudson, que foi mais utilizado como lateral improvisado, n\u00e3o deu at\u00e9 agora sinais de que esteja apto a ganhar uma vaga de titular no meio campo tricolor. Souza \u00e9 o que melhor se houve, enquanto Den\u00edlson oscila com bons e maus desempenhos.<\/p>\n<p>Por tudo isso, algu\u00e9m j\u00e1 levantou, na coletiva de apresenta\u00e7\u00e3o do jogador, a possibilidade de Wesley ser deslocado para a lateral-direita, um vazio cr\u00f4nico no S\u00e3o Paulo. Mas, que diabo!, Bruno, especialista nessa fun\u00e7\u00e3o, que teve boas e \u00f3timas performances pelo Fluminense, acabou de ser contratado, e j\u00e1 querem rifar o rapaz?<\/p>\n<p>Dada a inconst\u00e2ncia de Den\u00edlson, o mais ajuizado \u00e9 Muricy escal\u00e1-lo ali ao lado de Souza e Ganso, com quem, ali\u00e1s, o novo volante se entrosou \u00e0s mil maravilhas naquele Santos l\u00e1 de cima.<\/p>\n<p>\u00c9 verdade que se passaram quatro anos, e tanto Ganso quanto Wesley j\u00e1 n\u00e3o t\u00eam sido os mesmos. Mas, essa \u00e9 a solu\u00e7\u00e3o inicial mais l\u00f3gica.<\/p>\n<p>De qualquer forma, Wesley s\u00f3 poder\u00e1 estrear no S\u00e3o Paulo em abril. At\u00e9 l\u00e1, Muricy ter\u00e1 tempo suficiente para fazer suas devidas avalia\u00e7\u00f5es.<\/p>\n","protected":false},"excerpt":{"rendered":"<p>Wesley, meia revelado na Vila, encontrou sua verdadeira voca\u00e7\u00e3o quando Antonio Lopes o transformou em volante no Atl\u00e9tico PR, posi\u00e7\u00e3o que ocupou ao lado de <a class=\"read-more\" href=\"https:\/\/blogs.gazetaesportiva.com\/albertohelena\/2015\/03\/03\/wesley-onde-mesmo\/\">leia mais<\/a><\/p>\n","protected":false},"author":46,"featured_media":2985,"comment_status":"open","ping_status":"open","sticky":false,"template":"","format":"standard","meta":{"_jetpack_newsletter_access":"","_jetpack_dont_email_post_to_subs":false,"_jetpack_newsletter_tier_id":0,"_jetpack_memberships_contains_paywalled_content":false,"_jetpack_memberships_contains_paid_content":false,"footnotes":""},"categories":[1],"tags":[],"class_list":["post-2976","post","type-post","status-publish","format-standard","has-post-thumbnail","hentry","category-sem-categoria"],"jetpack_featured_media_url":"https:\/\/blogs.gazetaesportiva.com\/albertohelena\/files\/2015\/03\/wesley_700_div.jpg","jetpack_sharing_enabled":true,"jetpack_shortlink":"https:\/\/wp.me\/pekB7q-M0","_links":{"self":[{"href":"https:\/\/blogs.gazetaesportiva.com\/albertohelena\/wp-json\/wp\/v2\/posts\/2976","targetHints":{"allow":["GET"]}}],"collection":[{"href":"https:\/\/blogs.gazetaesportiva.com\/albertohelena\/wp-json\/wp\/v2\/posts"}],"about":[{"href":"https:\/\/blogs.gazetaesportiva.com\/albertohelena\/wp-json\/wp\/v2\/types\/post"}],"author":[{"embeddable":true,"href":"https:\/\/blogs.gazetaesportiva.com\/albertohelena\/wp-json\/wp\/v2\/users\/46"}],"replies":[{"embeddable":true,"href":"https:\/\/blogs.gazetaesportiva.com\/albertohelena\/wp-json\/wp\/v2\/comments?post=2976"}],"version-history":[{"count":0,"href":"https:\/\/blogs.gazetaesportiva.com\/albertohelena\/wp-json\/wp\/v2\/posts\/2976\/revisions"}],"wp:featuredmedia":[{"embeddable":true,"href":"https:\/\/blogs.gazetaesportiva.com\/albertohelena\/wp-json\/wp\/v2\/media\/2985"}],"wp:attachment":[{"href":"https:\/\/blogs.gazetaesportiva.com\/albertohelena\/wp-json\/wp\/v2\/media?parent=2976"}],"wp:term":[{"taxonomy":"category","embeddable":true,"href":"https:\/\/blogs.gazetaesportiva.com\/albertohelena\/wp-json\/wp\/v2\/categories?post=2976"},{"taxonomy":"post_tag","embeddable":true,"href":"https:\/\/blogs.gazetaesportiva.com\/albertohelena\/wp-json\/wp\/v2\/tags?post=2976"}],"curies":[{"name":"wp","href":"https:\/\/api.w.org\/{rel}","templated":true}]}}