{"id":2970,"date":"2015-03-02T16:03:20","date_gmt":"2015-03-02T19:03:20","guid":{"rendered":"https:\/\/blogs.gazetaesportiva.com\/albertohelena\/?p=2970"},"modified":"2015-03-02T16:48:46","modified_gmt":"2015-03-02T19:48:46","slug":"o-grenal-da-paz","status":"publish","type":"post","link":"https:\/\/blogs.gazetaesportiva.com\/albertohelena\/2015\/03\/02\/o-grenal-da-paz\/","title":{"rendered":"O Grenal da paz"},"content":{"rendered":"<figure id=\"attachment_2974\" aria-describedby=\"caption-attachment-2974\" style=\"width: 640px\" class=\"wp-caption aligncenter\"><a href=\"https:\/\/blogs.gazetaesportiva.com\/albertohelena\/files\/2015\/03\/torcida.jpg\"><img loading=\"lazy\" decoding=\"async\" data-attachment-id=\"2974\" data-permalink=\"https:\/\/blogs.gazetaesportiva.com\/albertohelena\/2015\/03\/02\/o-grenal-da-paz\/torcida\/\" data-orig-file=\"https:\/\/blogs.gazetaesportiva.com\/albertohelena\/files\/2015\/03\/torcida.jpg\" data-orig-size=\"640,425\" data-comments-opened=\"1\" data-image-meta=\"{&quot;aperture&quot;:&quot;0&quot;,&quot;credit&quot;:&quot;&quot;,&quot;camera&quot;:&quot;&quot;,&quot;caption&quot;:&quot;&quot;,&quot;created_timestamp&quot;:&quot;0&quot;,&quot;copyright&quot;:&quot;&quot;,&quot;focal_length&quot;:&quot;0&quot;,&quot;iso&quot;:&quot;0&quot;,&quot;shutter_speed&quot;:&quot;0&quot;,&quot;title&quot;:&quot;&quot;}\" data-image-title=\"Alexandre Lops\/SCI\" data-image-description=\"\" data-image-caption=\"&lt;p&gt;Alexandre Lops\/SCI&lt;\/p&gt;\n\" data-medium-file=\"https:\/\/blogs.gazetaesportiva.com\/albertohelena\/files\/2015\/03\/torcida.jpg\" data-large-file=\"https:\/\/blogs.gazetaesportiva.com\/albertohelena\/files\/2015\/03\/torcida.jpg\" class=\"size-full wp-image-2974\" alt=\"Alexandre Lops\/SCI\" src=\"https:\/\/blogs.gazetaesportiva.com\/albertohelena\/files\/2015\/03\/torcida.jpg\" width=\"640\" height=\"425\" \/><\/a><figcaption id=\"caption-attachment-2974\" class=\"wp-caption-text\">Alexandre Lops\/SCI<\/figcaption><\/figure>\n<p>Simp\u00e1tica e edificante a medida adotada por Inter e Gr\u00eamio, no cl\u00e1ssico de domingo, ao separar uma \u00e1rea do Beira-Rio para a confraterniza\u00e7\u00e3o de torcedores das duas equipes rivais, uma rivalidade que atinge o paroxismo no Rio Grande.<\/p>\n<p>Mas, enquanto casais e duplas de amigos e amigas trocavam gentilezas nesse espa\u00e7o do est\u00e1dio, l\u00e1 fora o pau comia entre as uniformizadas das duas equipes.<\/p>\n<p>Um flagrante do \u00f3bvio: a imensa massa de torcedores comuns do futebol, aqui, como no resto do mundo, \u00e9 da paz. Vai ao est\u00e1dio para torcer pelo seu clube de cora\u00e7\u00e3o, divertir-se e tirar um sarro do parceiro de outro time no dia seguinte. No m\u00e1ximo, no calor da disputa em campo, um empurra-empurra, algumas trocas de xingamentos e bola que rola.<\/p>\n<p>Sempre foi assim, desde que inventaram o futebol, uma esp\u00e9cie de simula\u00e7\u00e3o da guerra. Simula\u00e7\u00e3o, eu disse, justamente para substituir a guerra de fato &#8211; uma catarse, um descarrego daquelas emo\u00e7\u00f5es todas contidas no dia a dia.<\/p>\n<p>Cansei de frequentar o Pacaembu, nos meus tempos de torcedor, e assistir a cl\u00e1ssicos dos mais renhidos da hist\u00f3ria ao lado de torcedores advers\u00e1rios, na maior paz.<\/p>\n<p>Ah, mas os tempos eram outros, retrucar\u00e1 o amigo. \u00c9 verdade. O ser humano, por\u00e9m, \u00e9 o mesmo desde quando passou a andar de fronte erguida, espiando o horizonte l\u00e1 na frente. Mudou a cosm\u00e9tica da vida, o seu entorno, a bolha tecnol\u00f3gica em que vive, mas o bicho homem \u00e9 o mesmo, fundamentalmente. E o ser\u00e1 at\u00e9 que a ci\u00eancia invente ferramentas para construir uma nova humanidade. Mas, isso escapa aos gramados da vida atual e cai no campo da fic\u00e7\u00e3o cient\u00edfica.<\/p>\n<p>A viol\u00eancia nos est\u00e1dios, seus arredores e caminhos, est\u00e1 intimamente, se n\u00e3o exclusivamente, ligada \u00e0s tais torcidas uniformizadas. S\u00f3 um cego n\u00e3o v\u00ea isso.<\/p>\n<p>E, mesmo nas entranhas desses clubes de fanatismo, a maioria n\u00e3o \u00e9 necessariamente violenta. \u00c9 apenas um bando de jovens \u00e0 procura de identidade comum &#8211; minha <em>tchurma<\/em> como se dizia. Mas, quando voc\u00ea coloca um uniforme nessa turma, ensina-lhe c\u00e2nticos de guerra, de \u00f3dio, e comanda suas opera\u00e7\u00f5es de deslocamentos e atitudes, acaba formando uma legi\u00e3o de arruaceiros, prontos para a batalha de fato. Mesmo porque, dentre eles, como no resto da sociedade, h\u00e1 traficantes, bandidos, paranoicos, esquizofr\u00eanicos, psicopatas, tem de tudo, meu.<\/p>\n<p>H\u00e1 alguns anos, no auge dos confrontos, o Minist\u00e9rio P\u00fablico de S\u00e3o Paulo conseguiu eliminar as tais torcidas uniformizadas dos est\u00e1dios e acabou com as divis\u00f5es nos est\u00e1dios. Resultado: reinou a paz no nosso futebol. Mas, s\u00f3 pelo tempo suficiente para que a Justi\u00e7a reabrisse as portas a esse pessoal.<\/p>\n<p>O que isso quer dizer? Quer dizer que, paralelamente a uma a\u00e7\u00e3o mais abrangente e profunda das autoridades no sentido de dar aos jovens brasileiros um ensino mais adequado, de os pais cumprirem sua miss\u00e3o b\u00e1sica e tal e cousa e lousa e maripousa, cabe aos setores da seguran\u00e7a p\u00fablica e \u00e0 Justi\u00e7a criarem instrumentos mais eficazes para, pelo menos, reprimir na raiz o s\u00eamen da viol\u00eancia. \u00c9 dif\u00edcil, mas n\u00e3o imposs\u00edvel.<\/p>\n<p>&nbsp;<\/p>\n","protected":false},"excerpt":{"rendered":"<p>Simp\u00e1tica e edificante a medida adotada por Inter e Gr\u00eamio, no cl\u00e1ssico de domingo, ao separar uma \u00e1rea do Beira-Rio para a confraterniza\u00e7\u00e3o de torcedores <a class=\"read-more\" href=\"https:\/\/blogs.gazetaesportiva.com\/albertohelena\/2015\/03\/02\/o-grenal-da-paz\/\">leia mais<\/a><\/p>\n","protected":false},"author":46,"featured_media":2974,"comment_status":"open","ping_status":"open","sticky":false,"template":"","format":"standard","meta":{"_jetpack_newsletter_access":"","_jetpack_dont_email_post_to_subs":false,"_jetpack_newsletter_tier_id":0,"_jetpack_memberships_contains_paywalled_content":false,"_jetpack_memberships_contains_paid_content":false,"footnotes":""},"categories":[1],"tags":[],"class_list":["post-2970","post","type-post","status-publish","format-standard","has-post-thumbnail","hentry","category-sem-categoria"],"jetpack_featured_media_url":"https:\/\/blogs.gazetaesportiva.com\/albertohelena\/files\/2015\/03\/torcida.jpg","jetpack_sharing_enabled":true,"jetpack_shortlink":"https:\/\/wp.me\/pekB7q-LU","_links":{"self":[{"href":"https:\/\/blogs.gazetaesportiva.com\/albertohelena\/wp-json\/wp\/v2\/posts\/2970","targetHints":{"allow":["GET"]}}],"collection":[{"href":"https:\/\/blogs.gazetaesportiva.com\/albertohelena\/wp-json\/wp\/v2\/posts"}],"about":[{"href":"https:\/\/blogs.gazetaesportiva.com\/albertohelena\/wp-json\/wp\/v2\/types\/post"}],"author":[{"embeddable":true,"href":"https:\/\/blogs.gazetaesportiva.com\/albertohelena\/wp-json\/wp\/v2\/users\/46"}],"replies":[{"embeddable":true,"href":"https:\/\/blogs.gazetaesportiva.com\/albertohelena\/wp-json\/wp\/v2\/comments?post=2970"}],"version-history":[{"count":0,"href":"https:\/\/blogs.gazetaesportiva.com\/albertohelena\/wp-json\/wp\/v2\/posts\/2970\/revisions"}],"wp:featuredmedia":[{"embeddable":true,"href":"https:\/\/blogs.gazetaesportiva.com\/albertohelena\/wp-json\/wp\/v2\/media\/2974"}],"wp:attachment":[{"href":"https:\/\/blogs.gazetaesportiva.com\/albertohelena\/wp-json\/wp\/v2\/media?parent=2970"}],"wp:term":[{"taxonomy":"category","embeddable":true,"href":"https:\/\/blogs.gazetaesportiva.com\/albertohelena\/wp-json\/wp\/v2\/categories?post=2970"},{"taxonomy":"post_tag","embeddable":true,"href":"https:\/\/blogs.gazetaesportiva.com\/albertohelena\/wp-json\/wp\/v2\/tags?post=2970"}],"curies":[{"name":"wp","href":"https:\/\/api.w.org\/{rel}","templated":true}]}}