{"id":2961,"date":"2015-03-01T20:43:38","date_gmt":"2015-03-01T23:43:38","guid":{"rendered":"https:\/\/blogs.gazetaesportiva.com\/albertohelena\/?p=2961"},"modified":"2015-03-01T21:14:31","modified_gmt":"2015-03-02T00:14:31","slug":"peixe-que-da-gosto","status":"publish","type":"post","link":"https:\/\/blogs.gazetaesportiva.com\/albertohelena\/2015\/03\/01\/peixe-que-da-gosto\/","title":{"rendered":"Peixe que d\u00e1 gosto"},"content":{"rendered":"<p><figure id=\"attachment_2964\" aria-describedby=\"caption-attachment-2964\" style=\"width: 700px\" class=\"wp-caption aligncenter\"><a href=\"https:\/\/blogs.gazetaesportiva.com\/albertohelena\/files\/2015\/03\/peixe_que_da_gosto_700_dv.jpg\"><img loading=\"lazy\" decoding=\"async\" data-attachment-id=\"2964\" data-permalink=\"https:\/\/blogs.gazetaesportiva.com\/albertohelena\/2015\/03\/01\/peixe-que-da-gosto\/peixe_que_da_gosto_700_dv\/\" data-orig-file=\"https:\/\/blogs.gazetaesportiva.com\/albertohelena\/files\/2015\/03\/peixe_que_da_gosto_700_dv.jpg\" data-orig-size=\"700,400\" data-comments-opened=\"1\" data-image-meta=\"{&quot;aperture&quot;:&quot;0&quot;,&quot;credit&quot;:&quot;&quot;,&quot;camera&quot;:&quot;&quot;,&quot;caption&quot;:&quot;&quot;,&quot;created_timestamp&quot;:&quot;0&quot;,&quot;copyright&quot;:&quot;&quot;,&quot;focal_length&quot;:&quot;0&quot;,&quot;iso&quot;:&quot;0&quot;,&quot;shutter_speed&quot;:&quot;0&quot;,&quot;title&quot;:&quot;&quot;}\" data-image-title=\"Foto: Djalma Vass\u00e3o\/Gazeta Press\" data-image-description=\"\" data-image-caption=\"&lt;p&gt;Foto: Djalma Vass\u00e3o\/Gazeta Press&lt;\/p&gt;\n\" data-medium-file=\"https:\/\/blogs.gazetaesportiva.com\/albertohelena\/files\/2015\/03\/peixe_que_da_gosto_700_dv.jpg\" data-large-file=\"https:\/\/blogs.gazetaesportiva.com\/albertohelena\/files\/2015\/03\/peixe_que_da_gosto_700_dv.jpg\" src=\"https:\/\/blogs.gazetaesportiva.com\/albertohelena\/files\/2015\/03\/peixe_que_da_gosto_700_dv.jpg\" alt=\"Foto: Djalma Vass\u00e3o\/Gazeta Press\" width=\"700\" height=\"400\" class=\"size-full wp-image-2964\" \/><\/a><figcaption id=\"caption-attachment-2964\" class=\"wp-caption-text\">Foto: Djalma Vass\u00e3o\/Gazeta Press<\/figcaption><\/figure>O Santos ainda \u00e9 um daqueles raros times brasileiros que d\u00e1 um certo prazer em ver jogar, por seu futebol ofensivo, leve e veloz. Isso faz parte da hist\u00f3ria do Peixe, \u00e9 gen\u00e9tico, inclusive na combina\u00e7\u00e3o entre os Meninos da Vila e os veteranos, como Robinho, por exemplo, autor de dois gols na vit\u00f3ria por 4 a 2 sobre o Linense, nesta noite de domingo, no Pacaembu.<\/p>\n<p>N\u00e3o \u00e9 um tima\u00e7o, daqueles de deixar a gente boquiaberto em frente \u00e0 tv ou na arquibancada, mas diverte, at\u00e9 mesmo porque oscila ao longo de uma partida, o que d\u00e1 um certo tempero ao espet\u00e1culo.<\/p>\n<p>Como, por sinal, aconteceu esta noite no Pacaembu: vencia por 3 a 0, quando l\u00e1 pela metade do segundo tempo tomou dois gols e passou a caminhar no arame, at\u00e9 que Gabigol entrasse para fazer aquele belo lan\u00e7amento a Robinho, que fechou o placar, driblando o goleiro na corrida.<\/p>\n<p>A prop\u00f3sito, o Peixe vinha nadando em \u00e1guas l\u00edmpidas quando o t\u00e9cnico Enderson Moreira resolveu dar uma chance a Elano., sacando o volante Valencia, que fazia sua estreia. Resultado: abriu seu meio de campo de tal maneira que por ali passou um Elefante, fazendo jus ao apelido do Linense.<\/p>\n<p>Quando viu o c\u00e9u escurecer, Enderson logo providenciou a entrada de Lucas Octavio, seguida da de Gabigol e saiu de campo cheio de gra\u00e7a.<\/p>\n<p>S\u00f3 est\u00e1 faltando o artilheiro Ricardo Oliveira fazer o seu. E, quase fez, num lance ins\u00f3lito, quando deu um carrinho na pequena \u00e1rea, a bola chocou-se com o poste e voltou&#8230; para o goleiro Anderson empurrar com as m\u00e3os para suas pr\u00f3prias redes. Gol contra de goleiro, na maior chance do artilheiro. Que fase!, como diria meu considerado Milton Leite.<\/p>\n","protected":false},"excerpt":{"rendered":"<p>O Santos ainda \u00e9 um daqueles raros times brasileiros que d\u00e1 um certo prazer em ver jogar, por seu futebol ofensivo, leve e veloz. Isso <a class=\"read-more\" href=\"https:\/\/blogs.gazetaesportiva.com\/albertohelena\/2015\/03\/01\/peixe-que-da-gosto\/\">leia mais<\/a><\/p>\n","protected":false},"author":46,"featured_media":2964,"comment_status":"open","ping_status":"open","sticky":false,"template":"","format":"standard","meta":{"_jetpack_newsletter_access":"","_jetpack_dont_email_post_to_subs":false,"_jetpack_newsletter_tier_id":0,"_jetpack_memberships_contains_paywalled_content":false,"_jetpack_memberships_contains_paid_content":false,"footnotes":""},"categories":[1],"tags":[],"class_list":["post-2961","post","type-post","status-publish","format-standard","has-post-thumbnail","hentry","category-sem-categoria"],"jetpack_featured_media_url":"https:\/\/blogs.gazetaesportiva.com\/albertohelena\/files\/2015\/03\/peixe_que_da_gosto_700_dv.jpg","jetpack_sharing_enabled":true,"jetpack_shortlink":"https:\/\/wp.me\/pekB7q-LL","_links":{"self":[{"href":"https:\/\/blogs.gazetaesportiva.com\/albertohelena\/wp-json\/wp\/v2\/posts\/2961","targetHints":{"allow":["GET"]}}],"collection":[{"href":"https:\/\/blogs.gazetaesportiva.com\/albertohelena\/wp-json\/wp\/v2\/posts"}],"about":[{"href":"https:\/\/blogs.gazetaesportiva.com\/albertohelena\/wp-json\/wp\/v2\/types\/post"}],"author":[{"embeddable":true,"href":"https:\/\/blogs.gazetaesportiva.com\/albertohelena\/wp-json\/wp\/v2\/users\/46"}],"replies":[{"embeddable":true,"href":"https:\/\/blogs.gazetaesportiva.com\/albertohelena\/wp-json\/wp\/v2\/comments?post=2961"}],"version-history":[{"count":0,"href":"https:\/\/blogs.gazetaesportiva.com\/albertohelena\/wp-json\/wp\/v2\/posts\/2961\/revisions"}],"wp:featuredmedia":[{"embeddable":true,"href":"https:\/\/blogs.gazetaesportiva.com\/albertohelena\/wp-json\/wp\/v2\/media\/2964"}],"wp:attachment":[{"href":"https:\/\/blogs.gazetaesportiva.com\/albertohelena\/wp-json\/wp\/v2\/media?parent=2961"}],"wp:term":[{"taxonomy":"category","embeddable":true,"href":"https:\/\/blogs.gazetaesportiva.com\/albertohelena\/wp-json\/wp\/v2\/categories?post=2961"},{"taxonomy":"post_tag","embeddable":true,"href":"https:\/\/blogs.gazetaesportiva.com\/albertohelena\/wp-json\/wp\/v2\/tags?post=2961"}],"curies":[{"name":"wp","href":"https:\/\/api.w.org\/{rel}","templated":true}]}}