{"id":2955,"date":"2015-03-01T18:11:42","date_gmt":"2015-03-01T21:11:42","guid":{"rendered":"https:\/\/blogs.gazetaesportiva.com\/albertohelena\/?p=2955"},"modified":"2015-03-01T23:58:56","modified_gmt":"2015-03-02T02:58:56","slug":"tricolor-em-cinza-e-luzes-em-itaquera","status":"publish","type":"post","link":"https:\/\/blogs.gazetaesportiva.com\/albertohelena\/2015\/03\/01\/tricolor-em-cinza-e-luzes-em-itaquera\/","title":{"rendered":"Tricolor em cinza e luzes em Itaquera"},"content":{"rendered":"<figure id=\"attachment_2958\" aria-describedby=\"caption-attachment-2958\" style=\"width: 700px\" class=\"wp-caption aligncenter\"><a href=\"https:\/\/blogs.gazetaesportiva.com\/albertohelena\/files\/2015\/03\/paolo_700_fd.jpg\"><img loading=\"lazy\" decoding=\"async\" data-attachment-id=\"2958\" data-permalink=\"https:\/\/blogs.gazetaesportiva.com\/albertohelena\/2015\/03\/01\/tricolor-em-cinza-e-luzes-em-itaquera\/paolo_700_fd\/\" data-orig-file=\"https:\/\/blogs.gazetaesportiva.com\/albertohelena\/files\/2015\/03\/paolo_700_fd.jpg\" data-orig-size=\"700,400\" data-comments-opened=\"1\" data-image-meta=\"{&quot;aperture&quot;:&quot;0&quot;,&quot;credit&quot;:&quot;&quot;,&quot;camera&quot;:&quot;&quot;,&quot;caption&quot;:&quot;&quot;,&quot;created_timestamp&quot;:&quot;0&quot;,&quot;copyright&quot;:&quot;&quot;,&quot;focal_length&quot;:&quot;0&quot;,&quot;iso&quot;:&quot;0&quot;,&quot;shutter_speed&quot;:&quot;0&quot;,&quot;title&quot;:&quot;&quot;}\" data-image-title=\"Foto: Fernando Dantas\/Gazeta Press\" data-image-description=\"\" data-image-caption=\"&lt;p&gt;Foto: Fernando Dantas\/Gazeta Press&lt;\/p&gt;\n\" data-medium-file=\"https:\/\/blogs.gazetaesportiva.com\/albertohelena\/files\/2015\/03\/paolo_700_fd.jpg\" data-large-file=\"https:\/\/blogs.gazetaesportiva.com\/albertohelena\/files\/2015\/03\/paolo_700_fd.jpg\" class=\"size-full wp-image-2958\" alt=\"Foto: Fernando Dantas\/Gazeta Press\" src=\"https:\/\/blogs.gazetaesportiva.com\/albertohelena\/files\/2015\/03\/paolo_700_fd.jpg\" width=\"700\" height=\"400\" \/><\/a><figcaption id=\"caption-attachment-2958\" class=\"wp-caption-text\">Foto: Fernando Dantas\/Gazeta Press<\/figcaption><\/figure>\n<p>Corinthians e S\u00e3o Paulo vestiram as camisas de seus respectivos mist\u00f5es e entraram em campo nesta tarde de domingo pelo Paulist\u00e3o com os dois olhos na Libertadores.<\/p>\n<p>Enquanto o Tricolor sa\u00eda de campo, em Rio Claro, com um cinzento zero no placar, por absoluta falta de iniciativa, o Tim\u00e3o deixava o est\u00e1dio de Itaquera com um luminoso 3 a 0.<\/p>\n<p>N\u00e3o que o Corinthians tenha feito uma partida deslumbrante, nada disso. Fez um primeiro tempo modest\u00edssimo diante do Mogi, que criou as duas raras e melhores chances de gol, embora os alvinegros tenham tamb\u00e9m criado duas boas oportunidades, com aquela cabe\u00e7ada de Love na trave e a chegada de Guerrero sozinho que tentou, em v\u00e3o, encobrir o goleiro.<\/p>\n<p>Ali\u00e1s, a grande atra\u00e7\u00e3o do jogo &#8211; a forma\u00e7\u00e3o da dupla Love-Guerrero pela primeira vez desde o in\u00edcio de uma partida &#8211; se desfez no intervalo, depois de um primeiro tempo em que tudo se resumiu a uma boa tabela entre ambos. Love cedeu seu lugar a Danilo, e aqui o Corinthians ganhou vi\u00e7o, como sempre acontece nessas situa\u00e7\u00f5es.<\/p>\n<p>Mas, foi dos p\u00e9s de Jadson que nasceu o belo gol de abertura, aos 14 minutos, uma reprodu\u00e7\u00e3o quase exata dos gols do Liverpool contra o City, mais cedo. Recolheu na esquerda, desviou para o meio e bateu no \u00e2ngulo. Gola\u00e7o!<\/p>\n<p>Para completar a obra, a m\u00e3o boa de Tite sacou Malcom e colocou Luciano em campo. Pronto: aos 30 minutos, Guerrero rola para Luciano, que dribla o beque e guarda. Quinze minutos depois, o inverso &#8211; \u00e9 Luciano que escala pela esquerda e serve a Guerrero: 3 a 0.<\/p>\n<p>E o S\u00e3o Paulo? Bem, o S\u00e3o Paulo&#8230; Foi assim, o S\u00e3o Paulo, que dizer? O S\u00e3o Paulo&#8230;<\/p>\n<p>Ah, deixa pra l\u00e1.<\/p>\n<p>&nbsp;<\/p>\n","protected":false},"excerpt":{"rendered":"<p>Corinthians e S\u00e3o Paulo vestiram as camisas de seus respectivos mist\u00f5es e entraram em campo nesta tarde de domingo pelo Paulist\u00e3o com os dois olhos <a class=\"read-more\" href=\"https:\/\/blogs.gazetaesportiva.com\/albertohelena\/2015\/03\/01\/tricolor-em-cinza-e-luzes-em-itaquera\/\">leia mais<\/a><\/p>\n","protected":false},"author":46,"featured_media":2958,"comment_status":"open","ping_status":"open","sticky":false,"template":"","format":"standard","meta":{"_jetpack_newsletter_access":"","_jetpack_dont_email_post_to_subs":false,"_jetpack_newsletter_tier_id":0,"_jetpack_memberships_contains_paywalled_content":false,"_jetpack_memberships_contains_paid_content":false,"footnotes":""},"categories":[1],"tags":[],"class_list":["post-2955","post","type-post","status-publish","format-standard","has-post-thumbnail","hentry","category-sem-categoria"],"jetpack_featured_media_url":"https:\/\/blogs.gazetaesportiva.com\/albertohelena\/files\/2015\/03\/paolo_700_fd.jpg","jetpack_sharing_enabled":true,"jetpack_shortlink":"https:\/\/wp.me\/pekB7q-LF","_links":{"self":[{"href":"https:\/\/blogs.gazetaesportiva.com\/albertohelena\/wp-json\/wp\/v2\/posts\/2955","targetHints":{"allow":["GET"]}}],"collection":[{"href":"https:\/\/blogs.gazetaesportiva.com\/albertohelena\/wp-json\/wp\/v2\/posts"}],"about":[{"href":"https:\/\/blogs.gazetaesportiva.com\/albertohelena\/wp-json\/wp\/v2\/types\/post"}],"author":[{"embeddable":true,"href":"https:\/\/blogs.gazetaesportiva.com\/albertohelena\/wp-json\/wp\/v2\/users\/46"}],"replies":[{"embeddable":true,"href":"https:\/\/blogs.gazetaesportiva.com\/albertohelena\/wp-json\/wp\/v2\/comments?post=2955"}],"version-history":[{"count":0,"href":"https:\/\/blogs.gazetaesportiva.com\/albertohelena\/wp-json\/wp\/v2\/posts\/2955\/revisions"}],"wp:featuredmedia":[{"embeddable":true,"href":"https:\/\/blogs.gazetaesportiva.com\/albertohelena\/wp-json\/wp\/v2\/media\/2958"}],"wp:attachment":[{"href":"https:\/\/blogs.gazetaesportiva.com\/albertohelena\/wp-json\/wp\/v2\/media?parent=2955"}],"wp:term":[{"taxonomy":"category","embeddable":true,"href":"https:\/\/blogs.gazetaesportiva.com\/albertohelena\/wp-json\/wp\/v2\/categories?post=2955"},{"taxonomy":"post_tag","embeddable":true,"href":"https:\/\/blogs.gazetaesportiva.com\/albertohelena\/wp-json\/wp\/v2\/tags?post=2955"}],"curies":[{"name":"wp","href":"https:\/\/api.w.org\/{rel}","templated":true}]}}