{"id":2949,"date":"2015-03-01T15:27:37","date_gmt":"2015-03-01T18:27:37","guid":{"rendered":"https:\/\/blogs.gazetaesportiva.com\/albertohelena\/?p=2949"},"modified":"2015-03-01T16:04:15","modified_gmt":"2015-03-01T19:04:15","slug":"evento-e-espetaculo-pra-ingles-ver","status":"publish","type":"post","link":"https:\/\/blogs.gazetaesportiva.com\/albertohelena\/2015\/03\/01\/evento-e-espetaculo-pra-ingles-ver\/","title":{"rendered":"Evento e espet\u00e1culo pra ingl\u00eas ver"},"content":{"rendered":"<figure id=\"attachment_2953\" aria-describedby=\"caption-attachment-2953\" style=\"width: 640px\" class=\"wp-caption aligncenter\"><a href=\"https:\/\/blogs.gazetaesportiva.com\/albertohelena\/files\/2015\/03\/helena.jpg\"><img loading=\"lazy\" decoding=\"async\" data-attachment-id=\"2953\" data-permalink=\"https:\/\/blogs.gazetaesportiva.com\/albertohelena\/2015\/03\/01\/evento-e-espetaculo-pra-ingles-ver\/helena-52\/\" data-orig-file=\"https:\/\/blogs.gazetaesportiva.com\/albertohelena\/files\/2015\/03\/helena.jpg\" data-orig-size=\"640,367\" data-comments-opened=\"1\" data-image-meta=\"{&quot;aperture&quot;:&quot;0&quot;,&quot;credit&quot;:&quot;&quot;,&quot;camera&quot;:&quot;&quot;,&quot;caption&quot;:&quot;&quot;,&quot;created_timestamp&quot;:&quot;0&quot;,&quot;copyright&quot;:&quot;&quot;,&quot;focal_length&quot;:&quot;0&quot;,&quot;iso&quot;:&quot;0&quot;,&quot;shutter_speed&quot;:&quot;0&quot;,&quot;title&quot;:&quot;&quot;}\" data-image-title=\"AFP\" data-image-description=\"\" data-image-caption=\"&lt;p&gt;AFP&lt;\/p&gt;\n\" data-medium-file=\"https:\/\/blogs.gazetaesportiva.com\/albertohelena\/files\/2015\/03\/helena.jpg\" data-large-file=\"https:\/\/blogs.gazetaesportiva.com\/albertohelena\/files\/2015\/03\/helena.jpg\" class=\"size-full wp-image-2953\" alt=\"AFP\" src=\"https:\/\/blogs.gazetaesportiva.com\/albertohelena\/files\/2015\/03\/helena.jpg\" width=\"640\" height=\"367\" \/><\/a><figcaption id=\"caption-attachment-2953\" class=\"wp-caption-text\">AFP<\/figcaption><\/figure>\n<p>O grande evento deste domingo no futebol ingl\u00eas era a final da Copa da Liga, entre Chelsea e Tottenham, no sagrado palco de Wembley. Mas, o espet\u00e1culo ficou por conta de Manchester City e Liverpool, pelo Campeonato Ingl\u00eas, com aqueles dois gola\u00e7os g\u00eameos dos Reds. O primeiro, de Henderson; o segundo, de P. Coutinho, o brasileirinho que est\u00e1 esmerilhando nos campos da Rainha desde a temporada passada.<\/p>\n<p>O garoto recolheu pela esquerda, desguiou para o meio e disparou uma bomba no \u00e2ngulo oposto do goleiro. Um gol que ele j\u00e1 fez algumas vezes pelo Liverpool e que faz de Coutinho, hoje, candidato sem rival pela camisa 10 da Sele\u00e7\u00e3o Brasileira. Arma, dribla, passa, ataca e finaliza como poucos.<\/p>\n<p>Mesmo porque, se Coutinho cresce na Inglaterra, Oscar v\u00ea seu campo reduzido no Chelsea, que bateu o Tottenham por 2 a 0, gols de Terry e de Diego Costa, contando com inestim\u00e1vel colabora\u00e7\u00e3o do zagueiro Walker, que desviou seu tiro a gol.<\/p>\n<p>S\u00f3 para o amigo ter uma ideia, Mourinho, na falta de Matic e Mikel, decidiu escalar o zagueiro Zouma como volante, e Oscar s\u00f3 entrou no \u00faltimo minuto de jogo, quando a ta\u00e7a j\u00e1 estava pintada de azul.<\/p>\n<p>Ah, mas Oscar n\u00e3o \u00e9 volante, dir\u00e1 o atento leitor. N\u00e3o, n\u00e3o \u00e9, embora seja um ex\u00edmio ladr\u00e3o de bola. E at\u00e9 outro dia, formava com Matic e F\u00e0bregas um trio do barulho no meio de campo do Chelsea, alternando-se com o espanhol na fun\u00e7\u00e3o do que voc\u00eas a\u00ed chamam de segundo volante. Poderia voltar a cumprir essa miss\u00e3o hoje, com Ramires atuando como o tal primeiro volante.<\/p>\n<p>Sucede que Mourinho \u00e9 pragm\u00e1tico demais para arriscar qualquer coisa numa decis\u00e3o, e, no fim das contas, ao levar a ta\u00e7a, cala a minha boca nervosa.<\/p>\n<p>&nbsp;<\/p>\n<p>&nbsp;<\/p>\n<p>&nbsp;<\/p>\n","protected":false},"excerpt":{"rendered":"<p>O grande evento deste domingo no futebol ingl\u00eas era a final da Copa da Liga, entre Chelsea e Tottenham, no sagrado palco de Wembley. Mas, <a class=\"read-more\" href=\"https:\/\/blogs.gazetaesportiva.com\/albertohelena\/2015\/03\/01\/evento-e-espetaculo-pra-ingles-ver\/\">leia mais<\/a><\/p>\n","protected":false},"author":46,"featured_media":2953,"comment_status":"open","ping_status":"open","sticky":false,"template":"","format":"standard","meta":{"_jetpack_newsletter_access":"","_jetpack_dont_email_post_to_subs":false,"_jetpack_newsletter_tier_id":0,"_jetpack_memberships_contains_paywalled_content":false,"_jetpack_memberships_contains_paid_content":false,"footnotes":""},"categories":[1],"tags":[],"class_list":["post-2949","post","type-post","status-publish","format-standard","has-post-thumbnail","hentry","category-sem-categoria"],"jetpack_featured_media_url":"https:\/\/blogs.gazetaesportiva.com\/albertohelena\/files\/2015\/03\/helena.jpg","jetpack_sharing_enabled":true,"jetpack_shortlink":"https:\/\/wp.me\/pekB7q-Lz","_links":{"self":[{"href":"https:\/\/blogs.gazetaesportiva.com\/albertohelena\/wp-json\/wp\/v2\/posts\/2949","targetHints":{"allow":["GET"]}}],"collection":[{"href":"https:\/\/blogs.gazetaesportiva.com\/albertohelena\/wp-json\/wp\/v2\/posts"}],"about":[{"href":"https:\/\/blogs.gazetaesportiva.com\/albertohelena\/wp-json\/wp\/v2\/types\/post"}],"author":[{"embeddable":true,"href":"https:\/\/blogs.gazetaesportiva.com\/albertohelena\/wp-json\/wp\/v2\/users\/46"}],"replies":[{"embeddable":true,"href":"https:\/\/blogs.gazetaesportiva.com\/albertohelena\/wp-json\/wp\/v2\/comments?post=2949"}],"version-history":[{"count":0,"href":"https:\/\/blogs.gazetaesportiva.com\/albertohelena\/wp-json\/wp\/v2\/posts\/2949\/revisions"}],"wp:featuredmedia":[{"embeddable":true,"href":"https:\/\/blogs.gazetaesportiva.com\/albertohelena\/wp-json\/wp\/v2\/media\/2953"}],"wp:attachment":[{"href":"https:\/\/blogs.gazetaesportiva.com\/albertohelena\/wp-json\/wp\/v2\/media?parent=2949"}],"wp:term":[{"taxonomy":"category","embeddable":true,"href":"https:\/\/blogs.gazetaesportiva.com\/albertohelena\/wp-json\/wp\/v2\/categories?post=2949"},{"taxonomy":"post_tag","embeddable":true,"href":"https:\/\/blogs.gazetaesportiva.com\/albertohelena\/wp-json\/wp\/v2\/tags?post=2949"}],"curies":[{"name":"wp","href":"https:\/\/api.w.org\/{rel}","templated":true}]}}