{"id":2944,"date":"2015-02-28T20:46:18","date_gmt":"2015-02-28T23:46:18","guid":{"rendered":"https:\/\/blogs.gazetaesportiva.com\/albertohelena\/?p=2944"},"modified":"2015-02-28T20:56:50","modified_gmt":"2015-02-28T23:56:50","slug":"como-joga-esse-ze-quarentao","status":"publish","type":"post","link":"https:\/\/blogs.gazetaesportiva.com\/albertohelena\/2015\/02\/28\/como-joga-esse-ze-quarentao\/","title":{"rendered":"Como joga esse Z\u00e9 quarent\u00e3o!"},"content":{"rendered":"<figure id=\"attachment_2947\" aria-describedby=\"caption-attachment-2947\" style=\"width: 700px\" class=\"wp-caption aligncenter\"><a href=\"https:\/\/blogs.gazetaesportiva.com\/albertohelena\/files\/2015\/02\/ze_roberto_700_fd.jpg\"><img loading=\"lazy\" decoding=\"async\" data-attachment-id=\"2947\" data-permalink=\"https:\/\/blogs.gazetaesportiva.com\/albertohelena\/2015\/02\/28\/como-joga-esse-ze-quarentao\/ze_roberto_700_fd\/\" data-orig-file=\"https:\/\/blogs.gazetaesportiva.com\/albertohelena\/files\/2015\/02\/ze_roberto_700_fd.jpg\" data-orig-size=\"700,400\" data-comments-opened=\"1\" data-image-meta=\"{&quot;aperture&quot;:&quot;0&quot;,&quot;credit&quot;:&quot;&quot;,&quot;camera&quot;:&quot;&quot;,&quot;caption&quot;:&quot;&quot;,&quot;created_timestamp&quot;:&quot;0&quot;,&quot;copyright&quot;:&quot;&quot;,&quot;focal_length&quot;:&quot;0&quot;,&quot;iso&quot;:&quot;0&quot;,&quot;shutter_speed&quot;:&quot;0&quot;,&quot;title&quot;:&quot;&quot;}\" data-image-title=\"Foto: Fernando Dantas\/Gazeta Press\" data-image-description=\"\" data-image-caption=\"&lt;p&gt;Foto: Fernando Dantas\/Gazeta Press&lt;\/p&gt;\n\" data-medium-file=\"https:\/\/blogs.gazetaesportiva.com\/albertohelena\/files\/2015\/02\/ze_roberto_700_fd.jpg\" data-large-file=\"https:\/\/blogs.gazetaesportiva.com\/albertohelena\/files\/2015\/02\/ze_roberto_700_fd.jpg\" class=\"size-full wp-image-2947\" alt=\"Foto: Fernando Dantas\/Gazeta Press\" src=\"https:\/\/blogs.gazetaesportiva.com\/albertohelena\/files\/2015\/02\/ze_roberto_700_fd.jpg\" width=\"700\" height=\"400\" \/><\/a><figcaption id=\"caption-attachment-2947\" class=\"wp-caption-text\">Foto: Fernando Dantas\/Gazeta Press<\/figcaption><\/figure>\n<p>O primeiro tempo foi uma dureza, para o Palmeiras e pra quem assistia ao jogo. E a culpa foi do Arouca.<\/p>\n<p>Pera\u00ed! Deixe-me explicar. Nem de longe Arouca estreou mal no Palmeiras contra o Capivariano, nada disso. Ao contr\u00e1rio: at\u00e9 que foi bem, se computado o tempo em que ficou sem jogar e a consequente falta de ritmo, essas coisas.<\/p>\n<p>Sucede que sua entrada implicou na passagem de Robinho, que acabou sendo o her\u00f3i da partida, para a fun\u00e7\u00e3o de armador, \u00e0 frente de Gabriel e Arouca. N\u00e3o \u00e9 a praia de Robinho, e o Verd\u00e3o, por falta de uma articula\u00e7\u00e3o mais l\u00facida l\u00e1 na frente, sucumbiu \u00e0 severa marca\u00e7\u00e3o do Capivariano.<\/p>\n<p>Claro que, se Cristaldo, tivesse mandado \u00e0s redes aquela bola inicial que se chocou com o poste depois de parcial defesa do goleiro, a hist\u00f3ria teria sido outra. Mas, n\u00e3o foi, e o Palmeiras penou at\u00e9 os 26 minutos do segundo tempo, quando Alan Patrick, que acabara de entrar no lugar de Arouca, saiu machucado dando lugar a Victor Lu\u00eds, com a imediata passagem de Z\u00e9 Roberto para o meio.<\/p>\n<p>Foi como se, de s\u00fabito, a nuvem sombria que cobria o Allianz Parque se dissipasse e o Palmeiras se inundava de luz.<\/p>\n<p>Como joga esse quarent\u00e3o Z\u00e9 Roberto! Quando lateral, havia investido por quatro vezes pela esquerda, com leveza, velocidade, descortino e talento que n\u00e3o se v\u00ea nesses meninos todos juntos. Ao se transformar no armador da equipe, acelerou e deu sentido ao toque de bola l\u00e1 na frente, o que levou seu time a criar situa\u00e7\u00f5es de perigo, uma atr\u00e1s da outra.<\/p>\n<p>E os gols, ent\u00e3o, sa\u00edram naturalmente. O primeiro, aos 35, em bel\u00edssima cobran\u00e7a de falta por Robinho. Aos 43, em passe clarividente de Dudu para Robinho, que disparou no canto: 2 a 0.<\/p>\n<p>Nessa fase ainda preparat\u00f3ria do time de Oswaldo de Oliveira, t\u00e1 bom demais, meu.<\/p>\n","protected":false},"excerpt":{"rendered":"<p>O primeiro tempo foi uma dureza, para o Palmeiras e pra quem assistia ao jogo. E a culpa foi do Arouca. Pera\u00ed! Deixe-me explicar. Nem <a class=\"read-more\" href=\"https:\/\/blogs.gazetaesportiva.com\/albertohelena\/2015\/02\/28\/como-joga-esse-ze-quarentao\/\">leia mais<\/a><\/p>\n","protected":false},"author":46,"featured_media":2947,"comment_status":"open","ping_status":"open","sticky":false,"template":"","format":"standard","meta":{"_jetpack_newsletter_access":"","_jetpack_dont_email_post_to_subs":false,"_jetpack_newsletter_tier_id":0,"_jetpack_memberships_contains_paywalled_content":false,"_jetpack_memberships_contains_paid_content":false,"footnotes":""},"categories":[1],"tags":[],"class_list":["post-2944","post","type-post","status-publish","format-standard","has-post-thumbnail","hentry","category-sem-categoria"],"jetpack_featured_media_url":"https:\/\/blogs.gazetaesportiva.com\/albertohelena\/files\/2015\/02\/ze_roberto_700_fd.jpg","jetpack_sharing_enabled":true,"jetpack_shortlink":"https:\/\/wp.me\/pekB7q-Lu","_links":{"self":[{"href":"https:\/\/blogs.gazetaesportiva.com\/albertohelena\/wp-json\/wp\/v2\/posts\/2944","targetHints":{"allow":["GET"]}}],"collection":[{"href":"https:\/\/blogs.gazetaesportiva.com\/albertohelena\/wp-json\/wp\/v2\/posts"}],"about":[{"href":"https:\/\/blogs.gazetaesportiva.com\/albertohelena\/wp-json\/wp\/v2\/types\/post"}],"author":[{"embeddable":true,"href":"https:\/\/blogs.gazetaesportiva.com\/albertohelena\/wp-json\/wp\/v2\/users\/46"}],"replies":[{"embeddable":true,"href":"https:\/\/blogs.gazetaesportiva.com\/albertohelena\/wp-json\/wp\/v2\/comments?post=2944"}],"version-history":[{"count":0,"href":"https:\/\/blogs.gazetaesportiva.com\/albertohelena\/wp-json\/wp\/v2\/posts\/2944\/revisions"}],"wp:featuredmedia":[{"embeddable":true,"href":"https:\/\/blogs.gazetaesportiva.com\/albertohelena\/wp-json\/wp\/v2\/media\/2947"}],"wp:attachment":[{"href":"https:\/\/blogs.gazetaesportiva.com\/albertohelena\/wp-json\/wp\/v2\/media?parent=2944"}],"wp:term":[{"taxonomy":"category","embeddable":true,"href":"https:\/\/blogs.gazetaesportiva.com\/albertohelena\/wp-json\/wp\/v2\/categories?post=2944"},{"taxonomy":"post_tag","embeddable":true,"href":"https:\/\/blogs.gazetaesportiva.com\/albertohelena\/wp-json\/wp\/v2\/tags?post=2944"}],"curies":[{"name":"wp","href":"https:\/\/api.w.org\/{rel}","templated":true}]}}