{"id":2938,"date":"2015-02-28T14:51:46","date_gmt":"2015-02-28T17:51:46","guid":{"rendered":"https:\/\/blogs.gazetaesportiva.com\/albertohelena\/?p=2938"},"modified":"2015-02-28T15:05:55","modified_gmt":"2015-02-28T18:05:55","slug":"love-guerrero-pato-e-robinho","status":"publish","type":"post","link":"https:\/\/blogs.gazetaesportiva.com\/albertohelena\/2015\/02\/28\/love-guerrero-pato-e-robinho\/","title":{"rendered":"Love-Guerrero, Pato e Robinho"},"content":{"rendered":"<figure id=\"attachment_2942\" aria-describedby=\"caption-attachment-2942\" style=\"width: 700px\" class=\"wp-caption aligncenter\"><a href=\"https:\/\/blogs.gazetaesportiva.com\/albertohelena\/files\/2015\/02\/love_paolo_tite_700x400_daniel.jpg\"><img loading=\"lazy\" decoding=\"async\" data-attachment-id=\"2942\" data-permalink=\"https:\/\/blogs.gazetaesportiva.com\/albertohelena\/2015\/02\/28\/love-guerrero-pato-e-robinho\/love_paolo_tite_700x400_daniel\/\" data-orig-file=\"https:\/\/blogs.gazetaesportiva.com\/albertohelena\/files\/2015\/02\/love_paolo_tite_700x400_daniel.jpg\" data-orig-size=\"700,450\" data-comments-opened=\"1\" data-image-meta=\"{&quot;aperture&quot;:&quot;0&quot;,&quot;credit&quot;:&quot;&quot;,&quot;camera&quot;:&quot;&quot;,&quot;caption&quot;:&quot;&quot;,&quot;created_timestamp&quot;:&quot;0&quot;,&quot;copyright&quot;:&quot;&quot;,&quot;focal_length&quot;:&quot;0&quot;,&quot;iso&quot;:&quot;0&quot;,&quot;shutter_speed&quot;:&quot;0&quot;,&quot;title&quot;:&quot;&quot;}\" data-image-title=\"Foto: Daniel Augusto Jr\/Ag\u00eancia Corinthians\" data-image-description=\"\" data-image-caption=\"&lt;p&gt;Foto: Daniel Augusto Jr\/Ag\u00eancia Corinthians&lt;\/p&gt;\n\" data-medium-file=\"https:\/\/blogs.gazetaesportiva.com\/albertohelena\/files\/2015\/02\/love_paolo_tite_700x400_daniel.jpg\" data-large-file=\"https:\/\/blogs.gazetaesportiva.com\/albertohelena\/files\/2015\/02\/love_paolo_tite_700x400_daniel.jpg\" class=\"size-full wp-image-2942\" alt=\"Foto: Daniel Augusto Jr\/Ag\u00eancia Corinthians\" src=\"https:\/\/blogs.gazetaesportiva.com\/albertohelena\/files\/2015\/02\/love_paolo_tite_700x400_daniel.jpg\" width=\"700\" height=\"450\" \/><\/a><figcaption id=\"caption-attachment-2942\" class=\"wp-caption-text\">Foto: Daniel Augusto Jr\/Ag\u00eancia Corinthians<\/figcaption><\/figure>\n<p>A grande atra\u00e7\u00e3o da rodada deste domingo no Paulistinha \u00e9 a dupla Love-Guerrero, que pela primeira vez come\u00e7am jogando juntos no ataque corintiano contra o Mogi, no est\u00e1dio de Itaquera.<\/p>\n<p>Embora sejam dois jogadores da mesma posi\u00e7\u00e3o, nenhum deles \u00e9 aquele centroavant\u00e3o que se fixa na \u00e1rea \u00e0 espera da bola da hora, tamb\u00e9m chamado de chupim &#8211; o chupa sangue &#8211; pelos antigos. Nada disso, ambos flutuam ali pelas cercanias da \u00e1rea, cooperando com os companheiros que v\u00eam de tr\u00e1s. Guerrero \u00e9 mais de se deslocar para os lados do ataque; Love gosta de recuar pelo meio. Mas, os dois, sempre que poss\u00edvel est\u00e3o l\u00e1 na zona de conclus\u00e3o.<\/p>\n<p>O diabo \u00e9 saber quais ser\u00e3o os parceiros da dupla, pois essa est\u00fapida limita\u00e7\u00e3o do n\u00famero de inscritos no Paulistinha, obrigar\u00e1 Tite a tirar da cartola improvisa\u00e7\u00f5es bizarras. Como, por exemplo, o atacante Mendoza na lateral-esquerda, caso pretenda poupar Uendell para o jogo que vale mesmo, contra o San Lorenzo, pela Libertadores, no meio de semana.<\/p>\n<p>A prop\u00f3sito, se a inten\u00e7\u00e3o dessa cartolagem primata da FPF era obrigar os grandes a jogarem com seus times principais para garantir renda e espet\u00e1culo, deram um tiro no p\u00e9 e outro no cora\u00e7\u00e3o do torcedor, como sempre.<\/p>\n<p>Assim como tamb\u00e9m o S\u00e3o Paulo, outro representante brasileiro na Libertadores, dever\u00e1 entrar em campo com um mist\u00e3o contra o Rio Claro, a capital do dengue, n\u00e3o a do dengo, que esta \u00e9 a Bahia, Sinh\u00f4!<\/p>\n<p>Pelos cuidados tomados no Morumbi, o S\u00e3o Paulo dever\u00e1 inaugurar seu terceiro uniforme em Rio Claro &#8211; aquela bata at\u00e9 os tornozelos, botas, luvas e capacetes com viseira\u00a0 de tela anti mosquito.<\/p>\n<p>Pior do que isso, por\u00e9m, \u00e9 Muricy ter de mexer nesse time mais uma vez, contrariando seu desejo de dar harmonia \u00e0 equipe que tanto peca pela falta desse atributo.<\/p>\n<p>S\u00f3 espero que as mudan\u00e7as n\u00e3o atinjam Pato, que precisa ser mantido e estimulado justamente neste momento de gra\u00e7a do atacante t\u00e3o contestado como saudado por torcida e cr\u00edtica.<\/p>\n<p>J\u00e1 o Santos, que pega o Linense no Pacaembu, n\u00e3o tem esse tipo de problema. Centrado apenas no Paulistinha, pode ir afiando sua equipe, que se est\u00e1 saindo melhor do que o esperado, com todas aquelas defec\u00e7\u00f5es sofridas\u00a0 na virada do ano. S\u00f3 falta calibrar a pontaria de Ricardo Oliveira, que ainda n\u00e3o pegou no breu, embora d\u00ea sinais de que isso ocorrer\u00e1 mais cedo ou mais tarde. Ainda mais com Robinho jogando o que est\u00e1 jogando.<\/p>\n<p>Enfim, \u00e9 esperar pra ver.<\/p>\n<p>&nbsp;<\/p>\n<p>&nbsp;<\/p>\n<p>&nbsp;<\/p>\n","protected":false},"excerpt":{"rendered":"<p>A grande atra\u00e7\u00e3o da rodada deste domingo no Paulistinha \u00e9 a dupla Love-Guerrero, que pela primeira vez come\u00e7am jogando juntos no ataque corintiano contra o <a class=\"read-more\" href=\"https:\/\/blogs.gazetaesportiva.com\/albertohelena\/2015\/02\/28\/love-guerrero-pato-e-robinho\/\">leia mais<\/a><\/p>\n","protected":false},"author":46,"featured_media":2942,"comment_status":"open","ping_status":"open","sticky":false,"template":"","format":"standard","meta":{"_jetpack_newsletter_access":"","_jetpack_dont_email_post_to_subs":false,"_jetpack_newsletter_tier_id":0,"_jetpack_memberships_contains_paywalled_content":false,"_jetpack_memberships_contains_paid_content":false,"footnotes":""},"categories":[1],"tags":[],"class_list":["post-2938","post","type-post","status-publish","format-standard","has-post-thumbnail","hentry","category-sem-categoria"],"jetpack_featured_media_url":"https:\/\/blogs.gazetaesportiva.com\/albertohelena\/files\/2015\/02\/love_paolo_tite_700x400_daniel.jpg","jetpack_sharing_enabled":true,"jetpack_shortlink":"https:\/\/wp.me\/pekB7q-Lo","_links":{"self":[{"href":"https:\/\/blogs.gazetaesportiva.com\/albertohelena\/wp-json\/wp\/v2\/posts\/2938","targetHints":{"allow":["GET"]}}],"collection":[{"href":"https:\/\/blogs.gazetaesportiva.com\/albertohelena\/wp-json\/wp\/v2\/posts"}],"about":[{"href":"https:\/\/blogs.gazetaesportiva.com\/albertohelena\/wp-json\/wp\/v2\/types\/post"}],"author":[{"embeddable":true,"href":"https:\/\/blogs.gazetaesportiva.com\/albertohelena\/wp-json\/wp\/v2\/users\/46"}],"replies":[{"embeddable":true,"href":"https:\/\/blogs.gazetaesportiva.com\/albertohelena\/wp-json\/wp\/v2\/comments?post=2938"}],"version-history":[{"count":0,"href":"https:\/\/blogs.gazetaesportiva.com\/albertohelena\/wp-json\/wp\/v2\/posts\/2938\/revisions"}],"wp:featuredmedia":[{"embeddable":true,"href":"https:\/\/blogs.gazetaesportiva.com\/albertohelena\/wp-json\/wp\/v2\/media\/2942"}],"wp:attachment":[{"href":"https:\/\/blogs.gazetaesportiva.com\/albertohelena\/wp-json\/wp\/v2\/media?parent=2938"}],"wp:term":[{"taxonomy":"category","embeddable":true,"href":"https:\/\/blogs.gazetaesportiva.com\/albertohelena\/wp-json\/wp\/v2\/categories?post=2938"},{"taxonomy":"post_tag","embeddable":true,"href":"https:\/\/blogs.gazetaesportiva.com\/albertohelena\/wp-json\/wp\/v2\/tags?post=2938"}],"curies":[{"name":"wp","href":"https:\/\/api.w.org\/{rel}","templated":true}]}}