{"id":2932,"date":"2015-02-26T22:32:48","date_gmt":"2015-02-27T01:32:48","guid":{"rendered":"https:\/\/blogs.gazetaesportiva.com\/albertohelena\/?p=2932"},"modified":"2015-02-26T22:48:57","modified_gmt":"2015-02-27T01:48:57","slug":"a-recuperacao-do-inter","status":"publish","type":"post","link":"https:\/\/blogs.gazetaesportiva.com\/albertohelena\/2015\/02\/26\/a-recuperacao-do-inter\/","title":{"rendered":"A recupera\u00e7\u00e3o do Inter"},"content":{"rendered":"<figure id=\"attachment_2935\" aria-describedby=\"caption-attachment-2935\" style=\"width: 640px\" class=\"wp-caption aligncenter\"><a href=\"https:\/\/blogs.gazetaesportiva.com\/albertohelena\/files\/2015\/02\/helena5.jpg\"><img loading=\"lazy\" decoding=\"async\" data-attachment-id=\"2935\" data-permalink=\"https:\/\/blogs.gazetaesportiva.com\/albertohelena\/2015\/02\/26\/a-recuperacao-do-inter\/helena-51\/\" data-orig-file=\"https:\/\/blogs.gazetaesportiva.com\/albertohelena\/files\/2015\/02\/helena5.jpg\" data-orig-size=\"640,426\" data-comments-opened=\"1\" data-image-meta=\"{&quot;aperture&quot;:&quot;0&quot;,&quot;credit&quot;:&quot;&quot;,&quot;camera&quot;:&quot;&quot;,&quot;caption&quot;:&quot;&quot;,&quot;created_timestamp&quot;:&quot;0&quot;,&quot;copyright&quot;:&quot;&quot;,&quot;focal_length&quot;:&quot;0&quot;,&quot;iso&quot;:&quot;0&quot;,&quot;shutter_speed&quot;:&quot;0&quot;,&quot;title&quot;:&quot;&quot;}\" data-image-title=\"AFP\" data-image-description=\"\" data-image-caption=\"&lt;p&gt;AFP&lt;\/p&gt;\n\" data-medium-file=\"https:\/\/blogs.gazetaesportiva.com\/albertohelena\/files\/2015\/02\/helena5.jpg\" data-large-file=\"https:\/\/blogs.gazetaesportiva.com\/albertohelena\/files\/2015\/02\/helena5.jpg\" class=\"size-full wp-image-2935\" alt=\"AFP\" src=\"https:\/\/blogs.gazetaesportiva.com\/albertohelena\/files\/2015\/02\/helena5.jpg\" width=\"640\" height=\"426\" \/><\/a><figcaption id=\"caption-attachment-2935\" class=\"wp-caption-text\">AFP<\/figcaption><\/figure>\n<p>O Inter, que havia perdido na estreia da Libertadores, recuperou-se nesta quarta-feira, no Beira-Rio, ao bater La U do Chile por 3 a 1.<\/p>\n<p>Recuperou-se mesmo? Bem, o jogo que vi causou-me mais apreens\u00f5es sobre o futuro do Colorado nessa competi\u00e7\u00e3o do que euforia.<\/p>\n<p>Afinal, La U vem caindo pelas tabelas no campeonato chileno, embora seja o atual campe\u00e3o, e, mesmo assim, apesar de impulsionado pela sua torcida, o Inter oscilou demais ao longo da partida.<\/p>\n<p>Come\u00e7ou quase marcando com Alan Santos, mas logo levou uma bola na trave de Ubillia, praticamente o \u00fanico atacante do advers\u00e1rio em campo. Teve um p\u00eanalti n\u00e3o marcado em Vitinho e outro, que o juiz deu, em D&#8217;Alessandro, at\u00e9 ent\u00e3o o \u00fanico colorado que conseguia criar algo no seu time. O gringo converteu este. E, na volta para o segundo tempo, l\u00e1 pelos 16 minutos, Alex, que acabara de entrar no lugar de Vitinho, deixou Jorge Henrique sozinho na cara do gol: 2 a 0.<\/p>\n<p>Eis, por\u00e9m, que os chilenos se desgarram da pr\u00f3pria retranca mal feita e passam a pressionar um Inter que dava claros sinais de desagrega\u00e7\u00e3o em campo. Aos 21, Canales diminui, e justamente quando o o empate se desenhava no ar, numa bola mal devolvida pela zaga chilena, Nilton recolhe, serve a Ar\u00e1nguiz, que cruza para o menino Sacha guardar.<\/p>\n<p>Nesse entremeio, o t\u00e9cnico Aguirre fez duas substitui\u00e7\u00f5es inadequadas, pela l\u00f3gica do jogo: sacou Vitinho e, mais tarde, Jorge Henrique, para as entradas de Alex e Nico Freitas, um volante. Dessa forma, retirou qualquer velocidade de sua equipe para o contragolpe que poderia safar o Inter do sufoco.<\/p>\n<p>Acabou dando certo. Mas&#8230;<\/p>\n<p>Mas, o Inter \u00e9 um time em forma\u00e7\u00e3o ainda, com jogadores chegando, essa coisa toda. E, quem sabe, logo mais adiante, consiga ganhar a textura necess\u00e1ria para que nos transmita aquela sensa\u00e7\u00e3o de que, agora, vai. Espero.<\/p>\n","protected":false},"excerpt":{"rendered":"<p>O Inter, que havia perdido na estreia da Libertadores, recuperou-se nesta quarta-feira, no Beira-Rio, ao bater La U do Chile por 3 a 1. Recuperou-se <a class=\"read-more\" href=\"https:\/\/blogs.gazetaesportiva.com\/albertohelena\/2015\/02\/26\/a-recuperacao-do-inter\/\">leia mais<\/a><\/p>\n","protected":false},"author":46,"featured_media":2935,"comment_status":"open","ping_status":"open","sticky":false,"template":"","format":"standard","meta":{"_jetpack_newsletter_access":"","_jetpack_dont_email_post_to_subs":false,"_jetpack_newsletter_tier_id":0,"_jetpack_memberships_contains_paywalled_content":false,"_jetpack_memberships_contains_paid_content":false,"footnotes":""},"categories":[1],"tags":[],"class_list":["post-2932","post","type-post","status-publish","format-standard","has-post-thumbnail","hentry","category-sem-categoria"],"jetpack_featured_media_url":"https:\/\/blogs.gazetaesportiva.com\/albertohelena\/files\/2015\/02\/helena5.jpg","jetpack_sharing_enabled":true,"jetpack_shortlink":"https:\/\/wp.me\/pekB7q-Li","_links":{"self":[{"href":"https:\/\/blogs.gazetaesportiva.com\/albertohelena\/wp-json\/wp\/v2\/posts\/2932","targetHints":{"allow":["GET"]}}],"collection":[{"href":"https:\/\/blogs.gazetaesportiva.com\/albertohelena\/wp-json\/wp\/v2\/posts"}],"about":[{"href":"https:\/\/blogs.gazetaesportiva.com\/albertohelena\/wp-json\/wp\/v2\/types\/post"}],"author":[{"embeddable":true,"href":"https:\/\/blogs.gazetaesportiva.com\/albertohelena\/wp-json\/wp\/v2\/users\/46"}],"replies":[{"embeddable":true,"href":"https:\/\/blogs.gazetaesportiva.com\/albertohelena\/wp-json\/wp\/v2\/comments?post=2932"}],"version-history":[{"count":0,"href":"https:\/\/blogs.gazetaesportiva.com\/albertohelena\/wp-json\/wp\/v2\/posts\/2932\/revisions"}],"wp:featuredmedia":[{"embeddable":true,"href":"https:\/\/blogs.gazetaesportiva.com\/albertohelena\/wp-json\/wp\/v2\/media\/2935"}],"wp:attachment":[{"href":"https:\/\/blogs.gazetaesportiva.com\/albertohelena\/wp-json\/wp\/v2\/media?parent=2932"}],"wp:term":[{"taxonomy":"category","embeddable":true,"href":"https:\/\/blogs.gazetaesportiva.com\/albertohelena\/wp-json\/wp\/v2\/categories?post=2932"},{"taxonomy":"post_tag","embeddable":true,"href":"https:\/\/blogs.gazetaesportiva.com\/albertohelena\/wp-json\/wp\/v2\/tags?post=2932"}],"curies":[{"name":"wp","href":"https:\/\/api.w.org\/{rel}","templated":true}]}}