{"id":2925,"date":"2015-02-26T00:04:15","date_gmt":"2015-02-26T03:04:15","guid":{"rendered":"https:\/\/blogs.gazetaesportiva.com\/albertohelena\/?p=2925"},"modified":"2015-02-26T00:50:37","modified_gmt":"2015-02-26T03:50:37","slug":"na-medida-do-tricolor-4-a-0","status":"publish","type":"post","link":"https:\/\/blogs.gazetaesportiva.com\/albertohelena\/2015\/02\/26\/na-medida-do-tricolor-4-a-0\/","title":{"rendered":"Na medida do Tricolor: 4 a 0."},"content":{"rendered":"<figure id=\"attachment_2930\" aria-describedby=\"caption-attachment-2930\" style=\"width: 640px\" class=\"wp-caption aligncenter\"><a href=\"https:\/\/blogs.gazetaesportiva.com\/albertohelena\/files\/2015\/02\/blogspfc_dv.jpg\"><img loading=\"lazy\" decoding=\"async\" data-attachment-id=\"2930\" data-permalink=\"https:\/\/blogs.gazetaesportiva.com\/albertohelena\/2015\/02\/26\/na-medida-do-tricolor-4-a-0\/blogspfc_dv\/\" data-orig-file=\"https:\/\/blogs.gazetaesportiva.com\/albertohelena\/files\/2015\/02\/blogspfc_dv.jpg\" data-orig-size=\"640,396\" data-comments-opened=\"1\" data-image-meta=\"{&quot;aperture&quot;:&quot;0&quot;,&quot;credit&quot;:&quot;&quot;,&quot;camera&quot;:&quot;&quot;,&quot;caption&quot;:&quot;&quot;,&quot;created_timestamp&quot;:&quot;0&quot;,&quot;copyright&quot;:&quot;&quot;,&quot;focal_length&quot;:&quot;0&quot;,&quot;iso&quot;:&quot;0&quot;,&quot;shutter_speed&quot;:&quot;0&quot;,&quot;title&quot;:&quot;&quot;}\" data-image-title=\"Djalma Vass\u00e3o\/Gazeta Press\" data-image-description=\"\" data-image-caption=\"&lt;p&gt;Djalma Vass\u00e3o\/Gazeta Press&lt;\/p&gt;\n\" data-medium-file=\"https:\/\/blogs.gazetaesportiva.com\/albertohelena\/files\/2015\/02\/blogspfc_dv.jpg\" data-large-file=\"https:\/\/blogs.gazetaesportiva.com\/albertohelena\/files\/2015\/02\/blogspfc_dv.jpg\" class=\"size-full wp-image-2930\" alt=\"Djalma Vass\u00e3o\/Gazeta Press\" src=\"https:\/\/blogs.gazetaesportiva.com\/albertohelena\/files\/2015\/02\/blogspfc_dv.jpg\" width=\"640\" height=\"396\" \/><\/a><figcaption id=\"caption-attachment-2930\" class=\"wp-caption-text\">Djalma Vass\u00e3o\/Gazeta Press<\/figcaption><\/figure>\n<p>O primeiro gol de Pato \u00e9 daqueles para o amigo tricolor recortar e colar no \u00e1lbum de recorda\u00e7\u00f5es da Libertadores. N\u00e3o s\u00f3 pelo chicote de primeira desferido pelo atacante, mas, sobretudo, pelo desenho da jogada toda &#8211; uma troca de passes progressiva e refinada pelo toque de calcanhar de Michel Bastos para Reinaldo levantar na medida.<\/p>\n<p>Como isso ocorreu logo aos 4 minutos, o jogo ficou \u00e0 fei\u00e7\u00e3o para o S\u00e3o Paulo, pois n\u00e3o cabia mais ao Dan\u00fabio meter aquela velha retranca de guerra dos uruguaios.<\/p>\n<p>O diabo \u00e9 que o Tricolor, apesar da vantagem no placar e da superioridade t\u00e9cnica sobre o advers\u00e1rio, sofreu um pouco com a falta de sincronia nos passes, embora pudesse ter at\u00e9 goleado. Resumiu-se, por\u00e9m, ao segundo gol em belo lan\u00e7amento de Souza para Bruno, que cruzou na cabe\u00e7a de Pato. Pato, que, diga-se, n\u00e3o se limitou a marcar esses dois gols de estilo, n\u00e3o. Movimentou-se o tempo todo, marcou a sa\u00edda de bola do advers\u00e1rio e ainda encantou a torcida com algumas jogadas de alta classe.<\/p>\n<p>Resumindo: foi o melhor em campo, seguido de Michel Bastos, Ganso, Bruno, Reinaldo e Souza.<\/p>\n<p>No segundo tempo, por\u00e9m, o S\u00e3o Paulo amansou o esp\u00edrito e ficou ali cozinhando o galo, o que permitiu ao Dan\u00fabio for\u00e7ar um pouco, sem, contudo, ter qualidade para ir mais fundo.<\/p>\n<p>Resultado: aos 24, Reinaldo fez o terceiro, e o quarto veio aos 43 minutos, com Cafu, que havia acabado de entrar no lugar de Michel Bastos.<\/p>\n<p>O placar de 4 a 0 ficou na medida do andamento do jogo. J\u00e1 o S\u00e3o Paulo, para chegar ao seu ponto m\u00e1ximo, ainda ter\u00e1 de percorrer um bom caminho, desde que Muricy efetive essa forma\u00e7\u00e3o e a repita por um par de jogos.<\/p>\n<p>&nbsp;<\/p>\n","protected":false},"excerpt":{"rendered":"<p>O primeiro gol de Pato \u00e9 daqueles para o amigo tricolor recortar e colar no \u00e1lbum de recorda\u00e7\u00f5es da Libertadores. N\u00e3o s\u00f3 pelo chicote de <a class=\"read-more\" href=\"https:\/\/blogs.gazetaesportiva.com\/albertohelena\/2015\/02\/26\/na-medida-do-tricolor-4-a-0\/\">leia mais<\/a><\/p>\n","protected":false},"author":46,"featured_media":2928,"comment_status":"open","ping_status":"open","sticky":false,"template":"","format":"standard","meta":{"_jetpack_newsletter_access":"","_jetpack_dont_email_post_to_subs":false,"_jetpack_newsletter_tier_id":0,"_jetpack_memberships_contains_paywalled_content":false,"_jetpack_memberships_contains_paid_content":false,"footnotes":""},"categories":[1],"tags":[],"class_list":["post-2925","post","type-post","status-publish","format-standard","has-post-thumbnail","hentry","category-sem-categoria"],"jetpack_featured_media_url":"https:\/\/blogs.gazetaesportiva.com\/albertohelena\/files\/2015\/02\/blogpato.jpg","jetpack_sharing_enabled":true,"jetpack_shortlink":"https:\/\/wp.me\/pekB7q-Lb","_links":{"self":[{"href":"https:\/\/blogs.gazetaesportiva.com\/albertohelena\/wp-json\/wp\/v2\/posts\/2925","targetHints":{"allow":["GET"]}}],"collection":[{"href":"https:\/\/blogs.gazetaesportiva.com\/albertohelena\/wp-json\/wp\/v2\/posts"}],"about":[{"href":"https:\/\/blogs.gazetaesportiva.com\/albertohelena\/wp-json\/wp\/v2\/types\/post"}],"author":[{"embeddable":true,"href":"https:\/\/blogs.gazetaesportiva.com\/albertohelena\/wp-json\/wp\/v2\/users\/46"}],"replies":[{"embeddable":true,"href":"https:\/\/blogs.gazetaesportiva.com\/albertohelena\/wp-json\/wp\/v2\/comments?post=2925"}],"version-history":[{"count":0,"href":"https:\/\/blogs.gazetaesportiva.com\/albertohelena\/wp-json\/wp\/v2\/posts\/2925\/revisions"}],"wp:featuredmedia":[{"embeddable":true,"href":"https:\/\/blogs.gazetaesportiva.com\/albertohelena\/wp-json\/wp\/v2\/media\/2928"}],"wp:attachment":[{"href":"https:\/\/blogs.gazetaesportiva.com\/albertohelena\/wp-json\/wp\/v2\/media?parent=2925"}],"wp:term":[{"taxonomy":"category","embeddable":true,"href":"https:\/\/blogs.gazetaesportiva.com\/albertohelena\/wp-json\/wp\/v2\/categories?post=2925"},{"taxonomy":"post_tag","embeddable":true,"href":"https:\/\/blogs.gazetaesportiva.com\/albertohelena\/wp-json\/wp\/v2\/tags?post=2925"}],"curies":[{"name":"wp","href":"https:\/\/api.w.org\/{rel}","templated":true}]}}