{"id":2920,"date":"2015-02-25T21:35:43","date_gmt":"2015-02-26T00:35:43","guid":{"rendered":"https:\/\/blogs.gazetaesportiva.com\/albertohelena\/?p=2920"},"modified":"2015-02-25T21:42:54","modified_gmt":"2015-02-26T00:42:54","slug":"o-pragmatico-timao-2-a-0","status":"publish","type":"post","link":"https:\/\/blogs.gazetaesportiva.com\/albertohelena\/2015\/02\/25\/o-pragmatico-timao-2-a-0\/","title":{"rendered":"O pragm\u00e1tico Tim\u00e3o: 2 a 0"},"content":{"rendered":"<figure id=\"attachment_2923\" aria-describedby=\"caption-attachment-2923\" style=\"width: 640px\" class=\"wp-caption aligncenter\"><a href=\"https:\/\/blogs.gazetaesportiva.com\/albertohelena\/files\/2015\/02\/helenamendoza.jpg\"><img loading=\"lazy\" decoding=\"async\" data-attachment-id=\"2923\" data-permalink=\"https:\/\/blogs.gazetaesportiva.com\/albertohelena\/2015\/02\/25\/o-pragmatico-timao-2-a-0\/helenamendoza\/\" data-orig-file=\"https:\/\/blogs.gazetaesportiva.com\/albertohelena\/files\/2015\/02\/helenamendoza.jpg\" data-orig-size=\"640,377\" data-comments-opened=\"1\" data-image-meta=\"{&quot;aperture&quot;:&quot;0&quot;,&quot;credit&quot;:&quot;&quot;,&quot;camera&quot;:&quot;&quot;,&quot;caption&quot;:&quot;&quot;,&quot;created_timestamp&quot;:&quot;0&quot;,&quot;copyright&quot;:&quot;&quot;,&quot;focal_length&quot;:&quot;0&quot;,&quot;iso&quot;:&quot;0&quot;,&quot;shutter_speed&quot;:&quot;0&quot;,&quot;title&quot;:&quot;&quot;}\" data-image-title=\"Daniel Augusto Jr.\/Ag\u00eancia Corinthians\" data-image-description=\"\" data-image-caption=\"&lt;p&gt;Daniel Augusto Jr.\/Ag\u00eancia Corinthians&lt;\/p&gt;\n\" data-medium-file=\"https:\/\/blogs.gazetaesportiva.com\/albertohelena\/files\/2015\/02\/helenamendoza.jpg\" data-large-file=\"https:\/\/blogs.gazetaesportiva.com\/albertohelena\/files\/2015\/02\/helenamendoza.jpg\" class=\"size-full wp-image-2923\" alt=\"Daniel Augusto Jr.\/Ag\u00eancia Corinthians\" src=\"https:\/\/blogs.gazetaesportiva.com\/albertohelena\/files\/2015\/02\/helenamendoza.jpg\" width=\"640\" height=\"377\" \/><\/a><figcaption id=\"caption-attachment-2923\" class=\"wp-caption-text\">Daniel Augusto Jr.\/Ag\u00eancia Corinthians<\/figcaption><\/figure>\n<p>Lavei o rosto com \u00e1gua fria, pinguei col\u00edrio nos olhos, limpei cuidadosamente as lentes dos meus \u00f3culos e me muni de uma lupa virtual para encontrar algum tra\u00e7o da tal modernidade t\u00e3o apregoada pelos papagaios de plant\u00e3o nesse Corinthians que venceu o Linense por 2 a 0, na noite desta quarta-feira.<\/p>\n<p>Nada. Nem uma leve sugest\u00e3o. O que vi foi o mesmo Corinthians dos \u00faltimos tr\u00eas, quatro anos, na sua melhor forma: um time eficiente, s\u00f3lido na defesa, determinado na marca\u00e7\u00e3o e esperto nos raros momentos em que ousa atacar. Ou melhor: contra-atacar, pois foi assim que construiu o placar em Lins &#8211; uma veloc\u00edssima escapada de Mendoza pela esquerda, seguida do disparo fatal, e uma infiltra\u00e7\u00e3o de Petros pela direita, que serviu Love, o chute, o rebote do goleiro e o ponto final de Petros.<\/p>\n<p>Terminado o primeiro tempo, l\u00e1 estava estampado nos n\u00fameros da tabela comparativa um claro equil\u00edbrio entre Linense e Tim\u00e3o, em todos os quesitos, da posse de bola aos tiros a gol.<\/p>\n<p>Nos primeiros doze minutos do segundo tempo, o Linense acuou o Corinthians em seu campo de tal forma que havia nove corintianos, afora o goleiro, a partir da linha intermedi\u00e1ria para tr\u00e1s. S\u00f3 Wagner Love no c\u00edrculo central.<\/p>\n<p>Se o amigo quiser cunhar o atual Corinthians de pragm\u00e1tico, eficaz, bem treinado, quase intranspon\u00edvel l\u00e1 atr\u00e1s, e perigoso no contragolpe, tudo bem. Assino embaixo.<\/p>\n<p>Mas, <em>moderno,<\/em> no sentido que se d\u00e1 a esse termo hoje em dia, nem que a vaca tussa, com todo respeito.<\/p>\n<p>O jeito <em>moderno <\/em>de jogar bola, expresso, por exemplo no futebol apresentado de h\u00e1bito por Bar\u00e7a e Bayern, requer, antes de tudo, dom\u00ednio da bola e dos espa\u00e7os no campo ofensiv0. \u00c9 jogar sem deixar jogar. \u00c9 ter a bola a seus p\u00e9s, envolver o advers\u00e1rio e criar chances de gol, uma atr\u00e1s da outra. \u00c9 trocar passes inteligentes e constantes, e quando perder a bola, atac\u00e1-la j\u00e1 l\u00e1 na frente, n\u00e3o recuando o time todo para seu campo.<\/p>\n<p>O resto \u00e9 eufemismo, jogo de palavras, n\u00e3o de bola.<\/p>\n<p>&nbsp;<\/p>\n<p>&nbsp;<\/p>\n","protected":false},"excerpt":{"rendered":"<p>Lavei o rosto com \u00e1gua fria, pinguei col\u00edrio nos olhos, limpei cuidadosamente as lentes dos meus \u00f3culos e me muni de uma lupa virtual para <a class=\"read-more\" href=\"https:\/\/blogs.gazetaesportiva.com\/albertohelena\/2015\/02\/25\/o-pragmatico-timao-2-a-0\/\">leia mais<\/a><\/p>\n","protected":false},"author":46,"featured_media":2923,"comment_status":"open","ping_status":"open","sticky":false,"template":"","format":"standard","meta":{"_jetpack_newsletter_access":"","_jetpack_dont_email_post_to_subs":false,"_jetpack_newsletter_tier_id":0,"_jetpack_memberships_contains_paywalled_content":false,"_jetpack_memberships_contains_paid_content":false,"footnotes":""},"categories":[1],"tags":[],"class_list":["post-2920","post","type-post","status-publish","format-standard","has-post-thumbnail","hentry","category-sem-categoria"],"jetpack_featured_media_url":"https:\/\/blogs.gazetaesportiva.com\/albertohelena\/files\/2015\/02\/helenamendoza.jpg","jetpack_sharing_enabled":true,"jetpack_shortlink":"https:\/\/wp.me\/pekB7q-L6","_links":{"self":[{"href":"https:\/\/blogs.gazetaesportiva.com\/albertohelena\/wp-json\/wp\/v2\/posts\/2920","targetHints":{"allow":["GET"]}}],"collection":[{"href":"https:\/\/blogs.gazetaesportiva.com\/albertohelena\/wp-json\/wp\/v2\/posts"}],"about":[{"href":"https:\/\/blogs.gazetaesportiva.com\/albertohelena\/wp-json\/wp\/v2\/types\/post"}],"author":[{"embeddable":true,"href":"https:\/\/blogs.gazetaesportiva.com\/albertohelena\/wp-json\/wp\/v2\/users\/46"}],"replies":[{"embeddable":true,"href":"https:\/\/blogs.gazetaesportiva.com\/albertohelena\/wp-json\/wp\/v2\/comments?post=2920"}],"version-history":[{"count":0,"href":"https:\/\/blogs.gazetaesportiva.com\/albertohelena\/wp-json\/wp\/v2\/posts\/2920\/revisions"}],"wp:featuredmedia":[{"embeddable":true,"href":"https:\/\/blogs.gazetaesportiva.com\/albertohelena\/wp-json\/wp\/v2\/media\/2923"}],"wp:attachment":[{"href":"https:\/\/blogs.gazetaesportiva.com\/albertohelena\/wp-json\/wp\/v2\/media?parent=2920"}],"wp:term":[{"taxonomy":"category","embeddable":true,"href":"https:\/\/blogs.gazetaesportiva.com\/albertohelena\/wp-json\/wp\/v2\/categories?post=2920"},{"taxonomy":"post_tag","embeddable":true,"href":"https:\/\/blogs.gazetaesportiva.com\/albertohelena\/wp-json\/wp\/v2\/tags?post=2920"}],"curies":[{"name":"wp","href":"https:\/\/api.w.org\/{rel}","templated":true}]}}