{"id":2908,"date":"2015-02-25T13:58:20","date_gmt":"2015-02-25T16:58:20","guid":{"rendered":"https:\/\/blogs.gazetaesportiva.com\/albertohelena\/?p=2908"},"modified":"2015-02-25T15:14:19","modified_gmt":"2015-02-25T18:14:19","slug":"o-canhao-aos-80","status":"publish","type":"post","link":"https:\/\/blogs.gazetaesportiva.com\/albertohelena\/2015\/02\/25\/o-canhao-aos-80\/","title":{"rendered":"O Canh\u00e3o aos 80"},"content":{"rendered":"<figure id=\"attachment_2916\" aria-describedby=\"caption-attachment-2916\" style=\"width: 700px\" class=\"wp-caption aligncenter\"><a href=\"https:\/\/blogs.gazetaesportiva.com\/albertohelena\/files\/2015\/02\/pepe_700_is.jpg\"><img loading=\"lazy\" decoding=\"async\" data-attachment-id=\"2916\" data-permalink=\"https:\/\/blogs.gazetaesportiva.com\/albertohelena\/2015\/02\/25\/o-canhao-aos-80\/pepe_700_is\/\" data-orig-file=\"https:\/\/blogs.gazetaesportiva.com\/albertohelena\/files\/2015\/02\/pepe_700_is.jpg\" data-orig-size=\"700,380\" data-comments-opened=\"1\" data-image-meta=\"{&quot;aperture&quot;:&quot;0&quot;,&quot;credit&quot;:&quot;&quot;,&quot;camera&quot;:&quot;&quot;,&quot;caption&quot;:&quot;&quot;,&quot;created_timestamp&quot;:&quot;0&quot;,&quot;copyright&quot;:&quot;&quot;,&quot;focal_length&quot;:&quot;0&quot;,&quot;iso&quot;:&quot;0&quot;,&quot;shutter_speed&quot;:&quot;0&quot;,&quot;title&quot;:&quot;&quot;}\" data-image-title=\"Foto: Ricardo Saibun\/Santos FC\" data-image-description=\"\" data-image-caption=\"&lt;p&gt;Foto: Ricardo Saibun\/Santos FC&lt;\/p&gt;\n\" data-medium-file=\"https:\/\/blogs.gazetaesportiva.com\/albertohelena\/files\/2015\/02\/pepe_700_is.jpg\" data-large-file=\"https:\/\/blogs.gazetaesportiva.com\/albertohelena\/files\/2015\/02\/pepe_700_is.jpg\" class=\"size-full wp-image-2916\" alt=\"Foto: Ricardo Saibun\/Santos FC\" src=\"https:\/\/blogs.gazetaesportiva.com\/albertohelena\/files\/2015\/02\/pepe_700_is.jpg\" width=\"700\" height=\"380\" \/><\/a><figcaption id=\"caption-attachment-2916\" class=\"wp-caption-text\">Foto: Ricardo Saibun\/Santos FC<\/figcaption><\/figure>\n<p>J\u00e1 virou folclore. Sempre que algu\u00e9m lhe pergunta qual \u00e9 o maior artilheiro da hist\u00f3ria do Santos, Pepe, que est\u00e1 completando 80 anos de vida hoje, responde no ato:<\/p>\n<p>&#8211; Eu, com 405 gols em 750 jogos.<\/p>\n<p>E os mil e tantos gols do Pel\u00e9?<\/p>\n<p>&#8211; Ah, o Pel\u00e9 n\u00e3o conta. O Pel\u00e9 \u00e9 ET, de outro planeta. N\u00e3o conta.<\/p>\n<p>Assim como sou incapaz de contar quantas vezes vi o nosso Pepe em a\u00e7\u00e3o, com a camisa do Santos, que defendeu durante quinze anos, ou com a canarinho, que teve de ceder a Zagallo nas conquistas do bi mundial, em 58 e 62, por obra do azar.<\/p>\n<p>A prop\u00f3sito, dizem os supersticiosos, que foi mandinga do cabal\u00edstico 13 do Zagallo a causa das duas contus\u00f5es \u00e0s v\u00e9speras daqueles Mundiais que o deixaram no banco. Sim, porque o titular era Pepe.<\/p>\n<p><figure id=\"attachment_2917\" aria-describedby=\"caption-attachment-2917\" style=\"width: 300px\" class=\"wp-caption alignright\"><a href=\"https:\/\/blogs.gazetaesportiva.com\/albertohelena\/files\/2015\/02\/pepe_300x250_gp.jpg\"><img loading=\"lazy\" decoding=\"async\" data-attachment-id=\"2917\" data-permalink=\"https:\/\/blogs.gazetaesportiva.com\/albertohelena\/2015\/02\/25\/o-canhao-aos-80\/pepe_300x250_gp\/\" data-orig-file=\"https:\/\/blogs.gazetaesportiva.com\/albertohelena\/files\/2015\/02\/pepe_300x250_gp.jpg\" data-orig-size=\"300,410\" data-comments-opened=\"1\" data-image-meta=\"{&quot;aperture&quot;:&quot;0&quot;,&quot;credit&quot;:&quot;&quot;,&quot;camera&quot;:&quot;&quot;,&quot;caption&quot;:&quot;&quot;,&quot;created_timestamp&quot;:&quot;0&quot;,&quot;copyright&quot;:&quot;&quot;,&quot;focal_length&quot;:&quot;0&quot;,&quot;iso&quot;:&quot;0&quot;,&quot;shutter_speed&quot;:&quot;0&quot;,&quot;title&quot;:&quot;&quot;}\" data-image-title=\"Foto: Gazeta Press\" data-image-description=\"\" data-image-caption=\"&lt;p&gt;Foto: Gazeta Press&lt;\/p&gt;\n\" data-medium-file=\"https:\/\/blogs.gazetaesportiva.com\/albertohelena\/files\/2015\/02\/pepe_300x250_gp.jpg\" data-large-file=\"https:\/\/blogs.gazetaesportiva.com\/albertohelena\/files\/2015\/02\/pepe_300x250_gp.jpg\" class=\"size-full wp-image-2917\" alt=\"Foto: Gazeta Press\" src=\"https:\/\/blogs.gazetaesportiva.com\/albertohelena\/files\/2015\/02\/pepe_300x250_gp.jpg\" width=\"300\" height=\"410\" \/><\/a><figcaption id=\"caption-attachment-2917\" class=\"wp-caption-text\">Foto: Gazeta Press<\/figcaption><\/figure>Na verdade, em 58, o titular mesmo era Canhoteiro,\u00a0 o Mago, o Garrincha canhoto, craque cujas fa\u00e7anhas com a bola, se contadas aqui, pareceriam hist\u00f3rias de pescador ou de assombra\u00e7\u00e3o. Mas, Canhoteiro era um bo\u00eamio inveterado, e uma escapada noturna da concentra\u00e7\u00e3o \u00e0s v\u00e9speras da Copa do Mundo na Su\u00e9cia, provocou seu corte, abrindo vaga para a terceira op\u00e7\u00e3o, Zagallo.<\/p>\n<p>Pepe era um ponta-esquerda veloz, que driblava f\u00e1cil na corrida, mas, apenas o essencial para se livrar dos marcadores, e disparava petardos de meter medo nas arquibancadas, que dir\u00e1 nos goleiros advers\u00e1rios.<\/p>\n<p>Por isso mesmo, ganhou a alcunha de O Canh\u00e3o da Vila.<\/p>\n<p>Ao pendurar as chuteiras, Pepe transformou-se num t\u00e9cnico altamente vitorioso por uma infinidade de clubes que dirigiu. Dentre tantos t\u00edtulos, um se destaca: a conquista do Paulist\u00e3o pela Inter de Limeira, a primeira vez em que um time do Interior paulista quebrava a hegemonia dos grandes nessa que era importante competi\u00e7\u00e3o do nosso calend\u00e1rio.<\/p>\n<p>Gozador em\u00e9rito, reposit\u00f3rio de tantas hist\u00f3rias que n\u00e3o se furta em contar com gra\u00e7a e leveza, tem sua vida agora estampada em livro escrito por sua filha.<\/p>\n<p>Vale a pena ler, embora este cronista prefira relembrar seu futebol fant\u00e1stico no campo dos sonhos.<\/p>\n<p>&nbsp;<\/p>\n<p>&nbsp;<\/p>\n","protected":false},"excerpt":{"rendered":"<p>J\u00e1 virou folclore. Sempre que algu\u00e9m lhe pergunta qual \u00e9 o maior artilheiro da hist\u00f3ria do Santos, Pepe, que est\u00e1 completando 80 anos de vida <a class=\"read-more\" href=\"https:\/\/blogs.gazetaesportiva.com\/albertohelena\/2015\/02\/25\/o-canhao-aos-80\/\">leia mais<\/a><\/p>\n","protected":false},"author":46,"featured_media":2917,"comment_status":"open","ping_status":"open","sticky":false,"template":"","format":"standard","meta":{"_jetpack_newsletter_access":"","_jetpack_dont_email_post_to_subs":false,"_jetpack_newsletter_tier_id":0,"_jetpack_memberships_contains_paywalled_content":false,"_jetpack_memberships_contains_paid_content":false,"footnotes":""},"categories":[1],"tags":[],"class_list":["post-2908","post","type-post","status-publish","format-standard","has-post-thumbnail","hentry","category-sem-categoria"],"jetpack_featured_media_url":"https:\/\/blogs.gazetaesportiva.com\/albertohelena\/files\/2015\/02\/pepe_300x250_gp.jpg","jetpack_sharing_enabled":true,"jetpack_shortlink":"https:\/\/wp.me\/pekB7q-KU","_links":{"self":[{"href":"https:\/\/blogs.gazetaesportiva.com\/albertohelena\/wp-json\/wp\/v2\/posts\/2908","targetHints":{"allow":["GET"]}}],"collection":[{"href":"https:\/\/blogs.gazetaesportiva.com\/albertohelena\/wp-json\/wp\/v2\/posts"}],"about":[{"href":"https:\/\/blogs.gazetaesportiva.com\/albertohelena\/wp-json\/wp\/v2\/types\/post"}],"author":[{"embeddable":true,"href":"https:\/\/blogs.gazetaesportiva.com\/albertohelena\/wp-json\/wp\/v2\/users\/46"}],"replies":[{"embeddable":true,"href":"https:\/\/blogs.gazetaesportiva.com\/albertohelena\/wp-json\/wp\/v2\/comments?post=2908"}],"version-history":[{"count":0,"href":"https:\/\/blogs.gazetaesportiva.com\/albertohelena\/wp-json\/wp\/v2\/posts\/2908\/revisions"}],"wp:featuredmedia":[{"embeddable":true,"href":"https:\/\/blogs.gazetaesportiva.com\/albertohelena\/wp-json\/wp\/v2\/media\/2917"}],"wp:attachment":[{"href":"https:\/\/blogs.gazetaesportiva.com\/albertohelena\/wp-json\/wp\/v2\/media?parent=2908"}],"wp:term":[{"taxonomy":"category","embeddable":true,"href":"https:\/\/blogs.gazetaesportiva.com\/albertohelena\/wp-json\/wp\/v2\/categories?post=2908"},{"taxonomy":"post_tag","embeddable":true,"href":"https:\/\/blogs.gazetaesportiva.com\/albertohelena\/wp-json\/wp\/v2\/tags?post=2908"}],"curies":[{"name":"wp","href":"https:\/\/api.w.org\/{rel}","templated":true}]}}