{"id":13468,"date":"2022-11-16T19:27:36","date_gmt":"2022-11-16T22:27:36","guid":{"rendered":"https:\/\/blogs.gazetaesportiva.com\/albertohelena\/?p=13468"},"modified":"2022-11-16T19:37:42","modified_gmt":"2022-11-16T22:37:42","slug":"brasil-da-geladeira-ao-forno","status":"publish","type":"post","link":"https:\/\/blogs.gazetaesportiva.com\/albertohelena\/2022\/11\/16\/brasil-da-geladeira-ao-forno\/","title":{"rendered":"Brasil, da geladeira ao forno"},"content":{"rendered":"<figure id=\"attachment_13470\" aria-describedby=\"caption-attachment-13470\" style=\"width: 2047px\" class=\"wp-caption aligncenter\"><a href=\"https:\/\/blogs.gazetaesportiva.com\/albertohelena\/files\/2022\/11\/52504706323_f58238925b_k.jpg\"><img loading=\"lazy\" decoding=\"async\" data-attachment-id=\"13470\" data-permalink=\"https:\/\/blogs.gazetaesportiva.com\/albertohelena\/2022\/11\/16\/brasil-da-geladeira-ao-forno\/52504706323_f58238925b_k\/\" data-orig-file=\"https:\/\/blogs.gazetaesportiva.com\/albertohelena\/files\/2022\/11\/52504706323_f58238925b_k.jpg\" data-orig-size=\"2047,1365\" data-comments-opened=\"1\" data-image-meta=\"{&quot;aperture&quot;:&quot;0&quot;,&quot;credit&quot;:&quot;Lucas Figueiredo\\\/CBF&quot;,&quot;camera&quot;:&quot;&quot;,&quot;caption&quot;:&quot;&quot;,&quot;created_timestamp&quot;:&quot;0&quot;,&quot;copyright&quot;:&quot;&quot;,&quot;focal_length&quot;:&quot;0&quot;,&quot;iso&quot;:&quot;0&quot;,&quot;shutter_speed&quot;:&quot;0&quot;,&quot;title&quot;:&quot;&quot;,&quot;orientation&quot;:&quot;0&quot;}\" data-image-title=\"52504706323_f58238925b_k\" data-image-description=\"\" data-image-caption=\"&lt;p&gt;Tite orienta treinamento da Sele\u00e7\u00e3o (Foto: Divulga\u00e7\u00e3o\/Lucas Figueiredo)&lt;\/p&gt;\n\" data-medium-file=\"https:\/\/blogs.gazetaesportiva.com\/albertohelena\/files\/2022\/11\/52504706323_f58238925b_k-300x200.jpg\" data-large-file=\"https:\/\/blogs.gazetaesportiva.com\/albertohelena\/files\/2022\/11\/52504706323_f58238925b_k-1024x683.jpg\" class=\"size-full wp-image-13470\" src=\"https:\/\/blogs.gazetaesportiva.com\/albertohelena\/files\/2022\/11\/52504706323_f58238925b_k.jpg\" alt=\"\" width=\"2047\" height=\"1365\" srcset=\"https:\/\/blogs.gazetaesportiva.com\/albertohelena\/files\/2022\/11\/52504706323_f58238925b_k.jpg 2047w, https:\/\/blogs.gazetaesportiva.com\/albertohelena\/files\/2022\/11\/52504706323_f58238925b_k-300x200.jpg 300w, https:\/\/blogs.gazetaesportiva.com\/albertohelena\/files\/2022\/11\/52504706323_f58238925b_k-1024x683.jpg 1024w, https:\/\/blogs.gazetaesportiva.com\/albertohelena\/files\/2022\/11\/52504706323_f58238925b_k-768x512.jpg 768w, https:\/\/blogs.gazetaesportiva.com\/albertohelena\/files\/2022\/11\/52504706323_f58238925b_k-1536x1024.jpg 1536w, https:\/\/blogs.gazetaesportiva.com\/albertohelena\/files\/2022\/11\/52504706323_f58238925b_k-120x80.jpg 120w\" sizes=\"auto, (max-width: 2047px) 100vw, 2047px\" \/><\/a><figcaption id=\"caption-attachment-13470\" class=\"wp-caption-text\">Tite orienta treinamento da Sele\u00e7\u00e3o (Foto: Divulga\u00e7\u00e3o\/Lucas Figueiredo)<\/figcaption><\/figure>\n<p>Levante a m\u00e3o algu\u00e9m a\u00ed que souber por que a Sele\u00e7\u00e3o est\u00e1 metida na geladeira de Turim uma semana antes de estrear na Copa do Mundo disputada no forno de Catar.<\/p>\n<p>N\u00e3o bastasse o escasso tempo de treinamento antes do maior evento futebol\u00edstico do planeta, ainda por cima isso? Que benef\u00edcio tem o nosso time nessas circunst\u00e2ncias?<\/p>\n<p>Nem mesmo um joguinho treino contra uma dessas sele\u00e7\u00f5es desclassificadas para o Mundial, a exemplo do que fizeram nesta quarta Argentina e Alemanha, para afiar um pouco o conjunto; ou mesmo para experimentar este ou aquele rec\u00e9m-convocado.<\/p>\n<p>A melhor resposta parece ser aquele mantra repetido pelo detetive dos romances policiais \u00e0 cata do criminoso: siga o dinheiro.<\/p>\n<p>Sou de um tempo em que a Sele\u00e7\u00e3o Brasileira, \u00e0s v\u00e9speras de um torneio internacional, reunia-se pelo menos por um m\u00eas antes numa de nossas est\u00e2ncias clim\u00e1ticas, tipo Arax\u00e1. Isso, quando n\u00e3o excedia, como em 1974, quando ficamos quarenta e cinco dias na Floresta Negra antes da Copa da Alemanha, embora nesse caso, o desperd\u00edcio tenha sido absurdo, devido ao frio e \u00e0s contus\u00f5es de alguns titulares que impediram um treinamento adequado.<\/p>\n<p>Mas, se para nosso time esse retiro longo pouco valeu, pra mim foi muito valioso o conv\u00edvio com Le\u00f4nidas da Silva, o Diamante Negro, artilheiro da Copa de 38, ent\u00e3o, comentarista da Jovem Pan na equipe de Osmar Santos. Longos papos nas silenciosas tardes da Floresta Negra, onde nos sent\u00e1vamos num banco de madeira espiando o c\u00e9u azul sendo cortado pelo rastro branco dos jatos da Otan, deixando no ar o espectro da Terceira Guerra Mundial que nunca chegou<\/p>\n<p>Restos de mem\u00f3rias, pois agora \u00e9 assim: vapt-vupt. eis a Copa na mesa. E que seja l\u00e1 quem a tomar, por exerc\u00edcio da compet\u00eancia ou por mera sorte.<\/p>\n<p>&nbsp;<\/p>\n","protected":false},"excerpt":{"rendered":"<p>Levante a m\u00e3o algu\u00e9m a\u00ed que souber por que a Sele\u00e7\u00e3o est\u00e1 metida na geladeira de Turim uma semana antes de estrear na Copa do <a class=\"read-more\" href=\"https:\/\/blogs.gazetaesportiva.com\/albertohelena\/2022\/11\/16\/brasil-da-geladeira-ao-forno\/\">leia mais<\/a><\/p>\n","protected":false},"author":46,"featured_media":13470,"comment_status":"open","ping_status":"open","sticky":false,"template":"","format":"standard","meta":{"_jetpack_newsletter_access":"","_jetpack_dont_email_post_to_subs":false,"_jetpack_newsletter_tier_id":0,"_jetpack_memberships_contains_paywalled_content":false,"_jetpack_memberships_contains_paid_content":false,"footnotes":""},"categories":[1],"tags":[],"class_list":["post-13468","post","type-post","status-publish","format-standard","has-post-thumbnail","hentry","category-sem-categoria"],"jetpack_featured_media_url":"https:\/\/blogs.gazetaesportiva.com\/albertohelena\/files\/2022\/11\/52504706323_f58238925b_k.jpg","jetpack_sharing_enabled":true,"jetpack_shortlink":"https:\/\/wp.me\/pekB7q-3ve","_links":{"self":[{"href":"https:\/\/blogs.gazetaesportiva.com\/albertohelena\/wp-json\/wp\/v2\/posts\/13468","targetHints":{"allow":["GET"]}}],"collection":[{"href":"https:\/\/blogs.gazetaesportiva.com\/albertohelena\/wp-json\/wp\/v2\/posts"}],"about":[{"href":"https:\/\/blogs.gazetaesportiva.com\/albertohelena\/wp-json\/wp\/v2\/types\/post"}],"author":[{"embeddable":true,"href":"https:\/\/blogs.gazetaesportiva.com\/albertohelena\/wp-json\/wp\/v2\/users\/46"}],"replies":[{"embeddable":true,"href":"https:\/\/blogs.gazetaesportiva.com\/albertohelena\/wp-json\/wp\/v2\/comments?post=13468"}],"version-history":[{"count":0,"href":"https:\/\/blogs.gazetaesportiva.com\/albertohelena\/wp-json\/wp\/v2\/posts\/13468\/revisions"}],"wp:featuredmedia":[{"embeddable":true,"href":"https:\/\/blogs.gazetaesportiva.com\/albertohelena\/wp-json\/wp\/v2\/media\/13470"}],"wp:attachment":[{"href":"https:\/\/blogs.gazetaesportiva.com\/albertohelena\/wp-json\/wp\/v2\/media?parent=13468"}],"wp:term":[{"taxonomy":"category","embeddable":true,"href":"https:\/\/blogs.gazetaesportiva.com\/albertohelena\/wp-json\/wp\/v2\/categories?post=13468"},{"taxonomy":"post_tag","embeddable":true,"href":"https:\/\/blogs.gazetaesportiva.com\/albertohelena\/wp-json\/wp\/v2\/tags?post=13468"}],"curies":[{"name":"wp","href":"https:\/\/api.w.org\/{rel}","templated":true}]}}