{"id":13466,"date":"2022-11-07T14:38:01","date_gmt":"2022-11-07T17:38:01","guid":{"rendered":"https:\/\/blogs.gazetaesportiva.com\/albertohelena\/?p=13466"},"modified":"2022-11-07T14:44:50","modified_gmt":"2022-11-07T17:44:50","slug":"nenhuma-novidade-no-front","status":"publish","type":"post","link":"https:\/\/blogs.gazetaesportiva.com\/albertohelena\/2022\/11\/07\/nenhuma-novidade-no-front\/","title":{"rendered":"Nenhuma novidade no front"},"content":{"rendered":"<figure id=\"attachment_13467\" aria-describedby=\"caption-attachment-13467\" style=\"width: 799px\" class=\"wp-caption alignnone\"><a href=\"https:\/\/blogs.gazetaesportiva.com\/albertohelena\/files\/2022\/11\/52484152944_655a4ac6b4_c.jpg\"><img loading=\"lazy\" decoding=\"async\" data-attachment-id=\"13467\" data-permalink=\"https:\/\/blogs.gazetaesportiva.com\/albertohelena\/2022\/11\/07\/nenhuma-novidade-no-front\/52484152944_655a4ac6b4_c\/\" data-orig-file=\"https:\/\/blogs.gazetaesportiva.com\/albertohelena\/files\/2022\/11\/52484152944_655a4ac6b4_c.jpg\" data-orig-size=\"799,533\" data-comments-opened=\"1\" data-image-meta=\"{&quot;aperture&quot;:&quot;0&quot;,&quot;credit&quot;:&quot;Lucas Figueiredo\\\/CBF&quot;,&quot;camera&quot;:&quot;&quot;,&quot;caption&quot;:&quot;&quot;,&quot;created_timestamp&quot;:&quot;0&quot;,&quot;copyright&quot;:&quot;&quot;,&quot;focal_length&quot;:&quot;0&quot;,&quot;iso&quot;:&quot;0&quot;,&quot;shutter_speed&quot;:&quot;0&quot;,&quot;title&quot;:&quot;&quot;,&quot;orientation&quot;:&quot;0&quot;}\" data-image-title=\"52484152944_655a4ac6b4_c\" data-image-description=\"\" data-image-caption=\"&lt;p&gt;Foto: Divulga\u00e7\u00e3o\/CBF&lt;\/p&gt;\n\" data-medium-file=\"https:\/\/blogs.gazetaesportiva.com\/albertohelena\/files\/2022\/11\/52484152944_655a4ac6b4_c-300x200.jpg\" data-large-file=\"https:\/\/blogs.gazetaesportiva.com\/albertohelena\/files\/2022\/11\/52484152944_655a4ac6b4_c.jpg\" class=\"size-full wp-image-13467\" src=\"https:\/\/blogs.gazetaesportiva.com\/albertohelena\/files\/2022\/11\/52484152944_655a4ac6b4_c.jpg\" alt=\"\" width=\"799\" height=\"533\" srcset=\"https:\/\/blogs.gazetaesportiva.com\/albertohelena\/files\/2022\/11\/52484152944_655a4ac6b4_c.jpg 799w, https:\/\/blogs.gazetaesportiva.com\/albertohelena\/files\/2022\/11\/52484152944_655a4ac6b4_c-300x200.jpg 300w, https:\/\/blogs.gazetaesportiva.com\/albertohelena\/files\/2022\/11\/52484152944_655a4ac6b4_c-768x512.jpg 768w, https:\/\/blogs.gazetaesportiva.com\/albertohelena\/files\/2022\/11\/52484152944_655a4ac6b4_c-120x80.jpg 120w\" sizes=\"auto, (max-width: 799px) 100vw, 799px\" \/><\/a><figcaption id=\"caption-attachment-13467\" class=\"wp-caption-text\">Foto: Divulga\u00e7\u00e3o\/CBF<\/figcaption><\/figure>\n<p>Quer saber? Nenhuma novidade no front da Sele\u00e7\u00e3o. Nem mesmo a presen\u00e7a de Daniel Alves, t\u00e3o discutida antes do an\u00fancio do t\u00e9cnico Tite. Mesmo porque nosso ponto fraco est\u00e1 ali, nas laterais, tanto na direita quanto na esquerda.<\/p>\n<p>Assim, se Dani estiver mesmo em boa forma f\u00edsica, como assegura nossa Comiss\u00e3o T\u00e9cnica, que andou fu\u00e7ando l\u00e1 no Bar\u00e7a, onde o craque est\u00e1 treinando, ele pode ser muito \u00fatil l\u00e1 no Qatar. Sobretudo, porque trata-se de um lateral que est\u00e1 acostumado, desde os \u00e1ureos tempos do Bar\u00e7a, a apoiar por dentro, j\u00e1 que Tite virou a chavinha e passou a utilizar dois pontas aut\u00eanticos, ou sejam: Rodrygo, Raphinha,\u00a0 Antony e Vini Jr., \u00e0 escolha do fregu\u00eas.<\/p>\n<p>E aqui, sim, teremos novidades no estilo de jogo do nosso time, um meio de campo e ataque mais amplo e leve, compat\u00edvel com o nosso futebol dos bons tempos.<\/p>\n<p>O diabo \u00e9 saber como anda a cabecinha de alguns dos jogadores essenciais para que esse modelo tenha \u00eaxito. Refiro-me, especialmente, a Raphinha, Antony e Lucas Paquet\u00e1, que mudaram de clube e clima outro dia. Nenhum deles conseguiu se firmar como titular nos seus novos times, o que \u00e9 natural, mas, tamb\u00e9m, preocupante.<\/p>\n<p>Eis por que Tite deveria ter chamado um carinha feito Scarpa, que voou nesta temporada defendendo o Palmeiras, para equilibrar as op\u00e7\u00f5es de meio de campo, o setor mais importante de qualquer grande equipe. Nesse setor &#8211; meias de articula\u00e7\u00e3o -, s\u00f3 tr\u00eas foram convocados (Paquet\u00e1, Everton Ribeiro e Neymar), enquanto quatro volantes (Casemiro, Fabinho, Fred e Bruno Guimar\u00e3es) t\u00eam cadeiras cativas. Desperd\u00edcio, pois, numa eventualidade extrema, Marquinhos pode exercer essa fun\u00e7\u00e3o.<\/p>\n<p>Assim, Scarpa, que pode cumprir as obriga\u00e7\u00f5es de meia-armador, ponta-esquerda e lateral-esquerdo, seria mais \u00fatil.<\/p>\n<p>Mas, enfim, o grupo \u00e9 bom e se todos estiverem nos trinques prevejo uma Copa digna da hist\u00f3ria brasileira no maior torneio do planeta.<\/p>\n<p>&nbsp;<\/p>\n","protected":false},"excerpt":{"rendered":"<p>Quer saber? Nenhuma novidade no front da Sele\u00e7\u00e3o. Nem mesmo a presen\u00e7a de Daniel Alves, t\u00e3o discutida antes do an\u00fancio do t\u00e9cnico Tite. Mesmo porque <a class=\"read-more\" href=\"https:\/\/blogs.gazetaesportiva.com\/albertohelena\/2022\/11\/07\/nenhuma-novidade-no-front\/\">leia mais<\/a><\/p>\n","protected":false},"author":46,"featured_media":13467,"comment_status":"open","ping_status":"open","sticky":false,"template":"","format":"standard","meta":{"_jetpack_newsletter_access":"","_jetpack_dont_email_post_to_subs":false,"_jetpack_newsletter_tier_id":0,"_jetpack_memberships_contains_paywalled_content":false,"_jetpack_memberships_contains_paid_content":false,"footnotes":""},"categories":[1],"tags":[],"class_list":["post-13466","post","type-post","status-publish","format-standard","has-post-thumbnail","hentry","category-sem-categoria"],"jetpack_featured_media_url":"https:\/\/blogs.gazetaesportiva.com\/albertohelena\/files\/2022\/11\/52484152944_655a4ac6b4_c.jpg","jetpack_sharing_enabled":true,"jetpack_shortlink":"https:\/\/wp.me\/pekB7q-3vc","_links":{"self":[{"href":"https:\/\/blogs.gazetaesportiva.com\/albertohelena\/wp-json\/wp\/v2\/posts\/13466","targetHints":{"allow":["GET"]}}],"collection":[{"href":"https:\/\/blogs.gazetaesportiva.com\/albertohelena\/wp-json\/wp\/v2\/posts"}],"about":[{"href":"https:\/\/blogs.gazetaesportiva.com\/albertohelena\/wp-json\/wp\/v2\/types\/post"}],"author":[{"embeddable":true,"href":"https:\/\/blogs.gazetaesportiva.com\/albertohelena\/wp-json\/wp\/v2\/users\/46"}],"replies":[{"embeddable":true,"href":"https:\/\/blogs.gazetaesportiva.com\/albertohelena\/wp-json\/wp\/v2\/comments?post=13466"}],"version-history":[{"count":0,"href":"https:\/\/blogs.gazetaesportiva.com\/albertohelena\/wp-json\/wp\/v2\/posts\/13466\/revisions"}],"wp:featuredmedia":[{"embeddable":true,"href":"https:\/\/blogs.gazetaesportiva.com\/albertohelena\/wp-json\/wp\/v2\/media\/13467"}],"wp:attachment":[{"href":"https:\/\/blogs.gazetaesportiva.com\/albertohelena\/wp-json\/wp\/v2\/media?parent=13466"}],"wp:term":[{"taxonomy":"category","embeddable":true,"href":"https:\/\/blogs.gazetaesportiva.com\/albertohelena\/wp-json\/wp\/v2\/categories?post=13466"},{"taxonomy":"post_tag","embeddable":true,"href":"https:\/\/blogs.gazetaesportiva.com\/albertohelena\/wp-json\/wp\/v2\/tags?post=13466"}],"curies":[{"name":"wp","href":"https:\/\/api.w.org\/{rel}","templated":true}]}}