{"id":13462,"date":"2022-11-05T23:07:09","date_gmt":"2022-11-06T02:07:09","guid":{"rendered":"https:\/\/blogs.gazetaesportiva.com\/albertohelena\/?p=13462"},"modified":"2022-11-05T23:13:43","modified_gmt":"2022-11-06T02:13:43","slug":"timao-obvio-1-a-0-ufa","status":"publish","type":"post","link":"https:\/\/blogs.gazetaesportiva.com\/albertohelena\/2022\/11\/05\/timao-obvio-1-a-0-ufa\/","title":{"rendered":"Tim\u00e3o \u00f3bvio: 1 a 0. Ufa!"},"content":{"rendered":"<figure id=\"attachment_13464\" aria-describedby=\"caption-attachment-13464\" style=\"width: 2000px\" class=\"wp-caption aligncenter\"><a href=\"https:\/\/blogs.gazetaesportiva.com\/albertohelena\/files\/2022\/11\/corinthians-yuri.jpg\"><img loading=\"lazy\" decoding=\"async\" data-attachment-id=\"13464\" data-permalink=\"https:\/\/blogs.gazetaesportiva.com\/albertohelena\/2022\/11\/05\/timao-obvio-1-a-0-ufa\/corinthians-yuri\/\" data-orig-file=\"https:\/\/blogs.gazetaesportiva.com\/albertohelena\/files\/2022\/11\/corinthians-yuri.jpg\" data-orig-size=\"2000,1401\" data-comments-opened=\"1\" data-image-meta=\"{&quot;aperture&quot;:&quot;3.2&quot;,&quot;credit&quot;:&quot;&quot;,&quot;camera&quot;:&quot;Canon EOS 5D Mark III&quot;,&quot;caption&quot;:&quot;&quot;,&quot;created_timestamp&quot;:&quot;1667699990&quot;,&quot;copyright&quot;:&quot;&quot;,&quot;focal_length&quot;:&quot;300&quot;,&quot;iso&quot;:&quot;2500&quot;,&quot;shutter_speed&quot;:&quot;0.0008&quot;,&quot;title&quot;:&quot;&quot;,&quot;orientation&quot;:&quot;0&quot;}\" data-image-title=\"corinthians-yuri\" data-image-description=\"\" data-image-caption=\"&lt;p&gt;Foto: Rodrigo Coca\/Ag Corinthians&lt;\/p&gt;\n\" data-medium-file=\"https:\/\/blogs.gazetaesportiva.com\/albertohelena\/files\/2022\/11\/corinthians-yuri-300x210.jpg\" data-large-file=\"https:\/\/blogs.gazetaesportiva.com\/albertohelena\/files\/2022\/11\/corinthians-yuri-1024x717.jpg\" class=\"size-full wp-image-13464\" src=\"https:\/\/blogs.gazetaesportiva.com\/albertohelena\/files\/2022\/11\/corinthians-yuri.jpg\" alt=\"\" width=\"2000\" height=\"1401\" srcset=\"https:\/\/blogs.gazetaesportiva.com\/albertohelena\/files\/2022\/11\/corinthians-yuri.jpg 2000w, https:\/\/blogs.gazetaesportiva.com\/albertohelena\/files\/2022\/11\/corinthians-yuri-300x210.jpg 300w, https:\/\/blogs.gazetaesportiva.com\/albertohelena\/files\/2022\/11\/corinthians-yuri-1024x717.jpg 1024w, https:\/\/blogs.gazetaesportiva.com\/albertohelena\/files\/2022\/11\/corinthians-yuri-768x538.jpg 768w, https:\/\/blogs.gazetaesportiva.com\/albertohelena\/files\/2022\/11\/corinthians-yuri-1536x1076.jpg 1536w\" sizes=\"auto, (max-width: 2000px) 100vw, 2000px\" \/><\/a><figcaption id=\"caption-attachment-13464\" class=\"wp-caption-text\">Foto: Rodrigo Coca\/Ag Corinthians<\/figcaption><\/figure>\n<p>A fala lusitana de VP \u00e9 perfeitamente entend\u00edvel pela gente tapuia. Incompreens\u00edvel \u00e9 seu pensamento. Afinal, o Corinthians n\u00e3o disputa mais nada nesta temporada a n\u00e3o ser a vice-lideran\u00e7a do Brasileir\u00e3o, que n\u00e3o. \u00e9 nada, n\u00e3o \u00e9 nada, mas, pelo menos, \u00e9 um t\u00edtulo digno de sua gloriosa camisa. Digam-me, a amiga e o amigo, ent\u00e3o, por que o t\u00e9cnico corintiano insiste em mexer nesse time de jogo pra jogo, aleatoriamente, a ponto de enfraquec\u00ea-lo tirando-lhe o m\u00ednimo de harmonia, criatividade e aud\u00e1cia?<\/p>\n<p>Basta dizer que, durante os primeiros vinte e cinco minutos de bola rolando, jogando com tr\u00eas volantes (Ramiro, Du e Fausto) , o Tim\u00e3o, diante do quase rebaixado Cear\u00e1, em plena Itaquera, sequer passou do meio de campo. Fosse o Voz\u00e3o um time mais qualificado e o Tim\u00e3o, nesse per\u00edodo, poderia estar perdendo, n\u00e3o fossem C\u00e1ssio e o travess\u00e3o.<\/p>\n<p>Na verdade, o Corinthians s\u00f3 foi erguer a cabe\u00e7a a partir dos 17 minutos da etapa final.com a entrada de Roger Guedes, o artilheiro do time, que esquentava banco inexplicavelmente. No primeiro lance, sofreu falta por ele convertida no travess\u00e3o advers\u00e1rio.<\/p>\n<p>E, para virar o jogo, s\u00f3 depois da entrada de Giuliano, um meia muito mais criativo e incisivo do que Ramiro, \u00e9 que o Tim\u00e3o tomou conta do jogo e acabou fazendo seu gol salvador, aos 45 minutos do segundo tempo, com Yuri Alberto em jogada de Fausto, Fagner e Giuliano.<\/p>\n<p>\u00d3 p\u00e1! Que tal uma conversinha ao p\u00e9 do \u00f3bvio, hein?<\/p>\n<p>&nbsp;<\/p>\n","protected":false},"excerpt":{"rendered":"<p>A fala lusitana de VP \u00e9 perfeitamente entend\u00edvel pela gente tapuia. Incompreens\u00edvel \u00e9 seu pensamento. Afinal, o Corinthians n\u00e3o disputa mais nada nesta temporada a <a class=\"read-more\" href=\"https:\/\/blogs.gazetaesportiva.com\/albertohelena\/2022\/11\/05\/timao-obvio-1-a-0-ufa\/\">leia mais<\/a><\/p>\n","protected":false},"author":46,"featured_media":13464,"comment_status":"open","ping_status":"open","sticky":false,"template":"","format":"standard","meta":{"_jetpack_newsletter_access":"","_jetpack_dont_email_post_to_subs":false,"_jetpack_newsletter_tier_id":0,"_jetpack_memberships_contains_paywalled_content":false,"_jetpack_memberships_contains_paid_content":false,"footnotes":""},"categories":[13,1],"tags":[],"class_list":["post-13462","post","type-post","status-publish","format-standard","has-post-thumbnail","hentry","category-corinthians","category-sem-categoria"],"jetpack_featured_media_url":"https:\/\/blogs.gazetaesportiva.com\/albertohelena\/files\/2022\/11\/corinthians-yuri.jpg","jetpack_sharing_enabled":true,"jetpack_shortlink":"https:\/\/wp.me\/pekB7q-3v8","_links":{"self":[{"href":"https:\/\/blogs.gazetaesportiva.com\/albertohelena\/wp-json\/wp\/v2\/posts\/13462","targetHints":{"allow":["GET"]}}],"collection":[{"href":"https:\/\/blogs.gazetaesportiva.com\/albertohelena\/wp-json\/wp\/v2\/posts"}],"about":[{"href":"https:\/\/blogs.gazetaesportiva.com\/albertohelena\/wp-json\/wp\/v2\/types\/post"}],"author":[{"embeddable":true,"href":"https:\/\/blogs.gazetaesportiva.com\/albertohelena\/wp-json\/wp\/v2\/users\/46"}],"replies":[{"embeddable":true,"href":"https:\/\/blogs.gazetaesportiva.com\/albertohelena\/wp-json\/wp\/v2\/comments?post=13462"}],"version-history":[{"count":0,"href":"https:\/\/blogs.gazetaesportiva.com\/albertohelena\/wp-json\/wp\/v2\/posts\/13462\/revisions"}],"wp:featuredmedia":[{"embeddable":true,"href":"https:\/\/blogs.gazetaesportiva.com\/albertohelena\/wp-json\/wp\/v2\/media\/13464"}],"wp:attachment":[{"href":"https:\/\/blogs.gazetaesportiva.com\/albertohelena\/wp-json\/wp\/v2\/media?parent=13462"}],"wp:term":[{"taxonomy":"category","embeddable":true,"href":"https:\/\/blogs.gazetaesportiva.com\/albertohelena\/wp-json\/wp\/v2\/categories?post=13462"},{"taxonomy":"post_tag","embeddable":true,"href":"https:\/\/blogs.gazetaesportiva.com\/albertohelena\/wp-json\/wp\/v2\/tags?post=13462"}],"curies":[{"name":"wp","href":"https:\/\/api.w.org\/{rel}","templated":true}]}}