{"id":13460,"date":"2022-11-05T19:47:22","date_gmt":"2022-11-05T22:47:22","guid":{"rendered":"https:\/\/blogs.gazetaesportiva.com\/albertohelena\/?p=13460"},"modified":"2022-11-05T20:20:52","modified_gmt":"2022-11-05T23:20:52","slug":"ah-que-delicia-de-jogo-2","status":"publish","type":"post","link":"https:\/\/blogs.gazetaesportiva.com\/albertohelena\/2022\/11\/05\/ah-que-delicia-de-jogo-2\/","title":{"rendered":"Ah, que del\u00edcia de jogo!"},"content":{"rendered":"<figure id=\"attachment_13463\" aria-describedby=\"caption-attachment-13463\" style=\"width: 799px\" class=\"wp-caption aligncenter\"><a href=\"https:\/\/blogs.gazetaesportiva.com\/albertohelena\/files\/2022\/11\/52479435611_502fcbb65b_c.jpg\"><img loading=\"lazy\" decoding=\"async\" data-attachment-id=\"13463\" data-permalink=\"https:\/\/blogs.gazetaesportiva.com\/albertohelena\/2022\/11\/05\/ah-que-delicia-de-jogo-2\/52479435611_502fcbb65b_c\/\" data-orig-file=\"https:\/\/blogs.gazetaesportiva.com\/albertohelena\/files\/2022\/11\/52479435611_502fcbb65b_c.jpg\" data-orig-size=\"799,450\" data-comments-opened=\"1\" data-image-meta=\"{&quot;aperture&quot;:&quot;0&quot;,&quot;credit&quot;:&quot;Mailson Santana\\\/Fluminense FC&quot;,&quot;camera&quot;:&quot;&quot;,&quot;caption&quot;:&quot;&quot;,&quot;created_timestamp&quot;:&quot;0&quot;,&quot;copyright&quot;:&quot;Mailson Santana\\\/Fluminense FC&quot;,&quot;focal_length&quot;:&quot;0&quot;,&quot;iso&quot;:&quot;0&quot;,&quot;shutter_speed&quot;:&quot;0&quot;,&quot;title&quot;:&quot;&quot;,&quot;orientation&quot;:&quot;0&quot;}\" data-image-title=\"52479435611_502fcbb65b_c\" data-image-description=\"\" data-image-caption=\"&lt;p&gt;Foto: MAILSON SANTANA\/FLUMINENSE FC&lt;\/p&gt;\n\" data-medium-file=\"https:\/\/blogs.gazetaesportiva.com\/albertohelena\/files\/2022\/11\/52479435611_502fcbb65b_c-300x169.jpg\" data-large-file=\"https:\/\/blogs.gazetaesportiva.com\/albertohelena\/files\/2022\/11\/52479435611_502fcbb65b_c.jpg\" class=\"size-full wp-image-13463\" src=\"https:\/\/blogs.gazetaesportiva.com\/albertohelena\/files\/2022\/11\/52479435611_502fcbb65b_c.jpg\" alt=\"\" width=\"799\" height=\"450\" srcset=\"https:\/\/blogs.gazetaesportiva.com\/albertohelena\/files\/2022\/11\/52479435611_502fcbb65b_c.jpg 799w, https:\/\/blogs.gazetaesportiva.com\/albertohelena\/files\/2022\/11\/52479435611_502fcbb65b_c-300x169.jpg 300w, https:\/\/blogs.gazetaesportiva.com\/albertohelena\/files\/2022\/11\/52479435611_502fcbb65b_c-768x433.jpg 768w\" sizes=\"auto, (max-width: 799px) 100vw, 799px\" \/><\/a><figcaption id=\"caption-attachment-13463\" class=\"wp-caption-text\">Foto: MAILSON SANTANA\/FLUMINENSE FC<\/figcaption><\/figure>\n<p>Ah, que del\u00edcia de jogo!<\/p>\n<p>No primeiro tempo, os Tricolores de l\u00e1 e de c\u00e1 inebriaram os verdadeiros amantes do futebol com um jogo intenso, bola de p\u00e9 em p\u00e9, marca\u00e7\u00f5es altas, passes exatos, velozes, ambos os times exalando o suor da busca incessante pelo gol.<\/p>\n<p>E o gol veio aos 30 minutos, depois de uma defesa espetacular de F\u00e1bio, em chute de Luciano, e a bola na trave disparada por Cano, com Luciano em feroz chicotada no canto1 a 0.<\/p>\n<p>Mas, no segundo tempo, o Flu desequilibrou o S\u00e3o Paulo, numa sinfonia de passes, enfiadas e toques m\u00e1gicos regida pelo maestro Ganso, esse g\u00eanio incompreendido.<\/p>\n<p>Contudo, o Flu n\u00e3o foi s\u00f3 Ganso. Vale lembrar o refinado futebol do volante M\u00e1rio, que at\u00e9 virou zagueiro com a sa\u00edda de Nino, tipo Beckenbauer ou Baresi dos bons tempos. Acrescente-se nessa curta lista ainda as figuras incans\u00e1veis e h\u00e1beis de \u00c1rias e do menino Matues Martins, que entrou nessa etapa final.<\/p>\n<p>Isso, claro, sem falar de Cano, que levou a palma com seus tr\u00eas gols em seguida.<\/p>\n<p>O primeiro, aos 0,45 segundos do segundo per\u00edodo, pegando rebote de dif\u00edcil defesa de Felipe Alves. O segundo aos 10 e o terceiro, de cabe\u00e7a, colhendo exato cruzamento de Ganso, aos 13.<\/p>\n<p>Foi, assim, um verdadeiro massacre do Fludiniz, que poderia, em mais tr\u00eas oportunidades ampliar esse placar cl\u00e1ssico de 3 a 1, sobretudo por conta do duelo de substitui\u00e7\u00f5es no intervalo em que Diniz acertou na mosca ao colocar em campo o lateral-canhoto Alexander e o menino Mateus, enquanto Rog\u00e9rio desequilibrava seu time com as sa\u00eddas de Patrick e Igor Gomes.<\/p>\n<p>Dessa forma, enquanto o Flu, com o futebol mais vistoso do campeonato, vai assegurando uma vaga nobre na Libertadores, o S\u00e3o Paulo ainda pena para varar aquela fresta restante competida por tantos outros clubes.<\/p>\n<p>&nbsp;<\/p>\n<p>I<\/p>\n","protected":false},"excerpt":{"rendered":"<p>Ah, que del\u00edcia de jogo! No primeiro tempo, os Tricolores de l\u00e1 e de c\u00e1 inebriaram os verdadeiros amantes do futebol com um jogo intenso, <a class=\"read-more\" href=\"https:\/\/blogs.gazetaesportiva.com\/albertohelena\/2022\/11\/05\/ah-que-delicia-de-jogo-2\/\">leia mais<\/a><\/p>\n","protected":false},"author":46,"featured_media":13463,"comment_status":"open","ping_status":"open","sticky":false,"template":"","format":"standard","meta":{"_jetpack_newsletter_access":"","_jetpack_dont_email_post_to_subs":false,"_jetpack_newsletter_tier_id":0,"_jetpack_memberships_contains_paywalled_content":false,"_jetpack_memberships_contains_paid_content":false,"footnotes":""},"categories":[12,1],"tags":[],"class_list":["post-13460","post","type-post","status-publish","format-standard","has-post-thumbnail","hentry","category-sao-paulo","category-sem-categoria"],"jetpack_featured_media_url":"https:\/\/blogs.gazetaesportiva.com\/albertohelena\/files\/2022\/11\/52479435611_502fcbb65b_c.jpg","jetpack_sharing_enabled":true,"jetpack_shortlink":"https:\/\/wp.me\/pekB7q-3v6","_links":{"self":[{"href":"https:\/\/blogs.gazetaesportiva.com\/albertohelena\/wp-json\/wp\/v2\/posts\/13460","targetHints":{"allow":["GET"]}}],"collection":[{"href":"https:\/\/blogs.gazetaesportiva.com\/albertohelena\/wp-json\/wp\/v2\/posts"}],"about":[{"href":"https:\/\/blogs.gazetaesportiva.com\/albertohelena\/wp-json\/wp\/v2\/types\/post"}],"author":[{"embeddable":true,"href":"https:\/\/blogs.gazetaesportiva.com\/albertohelena\/wp-json\/wp\/v2\/users\/46"}],"replies":[{"embeddable":true,"href":"https:\/\/blogs.gazetaesportiva.com\/albertohelena\/wp-json\/wp\/v2\/comments?post=13460"}],"version-history":[{"count":0,"href":"https:\/\/blogs.gazetaesportiva.com\/albertohelena\/wp-json\/wp\/v2\/posts\/13460\/revisions"}],"wp:featuredmedia":[{"embeddable":true,"href":"https:\/\/blogs.gazetaesportiva.com\/albertohelena\/wp-json\/wp\/v2\/media\/13463"}],"wp:attachment":[{"href":"https:\/\/blogs.gazetaesportiva.com\/albertohelena\/wp-json\/wp\/v2\/media?parent=13460"}],"wp:term":[{"taxonomy":"category","embeddable":true,"href":"https:\/\/blogs.gazetaesportiva.com\/albertohelena\/wp-json\/wp\/v2\/categories?post=13460"},{"taxonomy":"post_tag","embeddable":true,"href":"https:\/\/blogs.gazetaesportiva.com\/albertohelena\/wp-json\/wp\/v2\/tags?post=13460"}],"curies":[{"name":"wp","href":"https:\/\/api.w.org\/{rel}","templated":true}]}}