{"id":13456,"date":"2022-11-03T00:01:16","date_gmt":"2022-11-03T03:01:16","guid":{"rendered":"https:\/\/blogs.gazetaesportiva.com\/albertohelena\/?p=13456"},"modified":"2022-11-03T00:26:20","modified_gmt":"2022-11-03T03:26:20","slug":"haja-chianti-meu","status":"publish","type":"post","link":"https:\/\/blogs.gazetaesportiva.com\/albertohelena\/2022\/11\/03\/haja-chianti-meu\/","title":{"rendered":"Haja chianti, meu!"},"content":{"rendered":"<figure id=\"attachment_13457\" aria-describedby=\"caption-attachment-13457\" style=\"width: 1500px\" class=\"wp-caption aligncenter\"><a href=\"https:\/\/blogs.gazetaesportiva.com\/albertohelena\/files\/2022\/11\/52473894875_607b134a3f_h.jpg\"><img loading=\"lazy\" decoding=\"async\" data-attachment-id=\"13457\" data-permalink=\"https:\/\/blogs.gazetaesportiva.com\/albertohelena\/2022\/11\/03\/haja-chianti-meu\/52473894875_607b134a3f_h\/\" data-orig-file=\"https:\/\/blogs.gazetaesportiva.com\/albertohelena\/files\/2022\/11\/52473894875_607b134a3f_h.jpg\" data-orig-size=\"1500,844\" data-comments-opened=\"1\" data-image-meta=\"{&quot;aperture&quot;:&quot;0&quot;,&quot;credit&quot;:&quot;CESAR GRECO&quot;,&quot;camera&quot;:&quot;&quot;,&quot;caption&quot;:&quot;&quot;,&quot;created_timestamp&quot;:&quot;0&quot;,&quot;copyright&quot;:&quot;CESAR GRECO&quot;,&quot;focal_length&quot;:&quot;0&quot;,&quot;iso&quot;:&quot;0&quot;,&quot;shutter_speed&quot;:&quot;0&quot;,&quot;title&quot;:&quot;&quot;,&quot;orientation&quot;:&quot;0&quot;}\" data-image-title=\"52473894875_607b134a3f_h\" data-image-description=\"\" data-image-caption=\"&lt;p&gt;Palmeiras ganhou t\u00edtulo brasileiro antecipado (Foto: Divulga\u00e7\u00e3o\/Cesar Greco)&lt;\/p&gt;\n\" data-medium-file=\"https:\/\/blogs.gazetaesportiva.com\/albertohelena\/files\/2022\/11\/52473894875_607b134a3f_h-300x169.jpg\" data-large-file=\"https:\/\/blogs.gazetaesportiva.com\/albertohelena\/files\/2022\/11\/52473894875_607b134a3f_h-1024x576.jpg\" class=\"size-full wp-image-13457\" src=\"https:\/\/blogs.gazetaesportiva.com\/albertohelena\/files\/2022\/11\/52473894875_607b134a3f_h.jpg\" alt=\"\" width=\"1500\" height=\"844\" srcset=\"https:\/\/blogs.gazetaesportiva.com\/albertohelena\/files\/2022\/11\/52473894875_607b134a3f_h.jpg 1500w, https:\/\/blogs.gazetaesportiva.com\/albertohelena\/files\/2022\/11\/52473894875_607b134a3f_h-300x169.jpg 300w, https:\/\/blogs.gazetaesportiva.com\/albertohelena\/files\/2022\/11\/52473894875_607b134a3f_h-1024x576.jpg 1024w, https:\/\/blogs.gazetaesportiva.com\/albertohelena\/files\/2022\/11\/52473894875_607b134a3f_h-768x432.jpg 768w\" sizes=\"auto, (max-width: 1500px) 100vw, 1500px\" \/><\/a><figcaption id=\"caption-attachment-13457\" class=\"wp-caption-text\">Palmeiras conquistou o t\u00edtulo brasileiro antecipadamente (Foto: Divulga\u00e7\u00e3o\/Cesar Greco)<\/figcaption><\/figure>\n<p>O Palmeiras levantou a ta\u00e7a sagrada, cheia de hidromel, a bebida dos deuses, e entrou no Parque festivo ao som da tarantella, celebrando o presente glorioso e o futuro esperan\u00e7oso com a presen\u00e7a do menino Endrick, pela primeira vez iniciando um jogo por seu time.<\/p>\n<p>E foi ao compasso dessa dan\u00e7a doida, extra\u00edda do veneno da tar\u00e2ntula, que o Verd\u00e3o massacrou o Fortaleza por 4 a 0.<\/p>\n<p>Os gols come\u00e7aram a pingar desde o in\u00edcio, logo aos 15 minutos de bola rolando, com Rony aproveitando passe medido de Scarpa, o melhor assistente do Brasileir\u00e3o, que, no sentido contr\u00e1rio, come\u00e7a a se despedir de vez do Palmeiras. E nisso n\u00e3o h\u00e1 celebra\u00e7\u00e3o nenhuma. Afinal, no atual elenco verde, s\u00f3 Veiga, quando recuperado de todo, tem talento para substituir Scarpa nessa fun\u00e7\u00e3o b\u00e1sica de armar seu ataque.<\/p>\n<p>Aos 31, entrou na festa quem faltava: Dudu, um dos segredos da conquista verde, chegou diante da meta advers\u00e1ria e meteu uma colher de prata na bichinha, encobrindo o goleiro: 2 a 0.<\/p>\n<p>N\u00e3o contente, logo aos 3 minutos do segundo tempo, Rony somou mais um: 3 a 0.<\/p>\n<p>Bem, depois de criar v\u00e1rias situa\u00e7\u00f5es para aumentar o placar, o Verd\u00e3o acabou festejando com o brinde final, t\u00e3o esperado: o primeiro gol de Endrick no Parque &#8211; cruzamento rasteiro de Dudu colhido embaixo da trave pelo menino, que j\u00e1 merece herdar o apelido dado a Lima, o Bambino D&#8217;Oro, em tempos remotos.<\/p>\n<p>Haja chianti, meu!<\/p>\n<p>&nbsp;<\/p>\n<p>&nbsp;<\/p>\n<p>&nbsp;<\/p>\n","protected":false},"excerpt":{"rendered":"<p>O Palmeiras levantou a ta\u00e7a sagrada, cheia de hidromel, a bebida dos deuses, e entrou no Parque festivo ao som da tarantella, celebrando o presente <a class=\"read-more\" href=\"https:\/\/blogs.gazetaesportiva.com\/albertohelena\/2022\/11\/03\/haja-chianti-meu\/\">leia mais<\/a><\/p>\n","protected":false},"author":46,"featured_media":13457,"comment_status":"open","ping_status":"open","sticky":false,"template":"","format":"standard","meta":{"_jetpack_newsletter_access":"","_jetpack_dont_email_post_to_subs":false,"_jetpack_newsletter_tier_id":0,"_jetpack_memberships_contains_paywalled_content":false,"_jetpack_memberships_contains_paid_content":false,"footnotes":""},"categories":[1],"tags":[],"class_list":["post-13456","post","type-post","status-publish","format-standard","has-post-thumbnail","hentry","category-sem-categoria"],"jetpack_featured_media_url":"https:\/\/blogs.gazetaesportiva.com\/albertohelena\/files\/2022\/11\/52473894875_607b134a3f_h.jpg","jetpack_sharing_enabled":true,"jetpack_shortlink":"https:\/\/wp.me\/pekB7q-3v2","_links":{"self":[{"href":"https:\/\/blogs.gazetaesportiva.com\/albertohelena\/wp-json\/wp\/v2\/posts\/13456","targetHints":{"allow":["GET"]}}],"collection":[{"href":"https:\/\/blogs.gazetaesportiva.com\/albertohelena\/wp-json\/wp\/v2\/posts"}],"about":[{"href":"https:\/\/blogs.gazetaesportiva.com\/albertohelena\/wp-json\/wp\/v2\/types\/post"}],"author":[{"embeddable":true,"href":"https:\/\/blogs.gazetaesportiva.com\/albertohelena\/wp-json\/wp\/v2\/users\/46"}],"replies":[{"embeddable":true,"href":"https:\/\/blogs.gazetaesportiva.com\/albertohelena\/wp-json\/wp\/v2\/comments?post=13456"}],"version-history":[{"count":0,"href":"https:\/\/blogs.gazetaesportiva.com\/albertohelena\/wp-json\/wp\/v2\/posts\/13456\/revisions"}],"wp:featuredmedia":[{"embeddable":true,"href":"https:\/\/blogs.gazetaesportiva.com\/albertohelena\/wp-json\/wp\/v2\/media\/13457"}],"wp:attachment":[{"href":"https:\/\/blogs.gazetaesportiva.com\/albertohelena\/wp-json\/wp\/v2\/media?parent=13456"}],"wp:term":[{"taxonomy":"category","embeddable":true,"href":"https:\/\/blogs.gazetaesportiva.com\/albertohelena\/wp-json\/wp\/v2\/categories?post=13456"},{"taxonomy":"post_tag","embeddable":true,"href":"https:\/\/blogs.gazetaesportiva.com\/albertohelena\/wp-json\/wp\/v2\/tags?post=13456"}],"curies":[{"name":"wp","href":"https:\/\/api.w.org\/{rel}","templated":true}]}}