{"id":13451,"date":"2022-10-31T15:16:46","date_gmt":"2022-10-31T18:16:46","guid":{"rendered":"https:\/\/blogs.gazetaesportiva.com\/albertohelena\/?p=13451"},"modified":"2022-10-31T15:28:08","modified_gmt":"2022-10-31T18:28:08","slug":"quem-joga-e-o-jogador","status":"publish","type":"post","link":"https:\/\/blogs.gazetaesportiva.com\/albertohelena\/2022\/10\/31\/quem-joga-e-o-jogador\/","title":{"rendered":"Quem joga \u00e9 o jogador"},"content":{"rendered":"<figure id=\"attachment_13453\" aria-describedby=\"caption-attachment-13453\" style=\"width: 800px\" class=\"wp-caption alignnone\"><a href=\"https:\/\/blogs.gazetaesportiva.com\/albertohelena\/files\/2022\/10\/52463130322_10d578b671_c.jpg\"><img loading=\"lazy\" decoding=\"async\" data-attachment-id=\"13453\" data-permalink=\"https:\/\/blogs.gazetaesportiva.com\/albertohelena\/2022\/10\/31\/quem-joga-e-o-jogador\/52463130322_10d578b671_c\/\" data-orig-file=\"https:\/\/blogs.gazetaesportiva.com\/albertohelena\/files\/2022\/10\/52463130322_10d578b671_c.jpg\" data-orig-size=\"800,533\" data-comments-opened=\"1\" data-image-meta=\"{&quot;aperture&quot;:&quot;0&quot;,&quot;credit&quot;:&quot;Marcelo Cortes&quot;,&quot;camera&quot;:&quot;&quot;,&quot;caption&quot;:&quot;&quot;,&quot;created_timestamp&quot;:&quot;0&quot;,&quot;copyright&quot;:&quot;Bia&amp;Cortes.com.br&quot;,&quot;focal_length&quot;:&quot;0&quot;,&quot;iso&quot;:&quot;0&quot;,&quot;shutter_speed&quot;:&quot;0&quot;,&quot;title&quot;:&quot;&quot;,&quot;orientation&quot;:&quot;0&quot;}\" data-image-title=\"52463130322_10d578b671_c\" data-image-description=\"\" data-image-caption=\"&lt;p&gt;Foto: Divulga\u00e7\u00e3o\/Flamengo&lt;\/p&gt;\n\" data-medium-file=\"https:\/\/blogs.gazetaesportiva.com\/albertohelena\/files\/2022\/10\/52463130322_10d578b671_c-300x200.jpg\" data-large-file=\"https:\/\/blogs.gazetaesportiva.com\/albertohelena\/files\/2022\/10\/52463130322_10d578b671_c.jpg\" class=\"size-full wp-image-13453\" src=\"https:\/\/blogs.gazetaesportiva.com\/albertohelena\/files\/2022\/10\/52463130322_10d578b671_c.jpg\" alt=\"\" width=\"800\" height=\"533\" srcset=\"https:\/\/blogs.gazetaesportiva.com\/albertohelena\/files\/2022\/10\/52463130322_10d578b671_c.jpg 800w, https:\/\/blogs.gazetaesportiva.com\/albertohelena\/files\/2022\/10\/52463130322_10d578b671_c-300x200.jpg 300w, https:\/\/blogs.gazetaesportiva.com\/albertohelena\/files\/2022\/10\/52463130322_10d578b671_c-768x512.jpg 768w, https:\/\/blogs.gazetaesportiva.com\/albertohelena\/files\/2022\/10\/52463130322_10d578b671_c-120x80.jpg 120w\" sizes=\"auto, (max-width: 800px) 100vw, 800px\" \/><\/a><figcaption id=\"caption-attachment-13453\" class=\"wp-caption-text\">Foto: Divulga\u00e7\u00e3o\/Flamengo<\/figcaption><\/figure>\n<p>Dorival Jr. de ta\u00e7a na m\u00e3o, s\u00f3 espera troc\u00e1-la pela cadeira da Tite, depois da Copa, Pelo menos, tem sido o nome mais cogitado por a\u00ed.<\/p>\n<p>Por conta da discri\u00e7\u00e3o e compet\u00eancia, parece-me o nome mais indicado nessas circunst\u00e2ncias.<\/p>\n<p>Nem como jogador, embora atuando num tima\u00e7o do Palmeiras, nem como treinador, Dorival Jr. foi um nome muito badalado. Como jogador, era um volante correto, bom marcador de passe \u00f3bvio mas preciso; como treinador, idem com batatas.<\/p>\n<p>Mas, ser\u00e1 que a Sele\u00e7\u00e3o carece de um t\u00e9cnico mais inventivo, desses cuja maior ambi\u00e7\u00e3o \u00e9 deixar sua marca na testa do Brasil de chuteiras?<\/p>\n<p>Repasso, ent\u00e3o, os nomes dos que nos trouxeram o penta.<\/p>\n<p>Feola era a bonomia em pessoa, o eterno interino do S\u00e3o Paulo nos anos 40\/50, que assumiu o time em 58 por ser de absoluta confian\u00e7a do Dr. Paulo Machado de Carvalho, o chef\u00e3o da parada. Inspirado na passagem do h\u00fangaro Bella Guttman por seu clube, adotou um esquema simples, baseado no conceito objetivo apelidado de Pim-Pam-Pum ou Ta-ta-ta. Isto \u00e9: tr\u00eas toques, gol.<\/p>\n<p>Na Copa seguinte, em 62, com Feola trabalhando na It\u00e1lia, Aimor\u00e9 Moreira assumiu nossa Sele\u00e7\u00e3o, com fama de treinador cheio de novidades. Mas, logo foi enquadrado pelos craques mais veteranos, como Didi, Nilton Santos, Gilmar e cia. bela, e deixou-se ficar no banco torcendo pra que tudo terminasse bem. Terminou.<\/p>\n<p>Em 70, o jovem Zagallo assumiu o posto do criativo e destemperado Jo\u00e3o Saldanha, com uma ideia fixa: o ponta-esquerda recuado. como ele fora quando jogador. Paulo C\u00e9sar Caju era seu preferido. Mas, depois do jogo de despedida do Brasil contra a \u00c1ustria, teve de sucumbir \u00e0 press\u00e3o nacional para escalar o meia Rivellino por ali.<\/p>\n<p>Catorze anos depois, nos EUA, foi a vez do ex-preparador-f\u00edsico da Sele\u00e7\u00e3o, Parreira, secretariado por Zagallo, levantar o caneco com um time mais cauteloso na defesa comandada pelo volante Dunga, j\u00e1 que Ra\u00ed, o craque, havia falhado nesse aspecto.<\/p>\n<p>Parreira, bem-falante, com ares de cient\u00edficos conhecimentos, levou o time \u00e0 ta\u00e7a pelo caminho do lugar-comum.<\/p>\n<p>E, Felip\u00e3o, em 2002? Gauch\u00e3o, amante de uma s\u00f3lida retranca, por pouco n\u00e3o levou o Brasil \u00e0 \u00fanica desclassifica\u00e7\u00e3o da Copa na hist\u00f3ria. Mas, levou, com retranca e tudo, e venceu, gra\u00e7as aos meias e atacantes como Ronaldinho Ga\u00facho, Ronaldo Fen\u00f4meno e Rivaldo.<\/p>\n<p>O fato \u00e9 que, seja qual for o perfil do treinador, seus conceitos, cren\u00e7as ou teimosias, quem joga \u00e9 o jogador, como diria o saudoso Chico An\u00edsio. E, no fim das contas, \u00e9 o talento dele que acaba enquadrando o t\u00e9cnico mais relutante.<\/p>\n","protected":false},"excerpt":{"rendered":"<p>Dorival Jr. de ta\u00e7a na m\u00e3o, s\u00f3 espera troc\u00e1-la pela cadeira da Tite, depois da Copa, Pelo menos, tem sido o nome mais cogitado por <a class=\"read-more\" href=\"https:\/\/blogs.gazetaesportiva.com\/albertohelena\/2022\/10\/31\/quem-joga-e-o-jogador\/\">leia mais<\/a><\/p>\n","protected":false},"author":46,"featured_media":13453,"comment_status":"open","ping_status":"open","sticky":false,"template":"","format":"standard","meta":{"_jetpack_newsletter_access":"","_jetpack_dont_email_post_to_subs":false,"_jetpack_newsletter_tier_id":0,"_jetpack_memberships_contains_paywalled_content":false,"_jetpack_memberships_contains_paid_content":false,"footnotes":""},"categories":[1],"tags":[],"class_list":["post-13451","post","type-post","status-publish","format-standard","has-post-thumbnail","hentry","category-sem-categoria"],"jetpack_featured_media_url":"https:\/\/blogs.gazetaesportiva.com\/albertohelena\/files\/2022\/10\/52463130322_10d578b671_c.jpg","jetpack_sharing_enabled":true,"jetpack_shortlink":"https:\/\/wp.me\/pekB7q-3uX","_links":{"self":[{"href":"https:\/\/blogs.gazetaesportiva.com\/albertohelena\/wp-json\/wp\/v2\/posts\/13451","targetHints":{"allow":["GET"]}}],"collection":[{"href":"https:\/\/blogs.gazetaesportiva.com\/albertohelena\/wp-json\/wp\/v2\/posts"}],"about":[{"href":"https:\/\/blogs.gazetaesportiva.com\/albertohelena\/wp-json\/wp\/v2\/types\/post"}],"author":[{"embeddable":true,"href":"https:\/\/blogs.gazetaesportiva.com\/albertohelena\/wp-json\/wp\/v2\/users\/46"}],"replies":[{"embeddable":true,"href":"https:\/\/blogs.gazetaesportiva.com\/albertohelena\/wp-json\/wp\/v2\/comments?post=13451"}],"version-history":[{"count":0,"href":"https:\/\/blogs.gazetaesportiva.com\/albertohelena\/wp-json\/wp\/v2\/posts\/13451\/revisions"}],"wp:featuredmedia":[{"embeddable":true,"href":"https:\/\/blogs.gazetaesportiva.com\/albertohelena\/wp-json\/wp\/v2\/media\/13453"}],"wp:attachment":[{"href":"https:\/\/blogs.gazetaesportiva.com\/albertohelena\/wp-json\/wp\/v2\/media?parent=13451"}],"wp:term":[{"taxonomy":"category","embeddable":true,"href":"https:\/\/blogs.gazetaesportiva.com\/albertohelena\/wp-json\/wp\/v2\/categories?post=13451"},{"taxonomy":"post_tag","embeddable":true,"href":"https:\/\/blogs.gazetaesportiva.com\/albertohelena\/wp-json\/wp\/v2\/tags?post=13451"}],"curies":[{"name":"wp","href":"https:\/\/api.w.org\/{rel}","templated":true}]}}