{"id":13446,"date":"2022-10-29T22:28:31","date_gmt":"2022-10-30T01:28:31","guid":{"rendered":"https:\/\/blogs.gazetaesportiva.com\/albertohelena\/?p=13446"},"modified":"2022-10-29T23:25:09","modified_gmt":"2022-10-30T02:25:09","slug":"os-craques-campeoes","status":"publish","type":"post","link":"https:\/\/blogs.gazetaesportiva.com\/albertohelena\/2022\/10\/29\/os-craques-campeoes\/","title":{"rendered":"Os craques campe\u00f5es"},"content":{"rendered":"<figure id=\"attachment_13449\" aria-describedby=\"caption-attachment-13449\" style=\"width: 1024px\" class=\"wp-caption aligncenter\"><a href=\"https:\/\/blogs.gazetaesportiva.com\/albertohelena\/files\/2022\/10\/flamengo_a.jpg\"><img loading=\"lazy\" decoding=\"async\" data-attachment-id=\"13449\" data-permalink=\"https:\/\/blogs.gazetaesportiva.com\/albertohelena\/2022\/10\/29\/os-craques-campeoes\/fbl-libertadores-flamengo-paranaense-2\/\" data-orig-file=\"https:\/\/blogs.gazetaesportiva.com\/albertohelena\/files\/2022\/10\/flamengo_a.jpg\" data-orig-size=\"1024,682\" data-comments-opened=\"1\" data-image-meta=\"{&quot;aperture&quot;:&quot;0&quot;,&quot;credit&quot;:&quot;AFP&quot;,&quot;camera&quot;:&quot;&quot;,&quot;caption&quot;:&quot;Players of Flamengo celebrate with the trophy after winning the Copa Libertadores final, after the football match between Brazilian teams Flamengo and Athletico Paranaense at the Isidro Romero Carbo Monumental Stadium in Guayaquil, Ecuador, on October 29, 2022. (Photo by Luis Acosta \\\/ AFP)&quot;,&quot;created_timestamp&quot;:&quot;1667082539&quot;,&quot;copyright&quot;:&quot;AFP or licensors&quot;,&quot;focal_length&quot;:&quot;0&quot;,&quot;iso&quot;:&quot;0&quot;,&quot;shutter_speed&quot;:&quot;0&quot;,&quot;title&quot;:&quot;FBL-LIBERTADORES-FLAMENGO-PARANAENSE&quot;,&quot;orientation&quot;:&quot;0&quot;}\" data-image-title=\"FBL-LIBERTADORES-FLAMENGO-PARANAENSE\" data-image-description=\"\" data-image-caption=\"&lt;p&gt;Foto: Luis Acosta \/ AFP&lt;\/p&gt;\n\" data-medium-file=\"https:\/\/blogs.gazetaesportiva.com\/albertohelena\/files\/2022\/10\/flamengo_a-300x200.jpg\" data-large-file=\"https:\/\/blogs.gazetaesportiva.com\/albertohelena\/files\/2022\/10\/flamengo_a.jpg\" class=\"size-full wp-image-13449\" src=\"https:\/\/blogs.gazetaesportiva.com\/albertohelena\/files\/2022\/10\/flamengo_a.jpg\" alt=\"\" width=\"1024\" height=\"682\" srcset=\"https:\/\/blogs.gazetaesportiva.com\/albertohelena\/files\/2022\/10\/flamengo_a.jpg 1024w, https:\/\/blogs.gazetaesportiva.com\/albertohelena\/files\/2022\/10\/flamengo_a-300x200.jpg 300w, https:\/\/blogs.gazetaesportiva.com\/albertohelena\/files\/2022\/10\/flamengo_a-768x512.jpg 768w, https:\/\/blogs.gazetaesportiva.com\/albertohelena\/files\/2022\/10\/flamengo_a-120x80.jpg 120w\" sizes=\"auto, (max-width: 1024px) 100vw, 1024px\" \/><\/a><figcaption id=\"caption-attachment-13449\" class=\"wp-caption-text\">Foto: Luis Acosta \/ AFP<\/figcaption><\/figure>\n<p>At\u00e9 que Felip\u00e3o conseguiu segurar as pontas do Furac\u00e3o em Guaiaquil diante do Meng\u00e3o, adotando um sistema de implac\u00e1vel marca\u00e7\u00e3o homem-a-homem, recurso que at\u00e9 seus mais caros devotos, os italianos do Catenaccio (cadeado), abdicaram em 70, depois dos 4 a 1 na final da Copa diante do Brasil.<\/p>\n<p>Mas, o esquema esfacelou-se quando Pedro Henrique foi expulso l\u00e1 pela metade do primeiro tempo. Com dez contra onze, algu\u00e9m do Fla sobraria para facilitar o dom\u00ednio dos cariocas.<\/p>\n<p>E assim deu-se o previsto: com um gol esperto de Gabigol, no finzinho dessa etapa, o Flamengo levantou a ta\u00e7a da Libertadores.<\/p>\n<p>Nada mais justo para um time que possui esse ataque excepcional formado por Arrascaeta, Gabigol, Everton e Pedro, por sinal, artilheiro do torneio e eleito o melhor jogador da Libertadores.<\/p>\n<p>E, sobretudo, para o discreto, mas competente, Dorival Jr. que em meio aos brindes de celebra\u00e7\u00e3o aos treinadores estrangeiros que aqui aportaram recentemente, saiu da toca pra dar um jeito nesse time esfacelado outro dia pelo murruga Paulo Souza.<\/p>\n<p>O fato \u00e9 que vivemos um tempo de extrema valoriza\u00e7\u00e3o da fun\u00e7\u00e3o de treinador de futebol, enquanto o craque \u00e9 mais esmiu\u00e7ado na sua vida fora do campo do que ele faz com a bola, o objeto do jogo.<\/p>\n<p>Contudo, quem joga \u00e9 o jogador. E quanto menos estiver atado a esquemas, em geral defensivos, mais ele produzir\u00e1 em campo.<\/p>\n<p>Pegue o exemplo de V\u00edtor Pereira no Corinthians. Antes dele, de passagem, l\u00e1 esteve o interino, t\u00e9cnico da base, que implantou silente o \u00f3bvio, acertando o time num zap.<\/p>\n<p>Eis que chega o badalado portugu\u00eas que ap\u00f3s meses de atua\u00e7\u00e3o at\u00e9 agora n\u00e3o fez o Tim\u00e3o subir de patamar, embora, gra\u00e7as a jogadores como Renato Augusto, manteve-se nas primeiras coloca\u00e7\u00f5es do Brasileir\u00e3o e at\u00e9 a disputar t\u00edtulos perdidos. Escalou jogadores fora de suas reais posi\u00e7\u00f5es, brigou publicamente com outros, patati-patat\u00e1.<\/p>\n<p>Resultado: espie s\u00f3 o Corinthians empatando com o Goi\u00e1s por zero a zero, num jogo frugal em que o m\u00e1ximo alcan\u00e7ado foi uma bola na trave e um gol anulado no finzinho d partida.<\/p>\n<p>\u00c9 assim que a banda toca neste futebol j\u00e1 que j\u00e1 um dia o mais gracioso e eficiente do mundo.<\/p>\n<p>&nbsp;<\/p>\n<p>&nbsp;<\/p>\n<p>&nbsp;<\/p>\n","protected":false},"excerpt":{"rendered":"<p>At\u00e9 que Felip\u00e3o conseguiu segurar as pontas do Furac\u00e3o em Guaiaquil diante do Meng\u00e3o, adotando um sistema de implac\u00e1vel marca\u00e7\u00e3o homem-a-homem, recurso que at\u00e9 seus <a class=\"read-more\" href=\"https:\/\/blogs.gazetaesportiva.com\/albertohelena\/2022\/10\/29\/os-craques-campeoes\/\">leia mais<\/a><\/p>\n","protected":false},"author":46,"featured_media":13448,"comment_status":"open","ping_status":"open","sticky":false,"template":"","format":"standard","meta":{"_jetpack_newsletter_access":"","_jetpack_dont_email_post_to_subs":false,"_jetpack_newsletter_tier_id":0,"_jetpack_memberships_contains_paywalled_content":false,"_jetpack_memberships_contains_paid_content":false,"footnotes":""},"categories":[1],"tags":[],"class_list":["post-13446","post","type-post","status-publish","format-standard","has-post-thumbnail","hentry","category-sem-categoria"],"jetpack_featured_media_url":"https:\/\/blogs.gazetaesportiva.com\/albertohelena\/files\/2022\/10\/flamengo.jpg","jetpack_sharing_enabled":true,"jetpack_shortlink":"https:\/\/wp.me\/pekB7q-3uS","_links":{"self":[{"href":"https:\/\/blogs.gazetaesportiva.com\/albertohelena\/wp-json\/wp\/v2\/posts\/13446","targetHints":{"allow":["GET"]}}],"collection":[{"href":"https:\/\/blogs.gazetaesportiva.com\/albertohelena\/wp-json\/wp\/v2\/posts"}],"about":[{"href":"https:\/\/blogs.gazetaesportiva.com\/albertohelena\/wp-json\/wp\/v2\/types\/post"}],"author":[{"embeddable":true,"href":"https:\/\/blogs.gazetaesportiva.com\/albertohelena\/wp-json\/wp\/v2\/users\/46"}],"replies":[{"embeddable":true,"href":"https:\/\/blogs.gazetaesportiva.com\/albertohelena\/wp-json\/wp\/v2\/comments?post=13446"}],"version-history":[{"count":0,"href":"https:\/\/blogs.gazetaesportiva.com\/albertohelena\/wp-json\/wp\/v2\/posts\/13446\/revisions"}],"wp:featuredmedia":[{"embeddable":true,"href":"https:\/\/blogs.gazetaesportiva.com\/albertohelena\/wp-json\/wp\/v2\/media\/13448"}],"wp:attachment":[{"href":"https:\/\/blogs.gazetaesportiva.com\/albertohelena\/wp-json\/wp\/v2\/media?parent=13446"}],"wp:term":[{"taxonomy":"category","embeddable":true,"href":"https:\/\/blogs.gazetaesportiva.com\/albertohelena\/wp-json\/wp\/v2\/categories?post=13446"},{"taxonomy":"post_tag","embeddable":true,"href":"https:\/\/blogs.gazetaesportiva.com\/albertohelena\/wp-json\/wp\/v2\/tags?post=13446"}],"curies":[{"name":"wp","href":"https:\/\/api.w.org\/{rel}","templated":true}]}}