{"id":13438,"date":"2022-10-27T21:43:38","date_gmt":"2022-10-28T00:43:38","guid":{"rendered":"https:\/\/blogs.gazetaesportiva.com\/albertohelena\/?p=13438"},"modified":"2022-10-27T21:49:32","modified_gmt":"2022-10-28T00:49:32","slug":"haja-sofrimento","status":"publish","type":"post","link":"https:\/\/blogs.gazetaesportiva.com\/albertohelena\/2022\/10\/27\/haja-sofrimento\/","title":{"rendered":"Haja sofrimento&#8230;"},"content":{"rendered":"<figure id=\"attachment_13440\" aria-describedby=\"caption-attachment-13440\" style=\"width: 800px\" class=\"wp-caption aligncenter\"><a href=\"https:\/\/blogs.gazetaesportiva.com\/albertohelena\/files\/2022\/10\/SPFC.jpg\"><img loading=\"lazy\" decoding=\"async\" data-attachment-id=\"13440\" data-permalink=\"https:\/\/blogs.gazetaesportiva.com\/albertohelena\/2022\/10\/27\/haja-sofrimento\/spfc-3\/\" data-orig-file=\"https:\/\/blogs.gazetaesportiva.com\/albertohelena\/files\/2022\/10\/SPFC.jpg\" data-orig-size=\"800,515\" data-comments-opened=\"1\" data-image-meta=\"{&quot;aperture&quot;:&quot;0&quot;,&quot;credit&quot;:&quot;&quot;,&quot;camera&quot;:&quot;&quot;,&quot;caption&quot;:&quot;&quot;,&quot;created_timestamp&quot;:&quot;0&quot;,&quot;copyright&quot;:&quot;&quot;,&quot;focal_length&quot;:&quot;0&quot;,&quot;iso&quot;:&quot;0&quot;,&quot;shutter_speed&quot;:&quot;0&quot;,&quot;title&quot;:&quot;&quot;,&quot;orientation&quot;:&quot;0&quot;}\" data-image-title=\"SPFC\" data-image-description=\"\" data-image-caption=\"&lt;p&gt;S\u00e3o Paulo sofreu para vencer o Atl\u00e9tico-GO (Foto: Divulga\u00e7\u00e3o\/Rubens Chiri)&lt;\/p&gt;\n\" data-medium-file=\"https:\/\/blogs.gazetaesportiva.com\/albertohelena\/files\/2022\/10\/SPFC-300x193.jpg\" data-large-file=\"https:\/\/blogs.gazetaesportiva.com\/albertohelena\/files\/2022\/10\/SPFC.jpg\" class=\"size-full wp-image-13440\" src=\"https:\/\/blogs.gazetaesportiva.com\/albertohelena\/files\/2022\/10\/SPFC.jpg\" alt=\"\" width=\"800\" height=\"515\" srcset=\"https:\/\/blogs.gazetaesportiva.com\/albertohelena\/files\/2022\/10\/SPFC.jpg 800w, https:\/\/blogs.gazetaesportiva.com\/albertohelena\/files\/2022\/10\/SPFC-300x193.jpg 300w, https:\/\/blogs.gazetaesportiva.com\/albertohelena\/files\/2022\/10\/SPFC-768x494.jpg 768w\" sizes=\"auto, (max-width: 800px) 100vw, 800px\" \/><\/a><figcaption id=\"caption-attachment-13440\" class=\"wp-caption-text\">S\u00e3o Paulo sofreu para vencer o Atl\u00e9tico-GO (Foto: Divulga\u00e7\u00e3o\/Rubens Chiri)<\/figcaption><\/figure>\n<p>Ufa! Foi no \u00faltimo minuto extra, acrescentado um segundo antes pelo juiz, que o menino Luan, afastado por mais de m\u00eas do time titular, disparou de fora da \u00e1rea para dar a vit\u00f3ria agoniada ao S\u00e3o Paulo diante do Atl\u00e9tico GO.<\/p>\n<p>Isso, num jogo em que o goleiro tricolor Felipe Alves acabou sendo o principal jogador em campo, ao salvar seu time por tr\u00eas oportunidades cruciantes.<\/p>\n<p>Na verdade, o S\u00e3o Paulo at\u00e9 que foi melhor no primeiro tempo, quando Calleri abriu a contagem ao aproveitar de prima cruzamento exato de Patrick.<\/p>\n<p>Mas, com a sa\u00edda, por les\u00e3o, de Dourados, que fazia sua melhor partida desde que chegou ao Morumbi, o Tricolor se esfacelou em campo, o que permitiu ao Drag\u00e3o investir sem d\u00f3 em dire\u00e7\u00e3o \u00e0 \u00e1rea tricolor, chegar ao empate com Baralhas, num tiro fatal e provocar as v\u00e1rias e providenciais defesas de Felipe Alves.<\/p>\n<p>S\u00f3 no finzinho Luan entrou e definiu o placar que mant\u00e9m seu time na briga por um lugar ao sol da Libertadores. Mas, c\u00e1 entre n\u00f3s, o que far\u00e1 adiante se passar pela fresta do maior torneio continental n\u00e3o \u00e9 nada animador.<\/p>\n<p>J\u00e1 na v\u00e9spera o sofrimento da Fiel foi ainda pior: perdeu para o Flu por 2 a 0, gols de Cano. E perdeu sob o dom\u00ednio do time de Diniz de tal forma que, ao fim do jogo, criou-se uma grande expectativa de que seria anunciada a queda de VP, em raz\u00e3o da demora da c\u00fapula corintiana apresentar-se \u00e0 reuni\u00e3o da imprensa.<\/p>\n<p>Nada de bomb\u00e1stico, por\u00e9m, aconteceu.<\/p>\n<p>Ah, que saudade do L\u00e1zaro, modesto, barato e muito mais eficiente.<\/p>\n","protected":false},"excerpt":{"rendered":"<p>Ufa! Foi no \u00faltimo minuto extra, acrescentado um segundo antes pelo juiz, que o menino Luan, afastado por mais de m\u00eas do time titular, disparou <a class=\"read-more\" href=\"https:\/\/blogs.gazetaesportiva.com\/albertohelena\/2022\/10\/27\/haja-sofrimento\/\">leia mais<\/a><\/p>\n","protected":false},"author":46,"featured_media":13440,"comment_status":"open","ping_status":"open","sticky":false,"template":"","format":"standard","meta":{"_jetpack_newsletter_access":"","_jetpack_dont_email_post_to_subs":false,"_jetpack_newsletter_tier_id":0,"_jetpack_memberships_contains_paywalled_content":false,"_jetpack_memberships_contains_paid_content":false,"footnotes":""},"categories":[1],"tags":[],"class_list":["post-13438","post","type-post","status-publish","format-standard","has-post-thumbnail","hentry","category-sem-categoria"],"jetpack_featured_media_url":"https:\/\/blogs.gazetaesportiva.com\/albertohelena\/files\/2022\/10\/SPFC.jpg","jetpack_sharing_enabled":true,"jetpack_shortlink":"https:\/\/wp.me\/pekB7q-3uK","_links":{"self":[{"href":"https:\/\/blogs.gazetaesportiva.com\/albertohelena\/wp-json\/wp\/v2\/posts\/13438","targetHints":{"allow":["GET"]}}],"collection":[{"href":"https:\/\/blogs.gazetaesportiva.com\/albertohelena\/wp-json\/wp\/v2\/posts"}],"about":[{"href":"https:\/\/blogs.gazetaesportiva.com\/albertohelena\/wp-json\/wp\/v2\/types\/post"}],"author":[{"embeddable":true,"href":"https:\/\/blogs.gazetaesportiva.com\/albertohelena\/wp-json\/wp\/v2\/users\/46"}],"replies":[{"embeddable":true,"href":"https:\/\/blogs.gazetaesportiva.com\/albertohelena\/wp-json\/wp\/v2\/comments?post=13438"}],"version-history":[{"count":0,"href":"https:\/\/blogs.gazetaesportiva.com\/albertohelena\/wp-json\/wp\/v2\/posts\/13438\/revisions"}],"wp:featuredmedia":[{"embeddable":true,"href":"https:\/\/blogs.gazetaesportiva.com\/albertohelena\/wp-json\/wp\/v2\/media\/13440"}],"wp:attachment":[{"href":"https:\/\/blogs.gazetaesportiva.com\/albertohelena\/wp-json\/wp\/v2\/media?parent=13438"}],"wp:term":[{"taxonomy":"category","embeddable":true,"href":"https:\/\/blogs.gazetaesportiva.com\/albertohelena\/wp-json\/wp\/v2\/categories?post=13438"},{"taxonomy":"post_tag","embeddable":true,"href":"https:\/\/blogs.gazetaesportiva.com\/albertohelena\/wp-json\/wp\/v2\/tags?post=13438"}],"curies":[{"name":"wp","href":"https:\/\/api.w.org\/{rel}","templated":true}]}}