{"id":13436,"date":"2022-10-26T00:29:44","date_gmt":"2022-10-26T03:29:44","guid":{"rendered":"https:\/\/blogs.gazetaesportiva.com\/albertohelena\/?p=13436"},"modified":"2022-10-27T21:51:06","modified_gmt":"2022-10-28T00:51:06","slug":"a-noite-dos-meninos","status":"publish","type":"post","link":"https:\/\/blogs.gazetaesportiva.com\/albertohelena\/2022\/10\/26\/a-noite-dos-meninos\/","title":{"rendered":"A Noite dos Meninos"},"content":{"rendered":"<figure id=\"attachment_13442\" aria-describedby=\"caption-attachment-13442\" style=\"width: 1500px\" class=\"wp-caption aligncenter\"><a href=\"https:\/\/blogs.gazetaesportiva.com\/albertohelena\/files\/2022\/10\/52454316487_f7b1ef2f6c_h.jpg\"><img loading=\"lazy\" decoding=\"async\" data-attachment-id=\"13442\" data-permalink=\"https:\/\/blogs.gazetaesportiva.com\/albertohelena\/2022\/10\/26\/a-noite-dos-meninos\/52454316487_f7b1ef2f6c_h\/\" data-orig-file=\"https:\/\/blogs.gazetaesportiva.com\/albertohelena\/files\/2022\/10\/52454316487_f7b1ef2f6c_h.jpg\" data-orig-size=\"1500,844\" data-comments-opened=\"1\" data-image-meta=\"{&quot;aperture&quot;:&quot;0&quot;,&quot;credit&quot;:&quot;CESAR GRECO&quot;,&quot;camera&quot;:&quot;&quot;,&quot;caption&quot;:&quot;&quot;,&quot;created_timestamp&quot;:&quot;0&quot;,&quot;copyright&quot;:&quot;CESAR GRECO&quot;,&quot;focal_length&quot;:&quot;0&quot;,&quot;iso&quot;:&quot;0&quot;,&quot;shutter_speed&quot;:&quot;0&quot;,&quot;title&quot;:&quot;&quot;,&quot;orientation&quot;:&quot;0&quot;}\" data-image-title=\"52454316487_f7b1ef2f6c_h\" data-image-description=\"\" data-image-caption=\"&lt;p&gt;Endrick marcou primeiros gols como profissional (Foto: Divulga\u00e7\u00e3o\/Cesar Greco)&lt;\/p&gt;\n\" data-medium-file=\"https:\/\/blogs.gazetaesportiva.com\/albertohelena\/files\/2022\/10\/52454316487_f7b1ef2f6c_h-300x169.jpg\" data-large-file=\"https:\/\/blogs.gazetaesportiva.com\/albertohelena\/files\/2022\/10\/52454316487_f7b1ef2f6c_h-1024x576.jpg\" class=\"size-full wp-image-13442\" src=\"https:\/\/blogs.gazetaesportiva.com\/albertohelena\/files\/2022\/10\/52454316487_f7b1ef2f6c_h.jpg\" alt=\"\" width=\"1500\" height=\"844\" srcset=\"https:\/\/blogs.gazetaesportiva.com\/albertohelena\/files\/2022\/10\/52454316487_f7b1ef2f6c_h.jpg 1500w, https:\/\/blogs.gazetaesportiva.com\/albertohelena\/files\/2022\/10\/52454316487_f7b1ef2f6c_h-300x169.jpg 300w, https:\/\/blogs.gazetaesportiva.com\/albertohelena\/files\/2022\/10\/52454316487_f7b1ef2f6c_h-1024x576.jpg 1024w, https:\/\/blogs.gazetaesportiva.com\/albertohelena\/files\/2022\/10\/52454316487_f7b1ef2f6c_h-768x432.jpg 768w\" sizes=\"auto, (max-width: 1500px) 100vw, 1500px\" \/><\/a><figcaption id=\"caption-attachment-13442\" class=\"wp-caption-text\">Endrick marcou primeiros gols como profissional (Foto: Divulga\u00e7\u00e3o\/Cesar Greco)<\/figcaption><\/figure>\n<p>O Verd\u00e3o perdia por 1 a 0 para o Furac\u00e3o, na Baixada quando o menino Endrick, de 16 anos de idade entrou em campo pela primeira vez com 45 minutos \u00e0 disposi\u00e7\u00e3o pra fazer valer seu futebol incomum.<\/p>\n<p>Entrou, fez dois gols e garantiu a virada verde que se completou com o terceiro de Gustavo Gomez.<\/p>\n<p>Fico aqui s\u00f3 imaginando se Abel n\u00e3o tivesse retardado tanto o aproveitamento do garoto entre os titulares, pois desde os 15 anos, Endrick j\u00e1 emitia sinais claros de que est\u00e1 fadado a ser um craque de primeira linha do futebol mundial.<\/p>\n<p>N\u00e3o tenho d\u00favidas que, se assim fosse, ele estaria hoje nas cogita\u00e7\u00f5es de Tite para a pr\u00f3xima Copa do Mundo.<\/p>\n<p>Mas, esta noite de ter\u00e7a tamb\u00e9m estava aberta para novos talentos, como, por exemplo, o menino \u00c2ngelo, do Santos que enfrentou o Flamengo, no Maracan\u00e3.<\/p>\n<p>Desde que Orlando Ribeiro assumiu a dire\u00e7\u00e3o t\u00e9cnica do Santos, \u00c2ngelo virou titular absoluto e passou a desenvolver na plenitude seu futebol feito de dribles e investidas prodigiosas, como aquela em que ele passou por tr\u00eas advers\u00e1rios e serviu Marcos Leonardo que perde na cara do gol.<\/p>\n<p>E que dizer de Pedro, autor do gol de abertura do Fla, de letra, aproveitando cruzamento da direita?<\/p>\n<p>Bem, nenhuma surpresa ao longo da hist\u00f3ria do nosso futebol, o maior celeiro de craques do mundo desde sempre. Pena que n\u00e3o possamos manter esses meninos por aqui tempo suficiente para usufruirmos de suas artes por inc\u00faria dos nossos cartolas, esses ref\u00e9ns das mais retr\u00f3gadas ideias de gest\u00e3o.<\/p>\n<p>&nbsp;<\/p>\n","protected":false},"excerpt":{"rendered":"<p>O Verd\u00e3o perdia por 1 a 0 para o Furac\u00e3o, na Baixada quando o menino Endrick, de 16 anos de idade entrou em campo pela <a class=\"read-more\" href=\"https:\/\/blogs.gazetaesportiva.com\/albertohelena\/2022\/10\/26\/a-noite-dos-meninos\/\">leia mais<\/a><\/p>\n","protected":false},"author":46,"featured_media":13442,"comment_status":"open","ping_status":"open","sticky":false,"template":"","format":"standard","meta":{"_jetpack_newsletter_access":"","_jetpack_dont_email_post_to_subs":false,"_jetpack_newsletter_tier_id":0,"_jetpack_memberships_contains_paywalled_content":false,"_jetpack_memberships_contains_paid_content":false,"footnotes":""},"categories":[1],"tags":[],"class_list":["post-13436","post","type-post","status-publish","format-standard","has-post-thumbnail","hentry","category-sem-categoria"],"jetpack_featured_media_url":"https:\/\/blogs.gazetaesportiva.com\/albertohelena\/files\/2022\/10\/52454316487_f7b1ef2f6c_h.jpg","jetpack_sharing_enabled":true,"jetpack_shortlink":"https:\/\/wp.me\/pekB7q-3uI","_links":{"self":[{"href":"https:\/\/blogs.gazetaesportiva.com\/albertohelena\/wp-json\/wp\/v2\/posts\/13436","targetHints":{"allow":["GET"]}}],"collection":[{"href":"https:\/\/blogs.gazetaesportiva.com\/albertohelena\/wp-json\/wp\/v2\/posts"}],"about":[{"href":"https:\/\/blogs.gazetaesportiva.com\/albertohelena\/wp-json\/wp\/v2\/types\/post"}],"author":[{"embeddable":true,"href":"https:\/\/blogs.gazetaesportiva.com\/albertohelena\/wp-json\/wp\/v2\/users\/46"}],"replies":[{"embeddable":true,"href":"https:\/\/blogs.gazetaesportiva.com\/albertohelena\/wp-json\/wp\/v2\/comments?post=13436"}],"version-history":[{"count":0,"href":"https:\/\/blogs.gazetaesportiva.com\/albertohelena\/wp-json\/wp\/v2\/posts\/13436\/revisions"}],"wp:featuredmedia":[{"embeddable":true,"href":"https:\/\/blogs.gazetaesportiva.com\/albertohelena\/wp-json\/wp\/v2\/media\/13442"}],"wp:attachment":[{"href":"https:\/\/blogs.gazetaesportiva.com\/albertohelena\/wp-json\/wp\/v2\/media?parent=13436"}],"wp:term":[{"taxonomy":"category","embeddable":true,"href":"https:\/\/blogs.gazetaesportiva.com\/albertohelena\/wp-json\/wp\/v2\/categories?post=13436"},{"taxonomy":"post_tag","embeddable":true,"href":"https:\/\/blogs.gazetaesportiva.com\/albertohelena\/wp-json\/wp\/v2\/tags?post=13436"}],"curies":[{"name":"wp","href":"https:\/\/api.w.org\/{rel}","templated":true}]}}