{"id":13431,"date":"2022-10-23T19:01:08","date_gmt":"2022-10-23T22:01:08","guid":{"rendered":"https:\/\/blogs.gazetaesportiva.com\/albertohelena\/?p=13431"},"modified":"2022-10-27T21:56:18","modified_gmt":"2022-10-28T00:56:18","slug":"tricolor-o-maximo-do-minimo","status":"publish","type":"post","link":"https:\/\/blogs.gazetaesportiva.com\/albertohelena\/2022\/10\/23\/tricolor-o-maximo-do-minimo\/","title":{"rendered":"Tricolor: o m\u00e1ximo do m\u00ednimo"},"content":{"rendered":"<figure id=\"attachment_13444\" aria-describedby=\"caption-attachment-13444\" style=\"width: 2048px\" class=\"wp-caption aligncenter\"><a href=\"https:\/\/blogs.gazetaesportiva.com\/albertohelena\/files\/2022\/10\/52449502273_3298944058_k-1.jpg\"><img loading=\"lazy\" decoding=\"async\" data-attachment-id=\"13444\" data-permalink=\"https:\/\/blogs.gazetaesportiva.com\/albertohelena\/2022\/10\/23\/tricolor-o-maximo-do-minimo\/52449502273_3298944058_k-1\/\" data-orig-file=\"https:\/\/blogs.gazetaesportiva.com\/albertohelena\/files\/2022\/10\/52449502273_3298944058_k-1.jpg\" data-orig-size=\"2048,1279\" data-comments-opened=\"1\" data-image-meta=\"{&quot;aperture&quot;:&quot;0&quot;,&quot;credit&quot;:&quot;Rubens CHIRI&quot;,&quot;camera&quot;:&quot;&quot;,&quot;caption&quot;:&quot;&quot;,&quot;created_timestamp&quot;:&quot;0&quot;,&quot;copyright&quot;:&quot;&quot;,&quot;focal_length&quot;:&quot;0&quot;,&quot;iso&quot;:&quot;0&quot;,&quot;shutter_speed&quot;:&quot;0&quot;,&quot;title&quot;:&quot;&quot;,&quot;orientation&quot;:&quot;0&quot;}\" data-image-title=\"52449502273_3298944058_k (1)\" data-image-description=\"\" data-image-caption=\"&lt;p&gt;Reinaldo brilhou na vit\u00f3ria em Caxias (Foto: Divulga\u00e7\u00e3o\/Rubens Chiri)&lt;\/p&gt;\n\" data-medium-file=\"https:\/\/blogs.gazetaesportiva.com\/albertohelena\/files\/2022\/10\/52449502273_3298944058_k-1-300x187.jpg\" data-large-file=\"https:\/\/blogs.gazetaesportiva.com\/albertohelena\/files\/2022\/10\/52449502273_3298944058_k-1-1024x640.jpg\" class=\"size-full wp-image-13444\" src=\"https:\/\/blogs.gazetaesportiva.com\/albertohelena\/files\/2022\/10\/52449502273_3298944058_k-1.jpg\" alt=\"\" width=\"2048\" height=\"1279\" srcset=\"https:\/\/blogs.gazetaesportiva.com\/albertohelena\/files\/2022\/10\/52449502273_3298944058_k-1.jpg 2048w, https:\/\/blogs.gazetaesportiva.com\/albertohelena\/files\/2022\/10\/52449502273_3298944058_k-1-300x187.jpg 300w, https:\/\/blogs.gazetaesportiva.com\/albertohelena\/files\/2022\/10\/52449502273_3298944058_k-1-1024x640.jpg 1024w, https:\/\/blogs.gazetaesportiva.com\/albertohelena\/files\/2022\/10\/52449502273_3298944058_k-1-768x480.jpg 768w, https:\/\/blogs.gazetaesportiva.com\/albertohelena\/files\/2022\/10\/52449502273_3298944058_k-1-1536x959.jpg 1536w\" sizes=\"auto, (max-width: 2048px) 100vw, 2048px\" \/><\/a><figcaption id=\"caption-attachment-13444\" class=\"wp-caption-text\">Reinaldo brilhou na vit\u00f3ria em Caxias do Sul (Foto: Divulga\u00e7\u00e3o\/Rubens Chiri)<\/figcaption><\/figure>\n<p>E o Tricolor conseguiu estabilizar a gangorra em que est\u00e1 montado no setor mais alto que lhe \u00e9 permitido pelo elenco de que disp\u00f5e: o oitavo lugar na tabela, poss\u00edvel ingresso na turma da Libertadores.<\/p>\n<p>Foi sua segunda vit\u00f3ria consecutiva nos \u00faltimos tr\u00eas dias. Desta vez, contra o lanterninha do campeonato, o Juventude, l\u00e1.<\/p>\n<p>Venceu e mereceu, pois teve pleno dom\u00ednio da partida, trocando bola, envolvendo o advers\u00e1rio, mas&#8230; Pouco finalizou. Foram duas cabe\u00e7adas perigosas de Calleri, antes do gol de Reinaldo, o homem do jogo, colher bom cruzamento de Moreira da direita. O mesmo Reinaldo que fecharia o placar em 2 a 1, aos 10 do segundo per\u00edodo, em bola desviada pelo beque ga\u00facho, quando o jogo estava empatado, depois de bela jogada conclu\u00edda por Capixaba, aos 38 da etapa inicial.<\/p>\n<p>Obviamente, \u00e9 sempre dif\u00edcil varar uma retranca como a que o Juventude plantou diante de sua meta. Mas, seria mais f\u00e1cil faz\u00ea-lo se o S\u00e3o Paulo tivesse em seu ataque pelo menos um jogador de habilidade, driblador e veloz, sempre com os olhos voltados \u00e0 frente.<\/p>\n<p>N\u00e3o precisa ser um Messi, um CR-7, um Canhoteiro, pra lembrar um \u00edcone tricolor dessa especialidade. Basta ser um Antony, um Marquinhos, um Neres, pra ficarmos com as mais recentes crias de Cotia prematuramente descartada.<\/p>\n<p>Ah, sim, tamb\u00e9m um goleira\u00e7o, tipo pared\u00e3o como pregava o saudoso M\u00e1rio Moraes, o melhor de nossos comentaristas do r\u00e1dio e da tv. Quem sabe, Valter, aquele que passou a maior parte do tempo \u00e0 sombra de C\u00e1ssio no Corinthians, hein?<\/p>\n<p>Por fim, algu\u00e9m com alguns neur\u00f4nios a mais no meio de campo, um meia com o dom da antevis\u00e3o do jogo pra estabelecer o controle do jogo e acelerar o passe colocando seus atacantes em posi\u00e7\u00f5es privilegiadas l\u00e1 na frente. Algu\u00e9m como Ganso, que Diniz fez renascer em gl\u00f3ria no Flu, digamos.<\/p>\n<p>N\u00e3o me atrevo a dizer que o Tricolor seria um tima\u00e7o, campe\u00e3o de tudo. Mas, por certo, estaria brigando pelas primeiras posi\u00e7\u00f5es da tabela do Brasileir\u00e3o, e n\u00e3o apenas sendo \u00faltimo colocado na luta por uma fresta na Libertadores.<\/p>\n<p>&nbsp;<\/p>\n<p>&nbsp;<\/p>\n<p>&nbsp;<\/p>\n","protected":false},"excerpt":{"rendered":"<p>E o Tricolor conseguiu estabilizar a gangorra em que est\u00e1 montado no setor mais alto que lhe \u00e9 permitido pelo elenco de que disp\u00f5e: o <a class=\"read-more\" href=\"https:\/\/blogs.gazetaesportiva.com\/albertohelena\/2022\/10\/23\/tricolor-o-maximo-do-minimo\/\">leia mais<\/a><\/p>\n","protected":false},"author":46,"featured_media":13444,"comment_status":"open","ping_status":"open","sticky":false,"template":"","format":"standard","meta":{"_jetpack_newsletter_access":"","_jetpack_dont_email_post_to_subs":false,"_jetpack_newsletter_tier_id":0,"_jetpack_memberships_contains_paywalled_content":false,"_jetpack_memberships_contains_paid_content":false,"footnotes":""},"categories":[1],"tags":[],"class_list":["post-13431","post","type-post","status-publish","format-standard","has-post-thumbnail","hentry","category-sem-categoria"],"jetpack_featured_media_url":"https:\/\/blogs.gazetaesportiva.com\/albertohelena\/files\/2022\/10\/52449502273_3298944058_k-1.jpg","jetpack_sharing_enabled":true,"jetpack_shortlink":"https:\/\/wp.me\/pekB7q-3uD","_links":{"self":[{"href":"https:\/\/blogs.gazetaesportiva.com\/albertohelena\/wp-json\/wp\/v2\/posts\/13431","targetHints":{"allow":["GET"]}}],"collection":[{"href":"https:\/\/blogs.gazetaesportiva.com\/albertohelena\/wp-json\/wp\/v2\/posts"}],"about":[{"href":"https:\/\/blogs.gazetaesportiva.com\/albertohelena\/wp-json\/wp\/v2\/types\/post"}],"author":[{"embeddable":true,"href":"https:\/\/blogs.gazetaesportiva.com\/albertohelena\/wp-json\/wp\/v2\/users\/46"}],"replies":[{"embeddable":true,"href":"https:\/\/blogs.gazetaesportiva.com\/albertohelena\/wp-json\/wp\/v2\/comments?post=13431"}],"version-history":[{"count":0,"href":"https:\/\/blogs.gazetaesportiva.com\/albertohelena\/wp-json\/wp\/v2\/posts\/13431\/revisions"}],"wp:featuredmedia":[{"embeddable":true,"href":"https:\/\/blogs.gazetaesportiva.com\/albertohelena\/wp-json\/wp\/v2\/media\/13444"}],"wp:attachment":[{"href":"https:\/\/blogs.gazetaesportiva.com\/albertohelena\/wp-json\/wp\/v2\/media?parent=13431"}],"wp:term":[{"taxonomy":"category","embeddable":true,"href":"https:\/\/blogs.gazetaesportiva.com\/albertohelena\/wp-json\/wp\/v2\/categories?post=13431"},{"taxonomy":"post_tag","embeddable":true,"href":"https:\/\/blogs.gazetaesportiva.com\/albertohelena\/wp-json\/wp\/v2\/tags?post=13431"}],"curies":[{"name":"wp","href":"https:\/\/api.w.org\/{rel}","templated":true}]}}