{"id":13429,"date":"2022-10-22T23:40:52","date_gmt":"2022-10-23T02:40:52","guid":{"rendered":"https:\/\/blogs.gazetaesportiva.com\/albertohelena\/?p=13429"},"modified":"2022-10-27T21:59:04","modified_gmt":"2022-10-28T00:59:04","slug":"timao-e-verdao-a-diferenca","status":"publish","type":"post","link":"https:\/\/blogs.gazetaesportiva.com\/albertohelena\/2022\/10\/22\/timao-e-verdao-a-diferenca\/","title":{"rendered":"Tim\u00e3o e Verd\u00e3o; a diferen\u00e7a"},"content":{"rendered":"<figure id=\"attachment_13445\" aria-describedby=\"caption-attachment-13445\" style=\"width: 2000px\" class=\"wp-caption aligncenter\"><a href=\"https:\/\/blogs.gazetaesportiva.com\/albertohelena\/files\/2022\/10\/agenciacorinthians-foto-197981.jpg\"><img loading=\"lazy\" decoding=\"async\" data-attachment-id=\"13445\" data-permalink=\"https:\/\/blogs.gazetaesportiva.com\/albertohelena\/2022\/10\/22\/timao-e-verdao-a-diferenca\/agenciacorinthians-foto-197981\/\" data-orig-file=\"https:\/\/blogs.gazetaesportiva.com\/albertohelena\/files\/2022\/10\/agenciacorinthians-foto-197981.jpg\" data-orig-size=\"2000,1536\" data-comments-opened=\"1\" data-image-meta=\"{&quot;aperture&quot;:&quot;3.2&quot;,&quot;credit&quot;:&quot;&quot;,&quot;camera&quot;:&quot;Canon EOS 5D Mark III&quot;,&quot;caption&quot;:&quot;&quot;,&quot;created_timestamp&quot;:&quot;1666482194&quot;,&quot;copyright&quot;:&quot;&quot;,&quot;focal_length&quot;:&quot;50&quot;,&quot;iso&quot;:&quot;2000&quot;,&quot;shutter_speed&quot;:&quot;0.000625&quot;,&quot;title&quot;:&quot;&quot;,&quot;orientation&quot;:&quot;0&quot;}\" data-image-title=\"agenciacorinthians-foto-197981\" data-image-description=\"\" data-image-caption=\"&lt;p&gt;R\u00f3ger Guedes marcou o gol da vit\u00f3ria na Vila (Foto: Divulga\u00e7\u00e3o\/Rodrigo Coca)&lt;\/p&gt;\n\" data-medium-file=\"https:\/\/blogs.gazetaesportiva.com\/albertohelena\/files\/2022\/10\/agenciacorinthians-foto-197981-300x230.jpg\" data-large-file=\"https:\/\/blogs.gazetaesportiva.com\/albertohelena\/files\/2022\/10\/agenciacorinthians-foto-197981-1024x786.jpg\" class=\"size-full wp-image-13445\" src=\"https:\/\/blogs.gazetaesportiva.com\/albertohelena\/files\/2022\/10\/agenciacorinthians-foto-197981.jpg\" alt=\"\" width=\"2000\" height=\"1536\" srcset=\"https:\/\/blogs.gazetaesportiva.com\/albertohelena\/files\/2022\/10\/agenciacorinthians-foto-197981.jpg 2000w, https:\/\/blogs.gazetaesportiva.com\/albertohelena\/files\/2022\/10\/agenciacorinthians-foto-197981-300x230.jpg 300w, https:\/\/blogs.gazetaesportiva.com\/albertohelena\/files\/2022\/10\/agenciacorinthians-foto-197981-1024x786.jpg 1024w, https:\/\/blogs.gazetaesportiva.com\/albertohelena\/files\/2022\/10\/agenciacorinthians-foto-197981-768x590.jpg 768w, https:\/\/blogs.gazetaesportiva.com\/albertohelena\/files\/2022\/10\/agenciacorinthians-foto-197981-1536x1180.jpg 1536w\" sizes=\"auto, (max-width: 2000px) 100vw, 2000px\" \/><\/a><figcaption id=\"caption-attachment-13445\" class=\"wp-caption-text\">R\u00f3ger Guedes marcou o gol da vit\u00f3ria na Vila (Foto: Divulga\u00e7\u00e3o\/Rodrigo Coca)<\/figcaption><\/figure>\n<p>Algu\u00e9m a\u00ed pode me explicar por que o Corinthians foi \u00e0 Vila enfrentar o Santos com se time misto, se nada mais lhe resta em pauta a n\u00e3o ser uma classifica\u00e7\u00e3o mais digna de sua hist\u00f3ria no Brasileir\u00e3o?<\/p>\n<p>L\u00e1 estavam no banco Renato Augusto, que representa metade do time, Du, Fagner e cia. bela, enquanto uma equipe desconjuntada era dominada durante todo o primeiro tempo pelos Meninos da Vila, que trocavam as fraldas por cal\u00e7\u00f5es em meio \u00e0 bola rolando.<\/p>\n<p>Bem, j\u00e1 n segundo tempo, com algumas altera\u00e7\u00f5es, o Tim\u00e3o se equilibrou e at\u00e9 acabou vencendo o jogo de dez contra dez, pelas expuls\u00f5es de Yuri e Barbosa, com um gol de Roger Guedes no finzinho do bate-bola.<\/p>\n<p>Em contrapartida, o l\u00edder Palmeiras, que s\u00f3 tem de deixar o rel\u00f3gio girar pra meter a m\u00e3o na ta\u00e7a, vestiu camisa e cal\u00e7\u00f5es de um verde-lim\u00e3o fosforescente e foi dar uma voltinha noturna no Parque.<\/p>\n<p>Depois que Scarpa abriu o placar cobrando p\u00eanalti, o Verd\u00e3o ficou por ali um tanto a\u00e9reo zanzando pelo gramado, j\u00e1 que o Ava\u00ed sequer piscava sua lanterna, at\u00e9 que, na etapa final, Dudu, em pl\u00e1stica jogada, pedalou na \u00e1rea, livrou-se de dois beques e meteu a bichinha nas redes.<\/p>\n<p>A partir da\u00ed, foi um aut\u00eantico massacre t\u00e1tico e t\u00e9cnico enquanto as chances se acumulavam na \u00e1rea do Ava\u00ed,<\/p>\n<p>Faltava apenas a presen\u00e7a do garoto Endrick pra dar aquele impulso extra que diverte a torcida verde.<\/p>\n<p>Afinal, aos 35 minutos, o moleque entra em campo, d\u00e1 dois chutes perigosos aparados pelo goleiro e, em seguida, dispara pela direita e cruza na canhota de outro da sua turma do ensino m\u00e9dio verde, Aderlan, que fecha o placar de 3 a 0.<\/p>\n<p>Quer dizer: enquanto o Tim\u00e3o segue sem um time titular definido com os melhores jogadores de seu elenco, o Palmeiras segue inteiro, cada vez mais ajustado, l\u00e1 nas alturas. Essa \u00e9 a diferen\u00e7a.<\/p>\n","protected":false},"excerpt":{"rendered":"<p>Algu\u00e9m a\u00ed pode me explicar por que o Corinthians foi \u00e0 Vila enfrentar o Santos com se time misto, se nada mais lhe resta em <a class=\"read-more\" href=\"https:\/\/blogs.gazetaesportiva.com\/albertohelena\/2022\/10\/22\/timao-e-verdao-a-diferenca\/\">leia mais<\/a><\/p>\n","protected":false},"author":46,"featured_media":13445,"comment_status":"open","ping_status":"open","sticky":false,"template":"","format":"standard","meta":{"_jetpack_newsletter_access":"","_jetpack_dont_email_post_to_subs":false,"_jetpack_newsletter_tier_id":0,"_jetpack_memberships_contains_paywalled_content":false,"_jetpack_memberships_contains_paid_content":false,"footnotes":""},"categories":[1],"tags":[],"class_list":["post-13429","post","type-post","status-publish","format-standard","has-post-thumbnail","hentry","category-sem-categoria"],"jetpack_featured_media_url":"https:\/\/blogs.gazetaesportiva.com\/albertohelena\/files\/2022\/10\/agenciacorinthians-foto-197981.jpg","jetpack_sharing_enabled":true,"jetpack_shortlink":"https:\/\/wp.me\/pekB7q-3uB","_links":{"self":[{"href":"https:\/\/blogs.gazetaesportiva.com\/albertohelena\/wp-json\/wp\/v2\/posts\/13429","targetHints":{"allow":["GET"]}}],"collection":[{"href":"https:\/\/blogs.gazetaesportiva.com\/albertohelena\/wp-json\/wp\/v2\/posts"}],"about":[{"href":"https:\/\/blogs.gazetaesportiva.com\/albertohelena\/wp-json\/wp\/v2\/types\/post"}],"author":[{"embeddable":true,"href":"https:\/\/blogs.gazetaesportiva.com\/albertohelena\/wp-json\/wp\/v2\/users\/46"}],"replies":[{"embeddable":true,"href":"https:\/\/blogs.gazetaesportiva.com\/albertohelena\/wp-json\/wp\/v2\/comments?post=13429"}],"version-history":[{"count":0,"href":"https:\/\/blogs.gazetaesportiva.com\/albertohelena\/wp-json\/wp\/v2\/posts\/13429\/revisions"}],"wp:featuredmedia":[{"embeddable":true,"href":"https:\/\/blogs.gazetaesportiva.com\/albertohelena\/wp-json\/wp\/v2\/media\/13445"}],"wp:attachment":[{"href":"https:\/\/blogs.gazetaesportiva.com\/albertohelena\/wp-json\/wp\/v2\/media?parent=13429"}],"wp:term":[{"taxonomy":"category","embeddable":true,"href":"https:\/\/blogs.gazetaesportiva.com\/albertohelena\/wp-json\/wp\/v2\/categories?post=13429"},{"taxonomy":"post_tag","embeddable":true,"href":"https:\/\/blogs.gazetaesportiva.com\/albertohelena\/wp-json\/wp\/v2\/tags?post=13429"}],"curies":[{"name":"wp","href":"https:\/\/api.w.org\/{rel}","templated":true}]}}