{"id":13423,"date":"2022-10-16T19:05:34","date_gmt":"2022-10-16T22:05:34","guid":{"rendered":"https:\/\/blogs.gazetaesportiva.com\/albertohelena\/?p=13423"},"modified":"2022-10-16T19:23:33","modified_gmt":"2022-10-16T22:23:33","slug":"nervos-em-campo-e-a-bola-fora","status":"publish","type":"post","link":"https:\/\/blogs.gazetaesportiva.com\/albertohelena\/2022\/10\/16\/nervos-em-campo-e-a-bola-fora\/","title":{"rendered":"Nervos em campo e a bola fora"},"content":{"rendered":"<figure id=\"attachment_13426\" aria-describedby=\"caption-attachment-13426\" style=\"width: 1500px\" class=\"wp-caption aligncenter\"><a href=\"https:\/\/blogs.gazetaesportiva.com\/albertohelena\/files\/2022\/10\/01783311.jpg\"><img loading=\"lazy\" decoding=\"async\" data-attachment-id=\"13426\" data-permalink=\"https:\/\/blogs.gazetaesportiva.com\/albertohelena\/2022\/10\/16\/nervos-em-campo-e-a-bola-fora\/palmeiras-x-sao-paulo\/\" data-orig-file=\"https:\/\/blogs.gazetaesportiva.com\/albertohelena\/files\/2022\/10\/01783311.jpg\" data-orig-size=\"1500,1000\" data-comments-opened=\"1\" data-image-meta=\"{&quot;aperture&quot;:&quot;4&quot;,&quot;credit&quot;:&quot;Luis Moura&quot;,&quot;camera&quot;:&quot;Canon EOS-1D X&quot;,&quot;caption&quot;:&quot;S\\u00e3o Paulo, (SP), 16\\\/10\\\/2022 - PALMEIRAS x  S\\u00c3O PAULO -  Dudu, jogador do Palmeiras, durante partida contra o time do S\\u00e3o Paulo, v\\u00e1lida  pela 32\\u00aa rodada do Campeonato Brasileiro , no est\\u00e1dio Allianz Parque.( Foto : Luis Moura \\\/ WPP )\\r\\n\\r\\nLuis Moura \\\/ WPP\\\/esporte ; futebol ; soccer ; football ; campeonato ; brasileiro ; brasileir\\u00e3o&quot;,&quot;created_timestamp&quot;:&quot;1665878400&quot;,&quot;copyright&quot;:&quot;LUIS MOURA \\\/ WPP&quot;,&quot;focal_length&quot;:&quot;280&quot;,&quot;iso&quot;:&quot;1600&quot;,&quot;shutter_speed&quot;:&quot;0.000625&quot;,&quot;title&quot;:&quot;PALMEIRAS x S\\u00c3O PAULO&quot;,&quot;orientation&quot;:&quot;0&quot;}\" data-image-title=\"PALMEIRAS x S\u00c3O PAULO\" data-image-description=\"\" data-image-caption=\"&lt;p&gt;Foto : Luis Moura \/ WPP \/GPress&lt;\/p&gt;\n\" data-medium-file=\"https:\/\/blogs.gazetaesportiva.com\/albertohelena\/files\/2022\/10\/01783311-300x200.jpg\" data-large-file=\"https:\/\/blogs.gazetaesportiva.com\/albertohelena\/files\/2022\/10\/01783311-1024x683.jpg\" class=\"size-full wp-image-13426\" src=\"https:\/\/blogs.gazetaesportiva.com\/albertohelena\/files\/2022\/10\/01783311.jpg\" alt=\"\" width=\"1500\" height=\"1000\" srcset=\"https:\/\/blogs.gazetaesportiva.com\/albertohelena\/files\/2022\/10\/01783311.jpg 1500w, https:\/\/blogs.gazetaesportiva.com\/albertohelena\/files\/2022\/10\/01783311-300x200.jpg 300w, https:\/\/blogs.gazetaesportiva.com\/albertohelena\/files\/2022\/10\/01783311-768x512.jpg 768w, https:\/\/blogs.gazetaesportiva.com\/albertohelena\/files\/2022\/10\/01783311-1024x683.jpg 1024w, https:\/\/blogs.gazetaesportiva.com\/albertohelena\/files\/2022\/10\/01783311-120x80.jpg 120w\" sizes=\"auto, (max-width: 1500px) 100vw, 1500px\" \/><\/a><figcaption id=\"caption-attachment-13426\" class=\"wp-caption-text\">Foto : Luis Moura \/ WPP \/GPress<\/figcaption><\/figure>\n<p>O Palmeiras foi impreciso e o S\u00e3o Paulo, estoico.<\/p>\n<p>Sim, porque o Tricolor, do in\u00edcio ao fim, defendia sua meta com unhas e dentes, enquanto o Verd\u00e3o atacava seus pr\u00f3prios nervos, tensos para provar a reconhecida superioridade t\u00e9cnica e levar sua lideran\u00e7a o mais pr\u00f3ximo poss\u00edvel \u00e0 conquista da ta\u00e7a que cintila logo ali.<\/p>\n<p>Resultado: 0 a 0, com m\u00ednimas chances de gol, l\u00e1 e c\u00e1.<\/p>\n<p>O Verd\u00e3o teve, por baixo, tr\u00eas delas, todas conjuradas por Felipe Alves, que levou a coroa do Choque-Rei. A maior delas, a defesa do p\u00eanalti cobrado por ningu\u00e9m menos do que Scarpa, o melhor jogador do Brasileir\u00e3o pelo conjunto da obra. P\u00eanalti, fruto da audaciosa jogada do menino Enrick, v\u00edtima da falta fatal que resultou na primeira expuls\u00e3o em campo.<\/p>\n<p>Em contrapartida, o S\u00e3o Paulo soube resistir \u00e0 for\u00e7a da torcida verde no Parque, \u00e0 t\u00e9cnica superior do advers\u00e1rio e \u00e0 perda de dois jogadores expulsos ao longo da partida com empenho e dedica\u00e7\u00e3o.<\/p>\n<p>O problema maior dos dois times foi a aus\u00eancia do articulador de meio de campo, aquele carinha que pensa o jogo e executa com precis\u00e3o as jogadas arquitetadas. De todos em campo, apenas Scarpa \u00e9 capaz de exercer esse of\u00edcio. Mas, Scarpa passou quase todo o tempo atuando aberto pela direita.<\/p>\n<p>De qualquer maneira, mesmo a meio passo, o Verd\u00e3o caminha em dire\u00e7\u00e3o \u00e0 faixa de campe\u00e3o, enquanto ao S\u00e3o Paulo s\u00f3 resta escapar da zona de descenso e rezar para um ano novo mais pr\u00f3ximo de sua tradi\u00e7\u00e3o.<\/p>\n","protected":false},"excerpt":{"rendered":"<p>O Palmeiras foi impreciso e o S\u00e3o Paulo, estoico. Sim, porque o Tricolor, do in\u00edcio ao fim, defendia sua meta com unhas e dentes, enquanto <a class=\"read-more\" href=\"https:\/\/blogs.gazetaesportiva.com\/albertohelena\/2022\/10\/16\/nervos-em-campo-e-a-bola-fora\/\">leia mais<\/a><\/p>\n","protected":false},"author":46,"featured_media":13426,"comment_status":"open","ping_status":"open","sticky":false,"template":"","format":"standard","meta":{"_jetpack_newsletter_access":"","_jetpack_dont_email_post_to_subs":false,"_jetpack_newsletter_tier_id":0,"_jetpack_memberships_contains_paywalled_content":false,"_jetpack_memberships_contains_paid_content":false,"footnotes":""},"categories":[11,12,1],"tags":[],"class_list":["post-13423","post","type-post","status-publish","format-standard","has-post-thumbnail","hentry","category-palmeiras","category-sao-paulo","category-sem-categoria"],"jetpack_featured_media_url":"https:\/\/blogs.gazetaesportiva.com\/albertohelena\/files\/2022\/10\/01783311.jpg","jetpack_sharing_enabled":true,"jetpack_shortlink":"https:\/\/wp.me\/pekB7q-3uv","_links":{"self":[{"href":"https:\/\/blogs.gazetaesportiva.com\/albertohelena\/wp-json\/wp\/v2\/posts\/13423","targetHints":{"allow":["GET"]}}],"collection":[{"href":"https:\/\/blogs.gazetaesportiva.com\/albertohelena\/wp-json\/wp\/v2\/posts"}],"about":[{"href":"https:\/\/blogs.gazetaesportiva.com\/albertohelena\/wp-json\/wp\/v2\/types\/post"}],"author":[{"embeddable":true,"href":"https:\/\/blogs.gazetaesportiva.com\/albertohelena\/wp-json\/wp\/v2\/users\/46"}],"replies":[{"embeddable":true,"href":"https:\/\/blogs.gazetaesportiva.com\/albertohelena\/wp-json\/wp\/v2\/comments?post=13423"}],"version-history":[{"count":0,"href":"https:\/\/blogs.gazetaesportiva.com\/albertohelena\/wp-json\/wp\/v2\/posts\/13423\/revisions"}],"wp:featuredmedia":[{"embeddable":true,"href":"https:\/\/blogs.gazetaesportiva.com\/albertohelena\/wp-json\/wp\/v2\/media\/13426"}],"wp:attachment":[{"href":"https:\/\/blogs.gazetaesportiva.com\/albertohelena\/wp-json\/wp\/v2\/media?parent=13423"}],"wp:term":[{"taxonomy":"category","embeddable":true,"href":"https:\/\/blogs.gazetaesportiva.com\/albertohelena\/wp-json\/wp\/v2\/categories?post=13423"},{"taxonomy":"post_tag","embeddable":true,"href":"https:\/\/blogs.gazetaesportiva.com\/albertohelena\/wp-json\/wp\/v2\/tags?post=13423"}],"curies":[{"name":"wp","href":"https:\/\/api.w.org\/{rel}","templated":true}]}}