{"id":13419,"date":"2022-10-13T00:29:33","date_gmt":"2022-10-13T03:29:33","guid":{"rendered":"https:\/\/blogs.gazetaesportiva.com\/albertohelena\/?p=13419"},"modified":"2022-10-13T00:45:36","modified_gmt":"2022-10-13T03:45:36","slug":"e-era-mesmo-uma-decisao","status":"publish","type":"post","link":"https:\/\/blogs.gazetaesportiva.com\/albertohelena\/2022\/10\/13\/e-era-mesmo-uma-decisao\/","title":{"rendered":"E era mesmo uma decis\u00e3o?"},"content":{"rendered":"<figure id=\"attachment_13421\" aria-describedby=\"caption-attachment-13421\" style=\"width: 1024px\" class=\"wp-caption aligncenter\"><a href=\"https:\/\/blogs.gazetaesportiva.com\/albertohelena\/files\/2022\/10\/52423892841_9865365318_b.jpg\"><img loading=\"lazy\" decoding=\"async\" data-attachment-id=\"13421\" data-permalink=\"https:\/\/blogs.gazetaesportiva.com\/albertohelena\/2022\/10\/13\/e-era-mesmo-uma-decisao\/52423892841_9865365318_b\/\" data-orig-file=\"https:\/\/blogs.gazetaesportiva.com\/albertohelena\/files\/2022\/10\/52423892841_9865365318_b.jpg\" data-orig-size=\"1024,682\" data-comments-opened=\"1\" data-image-meta=\"{&quot;aperture&quot;:&quot;0&quot;,&quot;credit&quot;:&quot;Marcelo Cortes&quot;,&quot;camera&quot;:&quot;&quot;,&quot;caption&quot;:&quot;&quot;,&quot;created_timestamp&quot;:&quot;0&quot;,&quot;copyright&quot;:&quot;Marcelo Cortes&quot;,&quot;focal_length&quot;:&quot;0&quot;,&quot;iso&quot;:&quot;0&quot;,&quot;shutter_speed&quot;:&quot;0&quot;,&quot;title&quot;:&quot;&quot;,&quot;orientation&quot;:&quot;0&quot;}\" data-image-title=\"52423892841_9865365318_b\" data-image-description=\"\" data-image-caption=\"&lt;p&gt;Primeira final da Copa do Brasil terminou sem gols (Foto: Divulga\u00e7\u00e3o\/Marcelo Cortes)&lt;\/p&gt;\n\" data-medium-file=\"https:\/\/blogs.gazetaesportiva.com\/albertohelena\/files\/2022\/10\/52423892841_9865365318_b-300x200.jpg\" data-large-file=\"https:\/\/blogs.gazetaesportiva.com\/albertohelena\/files\/2022\/10\/52423892841_9865365318_b-1024x682.jpg\" class=\"size-full wp-image-13421\" src=\"https:\/\/blogs.gazetaesportiva.com\/albertohelena\/files\/2022\/10\/52423892841_9865365318_b.jpg\" alt=\"\" width=\"1024\" height=\"682\" srcset=\"https:\/\/blogs.gazetaesportiva.com\/albertohelena\/files\/2022\/10\/52423892841_9865365318_b.jpg 1024w, https:\/\/blogs.gazetaesportiva.com\/albertohelena\/files\/2022\/10\/52423892841_9865365318_b-300x200.jpg 300w, https:\/\/blogs.gazetaesportiva.com\/albertohelena\/files\/2022\/10\/52423892841_9865365318_b-768x512.jpg 768w, https:\/\/blogs.gazetaesportiva.com\/albertohelena\/files\/2022\/10\/52423892841_9865365318_b-120x80.jpg 120w\" sizes=\"auto, (max-width: 1024px) 100vw, 1024px\" \/><\/a><figcaption id=\"caption-attachment-13421\" class=\"wp-caption-text\">Primeira final da Copa do Brasil terminou sem gols (Foto: Divulga\u00e7\u00e3o\/Marcelo Cortes)<\/figcaption><\/figure>\n<p>Tanta expectativa por nada&#8230; Ou melhor: por tr\u00eas chances de gol e um p\u00eanalti discut\u00edvel n\u00e3o assinalado. O penal teria sido de L\u00e9o Pereira, em cujo bra\u00e7o a bola havia resvalado depois de ter repicado na coxa do zagueiro rubro-negro. Esse lance d\u00e1 duas interpreta\u00e7\u00f5es da lei. Uma, de que o simples bra\u00e7o estendido aumenta a dimens\u00e3o do corpo indevidamente. Outra, de que, ao repicar na coxa do jogador, n\u00e3o h\u00e1 tempo para haver intencionalidade,<\/p>\n<p>J\u00e1 nas chances perdidas, os goleiros C\u00e1ssio e Santos tiveram participa\u00e7\u00e3o providencial, enquanto na outra a trave alvinegra tratou de aparar o gol iminente.<\/p>\n<p>De resto, foi um jogo convencional desprovido daquele esp\u00edrito imantado que se espera de uma decis\u00e3o entre as duas maiores torcidas do Brasil, a do Flamengo e a do Corinthians. Tanto no cora\u00e7\u00e3o quanto nos p\u00e9s dos jogadores, apesar da imensa torcida incentivando o Tim\u00e3o, em Itaquera.<\/p>\n<p>O Fla, que possui uma equipe resolvida a mais tempo do que seu oponente nesta noite de quinta, n\u00e3o recebeu de seus principais craques (Everton Rivbeiro, Arrascaeta, Gabigol e Pedro) a bola esmerada que lhes \u00e9 habitual.<\/p>\n<p>Ent\u00e3o, ficou por ali tocando a bichinha por mais tempo do que o Tim\u00e3o. Em certos momentos, at\u00e9 com alguma sonol\u00eancia.<\/p>\n<p>J\u00e1 o Corinthians, mais preocupado em se defender, raramente foi \u00e0 \u00e1rea inimiga, pendurando-se na costumeira seguran\u00e7a de C\u00e1ssio, como sempre.<\/p>\n<p>A decis\u00e3o, pois, foi pro Maracan\u00e3, onde o Meng\u00e3o \u00e9 rei. Ficou, pois, quase imposs\u00edvel ao Corinthians meter a m\u00e3o na Copa do Brasil. Mas, sacum\u00e9&#8230; Estamos falando daquele time que ama sofrer e dar a volta por cima quando tudo conspira contra<\/p>\n<p>&nbsp;<\/p>\n<p>&nbsp;<\/p>\n","protected":false},"excerpt":{"rendered":"<p>Tanta expectativa por nada&#8230; Ou melhor: por tr\u00eas chances de gol e um p\u00eanalti discut\u00edvel n\u00e3o assinalado. O penal teria sido de L\u00e9o Pereira, em <a class=\"read-more\" href=\"https:\/\/blogs.gazetaesportiva.com\/albertohelena\/2022\/10\/13\/e-era-mesmo-uma-decisao\/\">leia mais<\/a><\/p>\n","protected":false},"author":46,"featured_media":13421,"comment_status":"open","ping_status":"open","sticky":false,"template":"","format":"standard","meta":{"_jetpack_newsletter_access":"","_jetpack_dont_email_post_to_subs":false,"_jetpack_newsletter_tier_id":0,"_jetpack_memberships_contains_paywalled_content":false,"_jetpack_memberships_contains_paid_content":false,"footnotes":""},"categories":[1],"tags":[],"class_list":["post-13419","post","type-post","status-publish","format-standard","has-post-thumbnail","hentry","category-sem-categoria"],"jetpack_featured_media_url":"https:\/\/blogs.gazetaesportiva.com\/albertohelena\/files\/2022\/10\/52423892841_9865365318_b.jpg","jetpack_sharing_enabled":true,"jetpack_shortlink":"https:\/\/wp.me\/pekB7q-3ur","_links":{"self":[{"href":"https:\/\/blogs.gazetaesportiva.com\/albertohelena\/wp-json\/wp\/v2\/posts\/13419","targetHints":{"allow":["GET"]}}],"collection":[{"href":"https:\/\/blogs.gazetaesportiva.com\/albertohelena\/wp-json\/wp\/v2\/posts"}],"about":[{"href":"https:\/\/blogs.gazetaesportiva.com\/albertohelena\/wp-json\/wp\/v2\/types\/post"}],"author":[{"embeddable":true,"href":"https:\/\/blogs.gazetaesportiva.com\/albertohelena\/wp-json\/wp\/v2\/users\/46"}],"replies":[{"embeddable":true,"href":"https:\/\/blogs.gazetaesportiva.com\/albertohelena\/wp-json\/wp\/v2\/comments?post=13419"}],"version-history":[{"count":0,"href":"https:\/\/blogs.gazetaesportiva.com\/albertohelena\/wp-json\/wp\/v2\/posts\/13419\/revisions"}],"wp:featuredmedia":[{"embeddable":true,"href":"https:\/\/blogs.gazetaesportiva.com\/albertohelena\/wp-json\/wp\/v2\/media\/13421"}],"wp:attachment":[{"href":"https:\/\/blogs.gazetaesportiva.com\/albertohelena\/wp-json\/wp\/v2\/media?parent=13419"}],"wp:term":[{"taxonomy":"category","embeddable":true,"href":"https:\/\/blogs.gazetaesportiva.com\/albertohelena\/wp-json\/wp\/v2\/categories?post=13419"},{"taxonomy":"post_tag","embeddable":true,"href":"https:\/\/blogs.gazetaesportiva.com\/albertohelena\/wp-json\/wp\/v2\/tags?post=13419"}],"curies":[{"name":"wp","href":"https:\/\/api.w.org\/{rel}","templated":true}]}}