{"id":13249,"date":"2022-06-16T21:06:14","date_gmt":"2022-06-17T00:06:14","guid":{"rendered":"https:\/\/blogs.gazetaesportiva.com\/albertohelena\/?p=13249"},"modified":"2022-06-16T22:18:29","modified_gmt":"2022-06-17T01:18:29","slug":"verdao-incrivel-tricolor-espelho-partido","status":"publish","type":"post","link":"https:\/\/blogs.gazetaesportiva.com\/albertohelena\/2022\/06\/16\/verdao-incrivel-tricolor-espelho-partido\/","title":{"rendered":"Verd\u00e3o, incr\u00edvel. Tricolor, espelho partido"},"content":{"rendered":"<figure id=\"attachment_13251\" aria-describedby=\"caption-attachment-13251\" style=\"width: 1500px\" class=\"wp-caption aligncenter\"><a href=\"https:\/\/blogs.gazetaesportiva.com\/albertohelena\/files\/2022\/06\/52150994162_8685a0051b_h.jpg\"><img loading=\"lazy\" decoding=\"async\" data-attachment-id=\"13251\" data-permalink=\"https:\/\/blogs.gazetaesportiva.com\/albertohelena\/2022\/06\/16\/verdao-incrivel-tricolor-espelho-partido\/52150994162_8685a0051b_h\/\" data-orig-file=\"https:\/\/blogs.gazetaesportiva.com\/albertohelena\/files\/2022\/06\/52150994162_8685a0051b_h.jpg\" data-orig-size=\"1500,844\" data-comments-opened=\"1\" data-image-meta=\"{&quot;aperture&quot;:&quot;0&quot;,&quot;credit&quot;:&quot;Cesar Greco&quot;,&quot;camera&quot;:&quot;&quot;,&quot;caption&quot;:&quot;&quot;,&quot;created_timestamp&quot;:&quot;0&quot;,&quot;copyright&quot;:&quot;CESAR GRECO&quot;,&quot;focal_length&quot;:&quot;0&quot;,&quot;iso&quot;:&quot;0&quot;,&quot;shutter_speed&quot;:&quot;0&quot;,&quot;title&quot;:&quot;&quot;,&quot;orientation&quot;:&quot;0&quot;}\" data-image-title=\"52150994162_8685a0051b_h\" data-image-description=\"\" data-image-caption=\"&lt;p&gt;Gustavo Scarpa marcou um dos gols do Palmeiras (Foto: Divulga\u00e7\u00e3o\/Cesar Greco)&lt;\/p&gt;\n\" data-medium-file=\"https:\/\/blogs.gazetaesportiva.com\/albertohelena\/files\/2022\/06\/52150994162_8685a0051b_h-300x169.jpg\" data-large-file=\"https:\/\/blogs.gazetaesportiva.com\/albertohelena\/files\/2022\/06\/52150994162_8685a0051b_h-1024x576.jpg\" class=\"size-full wp-image-13251\" src=\"https:\/\/blogs.gazetaesportiva.com\/albertohelena\/files\/2022\/06\/52150994162_8685a0051b_h.jpg\" alt=\"\" width=\"1500\" height=\"844\" srcset=\"https:\/\/blogs.gazetaesportiva.com\/albertohelena\/files\/2022\/06\/52150994162_8685a0051b_h.jpg 1500w, https:\/\/blogs.gazetaesportiva.com\/albertohelena\/files\/2022\/06\/52150994162_8685a0051b_h-300x169.jpg 300w, https:\/\/blogs.gazetaesportiva.com\/albertohelena\/files\/2022\/06\/52150994162_8685a0051b_h-768x432.jpg 768w, https:\/\/blogs.gazetaesportiva.com\/albertohelena\/files\/2022\/06\/52150994162_8685a0051b_h-1024x576.jpg 1024w\" sizes=\"auto, (max-width: 1500px) 100vw, 1500px\" \/><\/a><figcaption id=\"caption-attachment-13251\" class=\"wp-caption-text\">Gustavo Scarpa marcou um dos gols do Palmeiras (Foto: Divulga\u00e7\u00e3o\/Cesar Greco)<\/figcaption><\/figure>\n<p>O Palmeiras, em sete minutos, transformou a derrota em vit\u00f3ria por goleada diante do Atl\u00e9tico GO, no Parque.<\/p>\n<p>J\u00e1 o S\u00e3o Paulo, em mais de noventa minutos, sequer conseguiu empatar com o Botafogo, no Newton Santos.<\/p>\n<p>Essa \u00e9, mais ou menos, a medida que separa o l\u00edder do quinto colocado: enquanto o Palmeiras segue l\u00edder, agora com tr\u00eas pontos adiante do Corinthians, jogando quase sempre com a mesma forma\u00e7\u00e3o, o Tricolor oscila e descai na tabela alterando frequentemente de time e esquema de jogo.<\/p>\n<p>Nesta quinta, depois de ter anunciado uma equipe formada por dois zagueiros, com David Neves no meio de campo, Ceni, em cima da hora, alterou sua escala\u00e7\u00e3o, colocando mais um beque (Diego Costa) no lugar do volante uruguaio. Talvez, pelo fato de que o Glorioso jogaria com tr\u00eas zagueiros, \u00c9 a velha hist\u00f3ria furada do espelho que, como o amigo sabe, reflete a imagem invertida, n\u00e3o igual.<\/p>\n<p>Mas, digamos que nem foi por conta disso que o Bota venceu por 1 a 0, gol de Kayke, aos 16 minutos do segundo tempo, quando teve o espa\u00e7o entre os zagueiros tricolores pra disparar um torpedo \u00e0s redes de Jairson, pois o jogo, embora renhido, foi enfadonho pela absoluta falta de criatividade das duas equipes que se limitaram a brigar muito pela bola. E, quando a tinham de posse excediam nos passes errados.<\/p>\n<p>J\u00e1 o Verd\u00e3o, que nem fez uma partida ao n\u00edvel de suas \u00faltimas apresenta\u00e7\u00f5es, encheu o ar de emo\u00e7\u00e3o, naqueles sete minutos &#8211; dos 41 aos 48 do primeiro tempo &#8211; quando virou, espetacularmente, o placar que um dos seus havia aberto a favor do Atl\u00e9tico GO.<\/p>\n<p>Ali\u00e1s, vale dizer que at\u00e9 mesmo o gol dos goianos foi espetacular: uma chibatada \u00e0 queima-roupa, da pequena \u00e1rea, de Luan, contra sua pr\u00f3pria meta. Como aprendi h\u00e1 muito tempo, beque demais \u00e9 um perigo&#8230; pra si mesmo. No caso, o Palmeiras, inesperadamente, entrou em campo com\u00a0 tr\u00eas zagueiros, que \u00e9 pra seguir a moda cafona atual.<\/p>\n<p>Todavia, o Verd\u00e3o tem repert\u00f3rio, do meio de campo pra frente, suficiente pra virar esse placar adverso. E n\u00e3o deu outra: dos 41 aos 48, enfiou quatro gols no inimigo, dois de Gustavo Gomez, um de Scarpa\u00a0 e\u00a0 outro de Z\u00e9 Rafael.<\/p>\n<p>No segundo tempo, foi no vai da valsa at\u00e9 que, em novo erro da defesa (Weverton saiu mal do gol), permitiu ao Atl\u00e9tico diminuir com Churin, aos 35 minutos.<\/p>\n<p>E assim segue o l\u00edder.<\/p>\n","protected":false},"excerpt":{"rendered":"<p>O Palmeiras, em sete minutos, transformou a derrota em vit\u00f3ria por goleada diante do Atl\u00e9tico GO, no Parque. J\u00e1 o S\u00e3o Paulo, em mais de <a class=\"read-more\" href=\"https:\/\/blogs.gazetaesportiva.com\/albertohelena\/2022\/06\/16\/verdao-incrivel-tricolor-espelho-partido\/\">leia mais<\/a><\/p>\n","protected":false},"author":46,"featured_media":13251,"comment_status":"open","ping_status":"open","sticky":false,"template":"","format":"standard","meta":{"_jetpack_newsletter_access":"","_jetpack_dont_email_post_to_subs":false,"_jetpack_newsletter_tier_id":0,"_jetpack_memberships_contains_paywalled_content":false,"_jetpack_memberships_contains_paid_content":false,"footnotes":""},"categories":[1],"tags":[],"class_list":["post-13249","post","type-post","status-publish","format-standard","has-post-thumbnail","hentry","category-sem-categoria"],"jetpack_featured_media_url":"https:\/\/blogs.gazetaesportiva.com\/albertohelena\/files\/2022\/06\/52150994162_8685a0051b_h.jpg","jetpack_sharing_enabled":true,"jetpack_shortlink":"https:\/\/wp.me\/pekB7q-3rH","_links":{"self":[{"href":"https:\/\/blogs.gazetaesportiva.com\/albertohelena\/wp-json\/wp\/v2\/posts\/13249","targetHints":{"allow":["GET"]}}],"collection":[{"href":"https:\/\/blogs.gazetaesportiva.com\/albertohelena\/wp-json\/wp\/v2\/posts"}],"about":[{"href":"https:\/\/blogs.gazetaesportiva.com\/albertohelena\/wp-json\/wp\/v2\/types\/post"}],"author":[{"embeddable":true,"href":"https:\/\/blogs.gazetaesportiva.com\/albertohelena\/wp-json\/wp\/v2\/users\/46"}],"replies":[{"embeddable":true,"href":"https:\/\/blogs.gazetaesportiva.com\/albertohelena\/wp-json\/wp\/v2\/comments?post=13249"}],"version-history":[{"count":0,"href":"https:\/\/blogs.gazetaesportiva.com\/albertohelena\/wp-json\/wp\/v2\/posts\/13249\/revisions"}],"wp:featuredmedia":[{"embeddable":true,"href":"https:\/\/blogs.gazetaesportiva.com\/albertohelena\/wp-json\/wp\/v2\/media\/13251"}],"wp:attachment":[{"href":"https:\/\/blogs.gazetaesportiva.com\/albertohelena\/wp-json\/wp\/v2\/media?parent=13249"}],"wp:term":[{"taxonomy":"category","embeddable":true,"href":"https:\/\/blogs.gazetaesportiva.com\/albertohelena\/wp-json\/wp\/v2\/categories?post=13249"},{"taxonomy":"post_tag","embeddable":true,"href":"https:\/\/blogs.gazetaesportiva.com\/albertohelena\/wp-json\/wp\/v2\/tags?post=13249"}],"curies":[{"name":"wp","href":"https:\/\/api.w.org\/{rel}","templated":true}]}}