{"id":13238,"date":"2022-06-11T18:58:06","date_gmt":"2022-06-11T21:58:06","guid":{"rendered":"https:\/\/blogs.gazetaesportiva.com\/albertohelena\/?p=13238"},"modified":"2022-06-11T19:59:04","modified_gmt":"2022-06-11T22:59:04","slug":"ufa-a-centelha-do-obvio-da-jogo-ao-timao","status":"publish","type":"post","link":"https:\/\/blogs.gazetaesportiva.com\/albertohelena\/2022\/06\/11\/ufa-a-centelha-do-obvio-da-jogo-ao-timao\/","title":{"rendered":"Ufa! A centelha do \u00f3bvio d\u00e1 jogo ao Tim\u00e3o"},"content":{"rendered":"<figure id=\"attachment_13240\" aria-describedby=\"caption-attachment-13240\" style=\"width: 903px\" class=\"wp-caption aligncenter\"><a href=\"https:\/\/blogs.gazetaesportiva.com\/albertohelena\/files\/2022\/06\/renatoaugusto.jpg\"><img loading=\"lazy\" decoding=\"async\" data-attachment-id=\"13240\" data-permalink=\"https:\/\/blogs.gazetaesportiva.com\/albertohelena\/2022\/06\/11\/ufa-a-centelha-do-obvio-da-jogo-ao-timao\/renatoaugusto\/\" data-orig-file=\"https:\/\/blogs.gazetaesportiva.com\/albertohelena\/files\/2022\/06\/renatoaugusto.jpg\" data-orig-size=\"903,607\" data-comments-opened=\"1\" data-image-meta=\"{&quot;aperture&quot;:&quot;0&quot;,&quot;credit&quot;:&quot;&quot;,&quot;camera&quot;:&quot;&quot;,&quot;caption&quot;:&quot;&quot;,&quot;created_timestamp&quot;:&quot;0&quot;,&quot;copyright&quot;:&quot;&quot;,&quot;focal_length&quot;:&quot;0&quot;,&quot;iso&quot;:&quot;0&quot;,&quot;shutter_speed&quot;:&quot;0&quot;,&quot;title&quot;:&quot;&quot;,&quot;orientation&quot;:&quot;0&quot;}\" data-image-title=\"renatoaugusto\" data-image-description=\"\" data-image-caption=\"\" data-medium-file=\"https:\/\/blogs.gazetaesportiva.com\/albertohelena\/files\/2022\/06\/renatoaugusto-300x202.jpg\" data-large-file=\"https:\/\/blogs.gazetaesportiva.com\/albertohelena\/files\/2022\/06\/renatoaugusto.jpg\" class=\"wp-image-13240 size-full\" src=\"https:\/\/blogs.gazetaesportiva.com\/albertohelena\/files\/2022\/06\/renatoaugusto.jpg\" alt=\"\" width=\"903\" height=\"607\" srcset=\"https:\/\/blogs.gazetaesportiva.com\/albertohelena\/files\/2022\/06\/renatoaugusto.jpg 903w, https:\/\/blogs.gazetaesportiva.com\/albertohelena\/files\/2022\/06\/renatoaugusto-300x202.jpg 300w, https:\/\/blogs.gazetaesportiva.com\/albertohelena\/files\/2022\/06\/renatoaugusto-768x516.jpg 768w, https:\/\/blogs.gazetaesportiva.com\/albertohelena\/files\/2022\/06\/renatoaugusto-120x80.jpg 120w\" sizes=\"auto, (max-width: 903px) 100vw, 903px\" \/><\/a><figcaption id=\"caption-attachment-13240\" class=\"wp-caption-text\">Foto: Fernando Alves<\/figcaption><\/figure>\n<p>At\u00e9 que enfim uma centelha do \u00f3bvio iluminou a testa do t\u00e9cnico V\u00edtor Pereira!<\/p>\n<p>Sim, porque, pela primeira vez neste campeonato, o lusitano resolveu escalar seu time da maneira mais racional poss\u00edvel com o elenco de que disp\u00f5e: dois zagueiros, dois laterais, um volante, DOIS MEIAS e tr\u00eas atacantes.<\/p>\n<p>Resultado: o Tim\u00e3o, que vinha se mantendo no topo da tabela mais por conta de S\u00e3o Jorge do que pelo p\u00e9ssimo futebol apresentado, jogou bola, meu. E, logo aos 2 minutos, abria a contagem, numa troca de bola vertiginosa que culminou com Adson, na cara do gol. Troca de passes s\u00f3 vi\u00e1vel pela presen\u00e7a dos meias Renato Augusto e Giuliano, que jamais come\u00e7aram juntos um m\u00edsero jogo sob o comando do murruga.<\/p>\n<p>E assim foi ao longo de todo o primeiro tempo, com o Corinthians dominando o Juventude em Itaquera e deliciando a Fiel com um jogo envolvente, inteligente, capaz de criar v\u00e1rias chances para ampliar o placar, o que n\u00e3o ocorreu por conta das finaliza\u00e7\u00f5es infelizes de seus atacantes, que chegavam com facilidade na cara do gol advers\u00e1rio.<\/p>\n<p>E vejam s\u00f3 o amigo, a amiga: nem foi preciso ter uma semana de treinamentos pra ajustar esse time. A simples capacidade individual de jogadores como Renato Augusto, Giuliano, William e Roger Guedes, com participa\u00e7\u00e3o superior de Adson, bastou pra conferir harmonia ao conjunto alvinegro.<\/p>\n<p>J\u00e1 a partir dos 20 minutos do segundo tempo, come\u00e7aram as substitui\u00e7\u00f5es, reprimindo o \u00edmpeto corintiano, que, no entanto, teve ainda \u00e2nimo para chegar ao placar final de 2 a 0 com Mantuan aproveitando investida certeira de Du Queiroz, um volante de alta qualidade t\u00e9cnica.<\/p>\n<p>Se V\u00edtor Pereira mantiver esse time, com o mesmo esquema, sem d\u00favida brigar\u00e1 pelo t\u00edtulo, pois a tend\u00eancia, com o passar dos jogos, \u00e9 a de aumentar\u00e1 a capacidade do trabalho em conjunto da equipe.<\/p>\n","protected":false},"excerpt":{"rendered":"<p>At\u00e9 que enfim uma centelha do \u00f3bvio iluminou a testa do t\u00e9cnico V\u00edtor Pereira! Sim, porque, pela primeira vez neste campeonato, o lusitano resolveu escalar <a class=\"read-more\" href=\"https:\/\/blogs.gazetaesportiva.com\/albertohelena\/2022\/06\/11\/ufa-a-centelha-do-obvio-da-jogo-ao-timao\/\">leia mais<\/a><\/p>\n","protected":false},"author":46,"featured_media":13240,"comment_status":"open","ping_status":"open","sticky":false,"template":"","format":"standard","meta":{"_jetpack_newsletter_access":"","_jetpack_dont_email_post_to_subs":false,"_jetpack_newsletter_tier_id":0,"_jetpack_memberships_contains_paywalled_content":false,"_jetpack_memberships_contains_paid_content":false,"footnotes":""},"categories":[1],"tags":[],"class_list":["post-13238","post","type-post","status-publish","format-standard","has-post-thumbnail","hentry","category-sem-categoria"],"jetpack_featured_media_url":"https:\/\/blogs.gazetaesportiva.com\/albertohelena\/files\/2022\/06\/renatoaugusto.jpg","jetpack_sharing_enabled":true,"jetpack_shortlink":"https:\/\/wp.me\/pekB7q-3rw","_links":{"self":[{"href":"https:\/\/blogs.gazetaesportiva.com\/albertohelena\/wp-json\/wp\/v2\/posts\/13238","targetHints":{"allow":["GET"]}}],"collection":[{"href":"https:\/\/blogs.gazetaesportiva.com\/albertohelena\/wp-json\/wp\/v2\/posts"}],"about":[{"href":"https:\/\/blogs.gazetaesportiva.com\/albertohelena\/wp-json\/wp\/v2\/types\/post"}],"author":[{"embeddable":true,"href":"https:\/\/blogs.gazetaesportiva.com\/albertohelena\/wp-json\/wp\/v2\/users\/46"}],"replies":[{"embeddable":true,"href":"https:\/\/blogs.gazetaesportiva.com\/albertohelena\/wp-json\/wp\/v2\/comments?post=13238"}],"version-history":[{"count":0,"href":"https:\/\/blogs.gazetaesportiva.com\/albertohelena\/wp-json\/wp\/v2\/posts\/13238\/revisions"}],"wp:featuredmedia":[{"embeddable":true,"href":"https:\/\/blogs.gazetaesportiva.com\/albertohelena\/wp-json\/wp\/v2\/media\/13240"}],"wp:attachment":[{"href":"https:\/\/blogs.gazetaesportiva.com\/albertohelena\/wp-json\/wp\/v2\/media?parent=13238"}],"wp:term":[{"taxonomy":"category","embeddable":true,"href":"https:\/\/blogs.gazetaesportiva.com\/albertohelena\/wp-json\/wp\/v2\/categories?post=13238"},{"taxonomy":"post_tag","embeddable":true,"href":"https:\/\/blogs.gazetaesportiva.com\/albertohelena\/wp-json\/wp\/v2\/tags?post=13238"}],"curies":[{"name":"wp","href":"https:\/\/api.w.org\/{rel}","templated":true}]}}