{"id":13236,"date":"2022-06-09T22:30:47","date_gmt":"2022-06-10T01:30:47","guid":{"rendered":"https:\/\/blogs.gazetaesportiva.com\/albertohelena\/?p=13236"},"modified":"2022-06-09T22:36:09","modified_gmt":"2022-06-10T01:36:09","slug":"verdao-no-seu-devido-lugar-e-o-tricolor-o-mesmo-do-mesmo","status":"publish","type":"post","link":"https:\/\/blogs.gazetaesportiva.com\/albertohelena\/2022\/06\/09\/verdao-no-seu-devido-lugar-e-o-tricolor-o-mesmo-do-mesmo\/","title":{"rendered":"Verd\u00e3o no seu devido lugar. E o Tricolor? O mesmo do mesmo"},"content":{"rendered":"<figure id=\"attachment_13237\" aria-describedby=\"caption-attachment-13237\" style=\"width: 1500px\" class=\"wp-caption aligncenter\"><a href=\"https:\/\/blogs.gazetaesportiva.com\/albertohelena\/files\/2022\/06\/52135433005_8b8ce89c0d_h.jpg\"><img loading=\"lazy\" decoding=\"async\" data-attachment-id=\"13237\" data-permalink=\"https:\/\/blogs.gazetaesportiva.com\/albertohelena\/2022\/06\/09\/verdao-no-seu-devido-lugar-e-o-tricolor-o-mesmo-do-mesmo\/52135433005_8b8ce89c0d_h\/\" data-orig-file=\"https:\/\/blogs.gazetaesportiva.com\/albertohelena\/files\/2022\/06\/52135433005_8b8ce89c0d_h.jpg\" data-orig-size=\"1500,844\" data-comments-opened=\"1\" data-image-meta=\"{&quot;aperture&quot;:&quot;0&quot;,&quot;credit&quot;:&quot;Cesar Greco&quot;,&quot;camera&quot;:&quot;&quot;,&quot;caption&quot;:&quot;&quot;,&quot;created_timestamp&quot;:&quot;0&quot;,&quot;copyright&quot;:&quot;CESAR GRECO&quot;,&quot;focal_length&quot;:&quot;0&quot;,&quot;iso&quot;:&quot;0&quot;,&quot;shutter_speed&quot;:&quot;0&quot;,&quot;title&quot;:&quot;&quot;,&quot;orientation&quot;:&quot;0&quot;}\" data-image-title=\"52135433005_8b8ce89c0d_h\" data-image-description=\"\" data-image-caption=\"&lt;p&gt;Rony marcou dois na vit\u00f3ria do Palmeiras (Foto: Divulga\u00e7\u00e3o\/Cesar Greco)&lt;\/p&gt;\n\" data-medium-file=\"https:\/\/blogs.gazetaesportiva.com\/albertohelena\/files\/2022\/06\/52135433005_8b8ce89c0d_h-300x169.jpg\" data-large-file=\"https:\/\/blogs.gazetaesportiva.com\/albertohelena\/files\/2022\/06\/52135433005_8b8ce89c0d_h-1024x576.jpg\" class=\"size-full wp-image-13237\" src=\"https:\/\/blogs.gazetaesportiva.com\/albertohelena\/files\/2022\/06\/52135433005_8b8ce89c0d_h.jpg\" alt=\"\" width=\"1500\" height=\"844\" srcset=\"https:\/\/blogs.gazetaesportiva.com\/albertohelena\/files\/2022\/06\/52135433005_8b8ce89c0d_h.jpg 1500w, https:\/\/blogs.gazetaesportiva.com\/albertohelena\/files\/2022\/06\/52135433005_8b8ce89c0d_h-300x169.jpg 300w, https:\/\/blogs.gazetaesportiva.com\/albertohelena\/files\/2022\/06\/52135433005_8b8ce89c0d_h-768x432.jpg 768w, https:\/\/blogs.gazetaesportiva.com\/albertohelena\/files\/2022\/06\/52135433005_8b8ce89c0d_h-1024x576.jpg 1024w\" sizes=\"auto, (max-width: 1500px) 100vw, 1500px\" \/><\/a><figcaption id=\"caption-attachment-13237\" class=\"wp-caption-text\">Rony marcou dois na vit\u00f3ria do Palmeiras (Foto: Divulga\u00e7\u00e3o\/Cesar Greco)<\/figcaption><\/figure>\n<p>Finalmente o Verd\u00e3o saltou para a lideran\u00e7a isolada, lugar que lhe era devido, diga-se, num movimento elegante e eficiente, ao golear o Botafogo no Parque por 4 a 0.<\/p>\n<p>Pouco, pois basta dizer que, aos 32 minutos de bola rolando, o Palmeiras j\u00e1 vencia por 3 a 0 e perdera dois gols feitos com Dudu &#8211; um, no poste; outro, defendida pelo goleiro \u00e0 queima-roupa.<\/p>\n<p>Os gols verdes\u00a0 foram surgindo assim, naturalmente, frutos de um jogo ofensivo e envolvente dos donos da casa: logo aos 11 minutos, Marcos Rocha enfia para Scarpa que rola para Rony completar; aos 17, foi a vez de Scarpa, o senhor da partida, que, aos 32 coloca a bola na cabe\u00e7a de Rony, em cobran\u00e7a de corner &#8211; 3 a 0.<\/p>\n<p>No segundo tempo, o Verd\u00e3o maneirou, mas n\u00e3o tanto que o impedisse de fechar o placar com chave de ouro, num gola\u00e7o de Wesley: quatro pedaladas e bola no \u00e2ngulo.<\/p>\n<p>Nada mis merecedor para o time que vem praticando o melhor jogo neste campeonato em que o Galo acaba de vacilar diante do Flu de Diniz, no jogo mais divertido do ano, que terminou com oito gols, cinco do Flu.<\/p>\n<p>J\u00e1 o Tricolor daqui repetiu o roteiro habitual<\/p>\n<p>Foi a Curitiba e cumpriu um primeiro tempo exemplar, j\u00e1 abrindo a contagem aos 5 minutos, com Calleri, claro, aproveitando cruzamento de Reinaldo,<\/p>\n<p>O mesmo Calleri que poderia ter ampliado o placar, em seguida. Mas, o S\u00e3o Paulo esbarrou na imprecis\u00e3o final ou em pequenos detalhes nas jogadas decisivas.<\/p>\n<p>Deu-se, ent\u00e3o, o corriqueiro, no segundo tempo: o Coxa partiu pra cima e logo aos 13 minutos empatou com Alef Manga e o S\u00e3o Paulo n\u00e3o soube como desfazer o embara\u00e7o, embora n\u00e3o chegasse a ser t\u00e3o desastroso como das vezes anteriores.<\/p>\n<p>E assim o Brasleir\u00e3o vai tomando a forma mais convencional, dentro das circunst\u00e2ncias de um futebol carente de imagina\u00e7\u00e3o e ousadia, com esta ou aquela exce\u00e7\u00e3o.<\/p>\n","protected":false},"excerpt":{"rendered":"<p>Finalmente o Verd\u00e3o saltou para a lideran\u00e7a isolada, lugar que lhe era devido, diga-se, num movimento elegante e eficiente, ao golear o Botafogo no Parque <a class=\"read-more\" href=\"https:\/\/blogs.gazetaesportiva.com\/albertohelena\/2022\/06\/09\/verdao-no-seu-devido-lugar-e-o-tricolor-o-mesmo-do-mesmo\/\">leia mais<\/a><\/p>\n","protected":false},"author":46,"featured_media":13237,"comment_status":"open","ping_status":"open","sticky":false,"template":"","format":"standard","meta":{"_jetpack_newsletter_access":"","_jetpack_dont_email_post_to_subs":false,"_jetpack_newsletter_tier_id":0,"_jetpack_memberships_contains_paywalled_content":false,"_jetpack_memberships_contains_paid_content":false,"footnotes":""},"categories":[1],"tags":[],"class_list":["post-13236","post","type-post","status-publish","format-standard","has-post-thumbnail","hentry","category-sem-categoria"],"jetpack_featured_media_url":"https:\/\/blogs.gazetaesportiva.com\/albertohelena\/files\/2022\/06\/52135433005_8b8ce89c0d_h.jpg","jetpack_sharing_enabled":true,"jetpack_shortlink":"https:\/\/wp.me\/pekB7q-3ru","_links":{"self":[{"href":"https:\/\/blogs.gazetaesportiva.com\/albertohelena\/wp-json\/wp\/v2\/posts\/13236","targetHints":{"allow":["GET"]}}],"collection":[{"href":"https:\/\/blogs.gazetaesportiva.com\/albertohelena\/wp-json\/wp\/v2\/posts"}],"about":[{"href":"https:\/\/blogs.gazetaesportiva.com\/albertohelena\/wp-json\/wp\/v2\/types\/post"}],"author":[{"embeddable":true,"href":"https:\/\/blogs.gazetaesportiva.com\/albertohelena\/wp-json\/wp\/v2\/users\/46"}],"replies":[{"embeddable":true,"href":"https:\/\/blogs.gazetaesportiva.com\/albertohelena\/wp-json\/wp\/v2\/comments?post=13236"}],"version-history":[{"count":0,"href":"https:\/\/blogs.gazetaesportiva.com\/albertohelena\/wp-json\/wp\/v2\/posts\/13236\/revisions"}],"wp:featuredmedia":[{"embeddable":true,"href":"https:\/\/blogs.gazetaesportiva.com\/albertohelena\/wp-json\/wp\/v2\/media\/13237"}],"wp:attachment":[{"href":"https:\/\/blogs.gazetaesportiva.com\/albertohelena\/wp-json\/wp\/v2\/media?parent=13236"}],"wp:term":[{"taxonomy":"category","embeddable":true,"href":"https:\/\/blogs.gazetaesportiva.com\/albertohelena\/wp-json\/wp\/v2\/categories?post=13236"},{"taxonomy":"post_tag","embeddable":true,"href":"https:\/\/blogs.gazetaesportiva.com\/albertohelena\/wp-json\/wp\/v2\/tags?post=13236"}],"curies":[{"name":"wp","href":"https:\/\/api.w.org\/{rel}","templated":true}]}}