{"id":13229,"date":"2022-06-05T19:10:38","date_gmt":"2022-06-05T22:10:38","guid":{"rendered":"https:\/\/blogs.gazetaesportiva.com\/albertohelena\/?p=13229"},"modified":"2022-06-05T19:22:34","modified_gmt":"2022-06-05T22:22:34","slug":"o-negocio-ta-brabo-meu","status":"publish","type":"post","link":"https:\/\/blogs.gazetaesportiva.com\/albertohelena\/2022\/06\/05\/o-negocio-ta-brabo-meu\/","title":{"rendered":"O neg\u00f3cio t\u00e1 brabo, meu!"},"content":{"rendered":"<figure id=\"attachment_13231\" aria-describedby=\"caption-attachment-13231\" style=\"width: 1500px\" class=\"wp-caption aligncenter\"><a href=\"https:\/\/blogs.gazetaesportiva.com\/albertohelena\/files\/2022\/06\/52124713586_6b2bfab960_h.jpg\"><img loading=\"lazy\" decoding=\"async\" data-attachment-id=\"13231\" data-permalink=\"https:\/\/blogs.gazetaesportiva.com\/albertohelena\/2022\/06\/05\/o-negocio-ta-brabo-meu\/52124713586_6b2bfab960_h\/\" data-orig-file=\"https:\/\/blogs.gazetaesportiva.com\/albertohelena\/files\/2022\/06\/52124713586_6b2bfab960_h.jpg\" data-orig-size=\"1500,844\" data-comments-opened=\"1\" data-image-meta=\"{&quot;aperture&quot;:&quot;0&quot;,&quot;credit&quot;:&quot;Cesar Greco&quot;,&quot;camera&quot;:&quot;&quot;,&quot;caption&quot;:&quot;&quot;,&quot;created_timestamp&quot;:&quot;0&quot;,&quot;copyright&quot;:&quot;CESAR GRECO&quot;,&quot;focal_length&quot;:&quot;0&quot;,&quot;iso&quot;:&quot;0&quot;,&quot;shutter_speed&quot;:&quot;0&quot;,&quot;title&quot;:&quot;&quot;,&quot;orientation&quot;:&quot;0&quot;}\" data-image-title=\"52124713586_6b2bfab960_h\" data-image-description=\"\" data-image-caption=\"&lt;p&gt;Palmeiras e Atl\u00e9tico-MG fizeram jogo chato no Allianz (Foto: Divulga\u00e7\u00e3o\/Cesar Greco)&lt;\/p&gt;\n\" data-medium-file=\"https:\/\/blogs.gazetaesportiva.com\/albertohelena\/files\/2022\/06\/52124713586_6b2bfab960_h-300x169.jpg\" data-large-file=\"https:\/\/blogs.gazetaesportiva.com\/albertohelena\/files\/2022\/06\/52124713586_6b2bfab960_h-1024x576.jpg\" class=\"size-full wp-image-13231\" src=\"https:\/\/blogs.gazetaesportiva.com\/albertohelena\/files\/2022\/06\/52124713586_6b2bfab960_h.jpg\" alt=\"\" width=\"1500\" height=\"844\" srcset=\"https:\/\/blogs.gazetaesportiva.com\/albertohelena\/files\/2022\/06\/52124713586_6b2bfab960_h.jpg 1500w, https:\/\/blogs.gazetaesportiva.com\/albertohelena\/files\/2022\/06\/52124713586_6b2bfab960_h-300x169.jpg 300w, https:\/\/blogs.gazetaesportiva.com\/albertohelena\/files\/2022\/06\/52124713586_6b2bfab960_h-768x432.jpg 768w, https:\/\/blogs.gazetaesportiva.com\/albertohelena\/files\/2022\/06\/52124713586_6b2bfab960_h-1024x576.jpg 1024w\" sizes=\"auto, (max-width: 1500px) 100vw, 1500px\" \/><\/a><figcaption id=\"caption-attachment-13231\" class=\"wp-caption-text\">Palmeiras e Atl\u00e9tico-MG fizeram jogo chato no Allianz (Foto: Divulga\u00e7\u00e3o\/Cesar Greco)<\/figcaption><\/figure>\n<p>Convenhamos, o fim de semana n\u00e3o poderia ser mais decepcionante com a bola rolando por esse\u00a0 mund\u00e3o afora.<\/p>\n<p>Ali\u00e1s, j\u00e1 come\u00e7ou na sexta-feira com a toda poderosa Fran\u00e7a, campe\u00e3 do mundo e a mais badalada favorita para o Qatar, perdendo, de virada, para a Dinamarca, em pleno Stade de France. Sem falar na goleada que a B\u00e9lgica, outra bem cotada, sofrera na v\u00e9spera da Holanda.<\/p>\n<p>No s\u00e1bado, foi a vez de a Inglaterra decepcionar, com um futebol p\u00edfio, na derrota para a Hungria que nem na Copa est\u00e1. E agregue-se a isso o empate por 1 a 1 da Alemanha com uma It\u00e1lia renovada depois do \u00faltimo vexame.<\/p>\n<p>No domingo, a Espanha, outra dada como favorita, n\u00e3o foi al\u00e9m de um empate por 2 a 2 com a Rep\u00fablica Tcheca, o que encerra o ciclo de decep\u00e7\u00f5es, quebrado apenas pela goleada de 4 a 0 de Portugal contra a Sui\u00e7a, isso, sim, um placar digno, ainda mais para quem tem de passar por repescagem, apesar de elenco t\u00e3o qualificado.<\/p>\n<p>E olhe que esses jogos todos s\u00e3o pra valer, com ta\u00e7a no pedestal e os cambaus.<\/p>\n<p>O que nada valia, a n\u00e3o ser um exerc\u00edcio a mais com vistas a Qatar, foi o ponto de maior destaque deste fim de semana: os cinco gols de Messi sobre a fr\u00e1gil Est\u00f4nia, o que parece ser o canto do cisne do maior do mundo que andava em baixa no PG e voltou \u00e0 tona com a camisa da Argentina.<\/p>\n<p>J\u00e1 por aqui, ent\u00e3o, nem se fale. Basta ver a tabela do Brasileir\u00e3o, liderada pelo Corinthians, que, no s\u00e1bado, num desempenho desastrado venceu o Atl\u00e9tico Goianiense, l\u00e1, por 1 a 0, gol de Mantuan.<\/p>\n<p>(Pouco antes, foi a vez de o S\u00e3o Paulo desconjuntar-se com seus tr\u00eas zagueiros e outros babados diante do Ava\u00ed, em jogo que at\u00e9 Calleri deu bola fora &#8211; um p\u00eanalti nas nuvens que daria ao seu time a vantagem de 2 a 0 e que acabou permitindo o empate por 1 a 1).<\/p>\n<p>A vit\u00f3ria deu ao Tim\u00e3o a lideran\u00e7a de volta, apesar da mix\u00f3rdia promovida por seu t\u00e9cnico V\u00edtor Pereira, mesmo porque Palmeiras e Galo decidiram que esse cl\u00e1ssico nacional, disputado no Parque, n\u00e3o se destinava a arrebatar a coroa tempor\u00e1ria do Corinthians e sim n\u00e3o perder.<\/p>\n<p>Jogo chato \u00e0 be\u00e7a, cheio de faltas e carente de a\u00e7\u00f5es ofensivas realmente emocionantes, que se resumiram a um gol perdido por Navarro, no final do primeiro tempo, e outro, por Ademir, j\u00e1 no segundo.<\/p>\n<p>O neg\u00f3cio t\u00e1 brabo, meu!<\/p>\n<p>&nbsp;<\/p>\n","protected":false},"excerpt":{"rendered":"<p>Convenhamos, o fim de semana n\u00e3o poderia ser mais decepcionante com a bola rolando por esse\u00a0 mund\u00e3o afora. Ali\u00e1s, j\u00e1 come\u00e7ou na sexta-feira com a <a class=\"read-more\" href=\"https:\/\/blogs.gazetaesportiva.com\/albertohelena\/2022\/06\/05\/o-negocio-ta-brabo-meu\/\">leia mais<\/a><\/p>\n","protected":false},"author":46,"featured_media":13231,"comment_status":"open","ping_status":"open","sticky":false,"template":"","format":"standard","meta":{"_jetpack_newsletter_access":"","_jetpack_dont_email_post_to_subs":false,"_jetpack_newsletter_tier_id":0,"_jetpack_memberships_contains_paywalled_content":false,"_jetpack_memberships_contains_paid_content":false,"footnotes":""},"categories":[1],"tags":[],"class_list":["post-13229","post","type-post","status-publish","format-standard","has-post-thumbnail","hentry","category-sem-categoria"],"jetpack_featured_media_url":"https:\/\/blogs.gazetaesportiva.com\/albertohelena\/files\/2022\/06\/52124713586_6b2bfab960_h.jpg","jetpack_sharing_enabled":true,"jetpack_shortlink":"https:\/\/wp.me\/pekB7q-3rn","_links":{"self":[{"href":"https:\/\/blogs.gazetaesportiva.com\/albertohelena\/wp-json\/wp\/v2\/posts\/13229","targetHints":{"allow":["GET"]}}],"collection":[{"href":"https:\/\/blogs.gazetaesportiva.com\/albertohelena\/wp-json\/wp\/v2\/posts"}],"about":[{"href":"https:\/\/blogs.gazetaesportiva.com\/albertohelena\/wp-json\/wp\/v2\/types\/post"}],"author":[{"embeddable":true,"href":"https:\/\/blogs.gazetaesportiva.com\/albertohelena\/wp-json\/wp\/v2\/users\/46"}],"replies":[{"embeddable":true,"href":"https:\/\/blogs.gazetaesportiva.com\/albertohelena\/wp-json\/wp\/v2\/comments?post=13229"}],"version-history":[{"count":0,"href":"https:\/\/blogs.gazetaesportiva.com\/albertohelena\/wp-json\/wp\/v2\/posts\/13229\/revisions"}],"wp:featuredmedia":[{"embeddable":true,"href":"https:\/\/blogs.gazetaesportiva.com\/albertohelena\/wp-json\/wp\/v2\/media\/13231"}],"wp:attachment":[{"href":"https:\/\/blogs.gazetaesportiva.com\/albertohelena\/wp-json\/wp\/v2\/media?parent=13229"}],"wp:term":[{"taxonomy":"category","embeddable":true,"href":"https:\/\/blogs.gazetaesportiva.com\/albertohelena\/wp-json\/wp\/v2\/categories?post=13229"},{"taxonomy":"post_tag","embeddable":true,"href":"https:\/\/blogs.gazetaesportiva.com\/albertohelena\/wp-json\/wp\/v2\/tags?post=13229"}],"curies":[{"name":"wp","href":"https:\/\/api.w.org\/{rel}","templated":true}]}}