{"id":13227,"date":"2022-06-02T11:18:34","date_gmt":"2022-06-02T14:18:34","guid":{"rendered":"https:\/\/blogs.gazetaesportiva.com\/albertohelena\/?p=13227"},"modified":"2022-06-02T11:56:11","modified_gmt":"2022-06-02T14:56:11","slug":"oi-nos-e-eles-la","status":"publish","type":"post","link":"https:\/\/blogs.gazetaesportiva.com\/albertohelena\/2022\/06\/02\/oi-nos-e-eles-la\/","title":{"rendered":"\u00d3i n\u00f3s e eles l\u00e1"},"content":{"rendered":"<figure id=\"attachment_13228\" aria-describedby=\"caption-attachment-13228\" style=\"width: 1024px\" class=\"wp-caption aligncenter\"><a href=\"https:\/\/blogs.gazetaesportiva.com\/albertohelena\/files\/2022\/06\/000_32BR37G.jpg\"><img loading=\"lazy\" decoding=\"async\" data-attachment-id=\"13228\" data-permalink=\"https:\/\/blogs.gazetaesportiva.com\/albertohelena\/2022\/06\/02\/oi-nos-e-eles-la\/fbl-kor-bra\/\" data-orig-file=\"https:\/\/blogs.gazetaesportiva.com\/albertohelena\/files\/2022\/06\/000_32BR37G.jpg\" data-orig-size=\"1024,682\" data-comments-opened=\"1\" data-image-meta=\"{&quot;aperture&quot;:&quot;0&quot;,&quot;credit&quot;:&quot;AFP&quot;,&quot;camera&quot;:&quot;&quot;,&quot;caption&quot;:&quot;Brazil&#039;s forward Neymar (C) celebrates with teammates after he scored a penalty goal during the international football friendly match between South Korea and Brazil at Seoul World Cup Stadium in Seoul on June 2, 2022. (Photo by ANTHONY WALLACE \\\/ AFP)&quot;,&quot;created_timestamp&quot;:&quot;1654172328&quot;,&quot;copyright&quot;:&quot;AFP or licensors&quot;,&quot;focal_length&quot;:&quot;0&quot;,&quot;iso&quot;:&quot;0&quot;,&quot;shutter_speed&quot;:&quot;0&quot;,&quot;title&quot;:&quot;FBL-KOR-BRA&quot;,&quot;orientation&quot;:&quot;0&quot;}\" data-image-title=\"FBL-KOR-BRA\" data-image-description=\"\" data-image-caption=\"&lt;p&gt;Foto: ANTHONY WALLACE \/ AFP&lt;\/p&gt;\n\" data-medium-file=\"https:\/\/blogs.gazetaesportiva.com\/albertohelena\/files\/2022\/06\/000_32BR37G-300x200.jpg\" data-large-file=\"https:\/\/blogs.gazetaesportiva.com\/albertohelena\/files\/2022\/06\/000_32BR37G-1024x682.jpg\" class=\"size-full wp-image-13228\" src=\"https:\/\/blogs.gazetaesportiva.com\/albertohelena\/files\/2022\/06\/000_32BR37G.jpg\" alt=\"\" width=\"1024\" height=\"682\" srcset=\"https:\/\/blogs.gazetaesportiva.com\/albertohelena\/files\/2022\/06\/000_32BR37G.jpg 1024w, https:\/\/blogs.gazetaesportiva.com\/albertohelena\/files\/2022\/06\/000_32BR37G-300x200.jpg 300w, https:\/\/blogs.gazetaesportiva.com\/albertohelena\/files\/2022\/06\/000_32BR37G-768x512.jpg 768w, https:\/\/blogs.gazetaesportiva.com\/albertohelena\/files\/2022\/06\/000_32BR37G-120x80.jpg 120w\" sizes=\"auto, (max-width: 1024px) 100vw, 1024px\" \/><\/a><figcaption id=\"caption-attachment-13228\" class=\"wp-caption-text\">Foto: ANTHONY WALLACE \/ AFP<\/figcaption><\/figure>\n<p>Pela primeira vez nas \u00faltimas temporadas, a um passo da Copa. duas sele\u00e7\u00f5es sul-americanas d\u00e3o sinais claros de que devem chegar ao Qatar em condi\u00e7\u00f5es de disputar o t\u00edtulo mundial.<\/p>\n<p>Claro, t\u00f4 falando de Brasil e Argentina, que deram mostras disso neste meio de semana.<\/p>\n<p>Na quarta, a Argentina simplesmente deslumbrou ao levantar a Copa Final\u00edssima, em pleno Wembley, ao bater a It\u00e1lia por 3 a 0, numa rara exibi\u00e7\u00e3o de gala de Messi nos \u00faltimos tempos. Sim \u00e9 certo que a It\u00e1lia nem de longe era aquele time surpreendente da conquista da Copa das Na\u00e7\u00f5es, o que justificou sua presen\u00e7a em Wembley, e isso se explica, entre outras raz\u00f5es, pela sua aus\u00eancia no Mundial deste ano. Mas, sempre \u00e9 a Azzurra, meu!<\/p>\n<p>Mas, a Argentina, com uma forma\u00e7\u00e3o mais fluente e ofensiva, sob o comando de Messi, acenou para momentos expectantes em Qatar.<\/p>\n<p>Assim como o Brasil, que acaba de meter 5 a 1 na Cor\u00e9ia do Sul, na casa dos inimigos (mais amigos do que inimigos, diga-se).<\/p>\n<p>Depois de uma vitoriosa mas desempenho decepcionante a maior parte das Eliminat\u00f3rias, a Sele\u00e7\u00e3o ganhou vi\u00e7o no final daquela disputa, depois das chegadas de Raphinha, Vini Jr., Antony etc. Ganhou molejo, fluidez nas transi\u00e7\u00f5es ao ataque, deixando de ser aquele time que s\u00f3 sabia trocar passes na defesa, caminhando lentamente para o ataque e que dependia exclusivamente de Neymar para arriscar uma jogada inesperada e inventiva.<\/p>\n<p>Ainda passa tempo demais aqu\u00e9m da linha central do campo, mas j\u00e1 cria v\u00e1rias chances de gol, convertendo boa parte delas, como os cinco impingidos \u00e0 Cor\u00e9ia nesta quinta-feira: dois de p\u00eanaltis cobrados por Neymar, um de Richarlison desviando chute de Fred, e os outros dois de Coutinho e Gabriel Jesus.<\/p>\n<p>Mas, de qualquer forma, nosso time revela avan\u00e7os suficientes que permitem encarar sua participa\u00e7\u00e3o na Copa com um grau contido de otimismo, mesmo porque os europeus n\u00e3o andam l\u00e1 essas coisas em termos de sele\u00e7\u00f5es.<\/p>\n","protected":false},"excerpt":{"rendered":"<p>Pela primeira vez nas \u00faltimas temporadas, a um passo da Copa. duas sele\u00e7\u00f5es sul-americanas d\u00e3o sinais claros de que devem chegar ao Qatar em condi\u00e7\u00f5es <a class=\"read-more\" href=\"https:\/\/blogs.gazetaesportiva.com\/albertohelena\/2022\/06\/02\/oi-nos-e-eles-la\/\">leia mais<\/a><\/p>\n","protected":false},"author":46,"featured_media":13228,"comment_status":"open","ping_status":"open","sticky":false,"template":"","format":"standard","meta":{"_jetpack_newsletter_access":"","_jetpack_dont_email_post_to_subs":false,"_jetpack_newsletter_tier_id":0,"_jetpack_memberships_contains_paywalled_content":false,"_jetpack_memberships_contains_paid_content":false,"footnotes":""},"categories":[8,1],"tags":[],"class_list":["post-13227","post","type-post","status-publish","format-standard","has-post-thumbnail","hentry","category-brasil","category-sem-categoria"],"jetpack_featured_media_url":"https:\/\/blogs.gazetaesportiva.com\/albertohelena\/files\/2022\/06\/000_32BR37G.jpg","jetpack_sharing_enabled":true,"jetpack_shortlink":"https:\/\/wp.me\/pekB7q-3rl","_links":{"self":[{"href":"https:\/\/blogs.gazetaesportiva.com\/albertohelena\/wp-json\/wp\/v2\/posts\/13227","targetHints":{"allow":["GET"]}}],"collection":[{"href":"https:\/\/blogs.gazetaesportiva.com\/albertohelena\/wp-json\/wp\/v2\/posts"}],"about":[{"href":"https:\/\/blogs.gazetaesportiva.com\/albertohelena\/wp-json\/wp\/v2\/types\/post"}],"author":[{"embeddable":true,"href":"https:\/\/blogs.gazetaesportiva.com\/albertohelena\/wp-json\/wp\/v2\/users\/46"}],"replies":[{"embeddable":true,"href":"https:\/\/blogs.gazetaesportiva.com\/albertohelena\/wp-json\/wp\/v2\/comments?post=13227"}],"version-history":[{"count":0,"href":"https:\/\/blogs.gazetaesportiva.com\/albertohelena\/wp-json\/wp\/v2\/posts\/13227\/revisions"}],"wp:featuredmedia":[{"embeddable":true,"href":"https:\/\/blogs.gazetaesportiva.com\/albertohelena\/wp-json\/wp\/v2\/media\/13228"}],"wp:attachment":[{"href":"https:\/\/blogs.gazetaesportiva.com\/albertohelena\/wp-json\/wp\/v2\/media?parent=13227"}],"wp:term":[{"taxonomy":"category","embeddable":true,"href":"https:\/\/blogs.gazetaesportiva.com\/albertohelena\/wp-json\/wp\/v2\/categories?post=13227"},{"taxonomy":"post_tag","embeddable":true,"href":"https:\/\/blogs.gazetaesportiva.com\/albertohelena\/wp-json\/wp\/v2\/tags?post=13227"}],"curies":[{"name":"wp","href":"https:\/\/api.w.org\/{rel}","templated":true}]}}